{"id":143193,"date":"2025-09-27T23:42:12","date_gmt":"2025-09-27T23:42:12","guid":{"rendered":"https:\/\/www.europesays.com\/es\/143193\/"},"modified":"2025-09-27T23:42:12","modified_gmt":"2025-09-27T23:42:12","slug":"estreno-a-lo-grande-para-un-cb-zamora-que-arrolla-sin-piedad-a-alega-cantabria","status":"publish","type":"post","link":"https:\/\/www.europesays.com\/es\/143193\/","title":{"rendered":"Estreno a lo grande para un CB Zamora que arrolla sin piedad a Alega Cantabria"},"content":{"rendered":"<p class=\"paragraph-atom &#10;        A-500-300-700-N A-550-300-700-N--md  \">Llegaba la hora de la verdad para el CB Zamora, con el esperado estreno de los de Saulo Hern\u00e1ndez en su segunda temporada en Primera FEB. En este primer encuentro del curso se med\u00edan a domicilio a Grupo Alega Cantabria y <strong>los zamoranos no solo estuvieron a la altura de la cita, sino que han entrado en el curso a lo grande.<\/strong><\/p>\n<p class=\"paragraph-atom &#10;        A-500-300-700-N A-550-300-700-N--md  \">Comandados por <strong>Ty Roberts, con 24 puntos, y Colby Rogers, con otros 20<\/strong>, el CB Zamora se impuso por un<strong> incontestable 72 &#8211; 96.<\/strong> Tal fue el dominio visitante en el Pabell\u00f3n Vicente Trueba de Torrelavega que <strong>el marcador al descanso ya reflejaba un 37 &#8211; 52<\/strong> que demostraba que el CB Zamora hab\u00eda llegado a tierras c\u00e1ntabras con el firme convencimiento de volver a casa con la primera victoria en el zurr\u00f3n.<\/p>\n<p class=\"paragraph-atom &#10;        A-500-300-700-N A-550-300-700-N--md  \"><strong>Ni los 16 puntos de Reggie Jonhson Jr., ni los 14 de Alderete<\/strong> lograron desestabilizar a un CB Zamora que, si bien cedi\u00f3 el parcial en el \u00faltimo cuarto, no levant\u00f3 el pie del acelerador en ning\u00fan momento y avasall\u00f3 a su rival desde los primeros compases del partido. <\/p>\n<p class=\"paragraph-atom &#10;        A-500-300-700-N A-550-300-700-N--md  \">As\u00ed, <strong>con esa diferencia de 24 puntos el CB Zamora certificaba su estreno a lo grande en su segunda temporada en la categor\u00eda de plata del baloncesto espa\u00f1ol<\/strong>. El pr\u00f3ximo fin de semana,<strong> el \u00c1ngel Nieto ser\u00e1 el escenario para revalidar estas buenas sensaciones con el encuentro ante Tizona.<\/strong><\/p>\n","protected":false},"excerpt":{"rendered":"Llegaba la hora de la verdad para el CB Zamora, con el esperado estreno de los de Saulo&hellip;\n","protected":false},"author":2,"featured_media":143194,"comment_status":"","ping_status":"","sticky":false,"template":"","format":"standard","meta":{"footnotes":""},"categories":[269],"tags":[18515,299,298,2609,168,25,24,1055,699,23,167,2946],"class_list":{"0":"post-143193","1":"post","2":"type-post","3":"status-publish","4":"format-standard","5":"has-post-thumbnail","7":"category-baloncesto","8":"tag-arrolla","9":"tag-baloncesto","10":"tag-basketball","11":"tag-cb","12":"tag-deportes","13":"tag-es","14":"tag-espana","15":"tag-estreno","16":"tag-grande","17":"tag-spain","18":"tag-sports","19":"tag-zamora"},"share_on_mastodon":{"url":"","error":""},"_links":{"self":[{"href":"https:\/\/www.europesays.com\/es\/wp-json\/wp\/v2\/posts\/143193","targetHints":{"allow":["GET"]}}],"collection":[{"href":"https:\/\/www.europesays.com\/es\/wp-json\/wp\/v2\/posts"}],"about":[{"href":"https:\/\/www.europesays.com\/es\/wp-json\/wp\/v2\/types\/post"}],"author":[{"embeddable":true,"href":"https:\/\/www.europesays.com\/es\/wp-json\/wp\/v2\/users\/2"}],"replies":[{"embeddable":true,"href":"https:\/\/www.europesays.com\/es\/wp-json\/wp\/v2\/comments?post=143193"}],"version-history":[{"count":0,"href":"https:\/\/www.europesays.com\/es\/wp-json\/wp\/v2\/posts\/143193\/revisions"}],"wp:featuredmedia":[{"embeddable":true,"href":"https:\/\/www.europesays.com\/es\/wp-json\/wp\/v2\/media\/143194"}],"wp:attachment":[{"href":"https:\/\/www.europesays.com\/es\/wp-json\/wp\/v2\/media?parent=143193"}],"wp:term":[{"taxonomy":"category","embeddable":true,"href":"https:\/\/www.europesays.com\/es\/wp-json\/wp\/v2\/categories?post=143193"},{"taxonomy":"post_tag","embeddable":true,"href":"https:\/\/www.europesays.com\/es\/wp-json\/wp\/v2\/tags?post=143193"}],"curies":[{"name":"wp","href":"https:\/\/api.w.org\/{rel}","templated":true}]}}