{"id":143205,"date":"2025-09-27T23:52:12","date_gmt":"2025-09-27T23:52:12","guid":{"rendered":"https:\/\/www.europesays.com\/es\/143205\/"},"modified":"2025-09-27T23:52:12","modified_gmt":"2025-09-27T23:52:12","slug":"sonia-moldes-detalla-como-lequio-orquesto-la-ruptura-entre-mar-flores-y-fernandez-tapias","status":"publish","type":"post","link":"https:\/\/www.europesays.com\/es\/143205\/","title":{"rendered":"Sonia Moldes detalla c\u00f3mo Lequio orquest\u00f3 la ruptura entre Mar Flores y Fern\u00e1ndez Tapias"},"content":{"rendered":"<p><a class=\"v-mdl-ath__fig-a\" href=\"https:\/\/www.elcorreo.com\/autor\/johana-gil-6178.html\" title=\"Johana Gil\" rel=\"nofollow noopener\" target=\"_blank\"><br \/>\n<img decoding=\"async\" class=\"v-mdl-ath__img\" src=\"https:\/\/www.europesays.com\/es\/wp-content\/uploads\/2025\/09\/autor-6178-foto-2.jpeg\" alt=\"Johana Gil\"\/><br \/>\n<\/a><\/p>\n<p class=\"v-mdl-ath__p v-mdl-ath__p--6\">\nS\u00e1bado, 27 de septiembre 2025, 11:01<\/p>\n<p>| Actualizado 11:33h.<\/p>\n<p class=\"v-p\">Sonia Moldes ha reaparecido en la televisi\u00f3n con fuerza. En su reciente visita al programa &#8216;\u00a1De Viernes!&#8217;, la exmodelo gallega ha desvelado los detalles de uno de los episodios m\u00e1s medi\u00e1ticos de los a\u00f1os 90, la relaci\u00f3n entre Alessandro Lequio y Mar Flores. La entrevista llega poco despu\u00e9s de que Flores haya publicado sus memorias.<\/p>\n<p class=\"v-p\">Seg\u00fan Moldes, el conde le confes\u00f3 personalmente que su intenci\u00f3n era provocar la ruptura entre la modelo y el empresario Fernando Fern\u00e1ndez Tapias. Y lo hizo, asegura, a trav\u00e9s de una estrategia planificada con precisi\u00f3n. \u00abEstaba muy enamorado de Mar\u00bb. <\/p>\n<p class=\"v-p\">Las ya conocidas fotograf\u00edas junto a una farola habr\u00edan sido parte de ese plan, seg\u00fan su testimonio. \u00abLo hizo para que Fernando les pillara y la dejara. Y as\u00ed poder estar con ella\u00bb. Sin embargo, aquello no fue suficiente. <\/p>\n<p class=\"v-p\">Asegura que, cuando la modelo le confes\u00f3 que hab\u00eda sido perdonada, el arist\u00f3crata decidi\u00f3 filtrar nuevas im\u00e1genes comprometedoras. \u00abAh\u00ed s\u00ed lleg\u00f3 la ruptura definitiva\u00bb, afirma. De hecho, Intervi\u00fa public\u00f3 en su portada a Lequio y Flores en una cama, destapando la infidelidad. Esta escena coincidi\u00f3 con la relaci\u00f3n que Moldes ten\u00eda con el conde. Ambos fueron pareja oficial entre 1997 y 1999. <\/p>\n<p class=\"v-p\">Uno de los momentos m\u00e1s delicados de las \u00abconfesiones\u00bb de Moldes ha sido cuando asegur\u00f3 que Lequio habr\u00eda grabado a varias mujeres famosas sin su consentimiento. Explic\u00f3 que descubri\u00f3 una rejilla extra\u00f1a en el techo de la habitaci\u00f3n del conde y que, al preguntarle, \u00e9l simplemente se ri\u00f3. \u00abEres la primera persona que se ha dado cuenta de eso\u00bb, sentenci\u00f3.<\/p>\n<p class=\"v-p\">\u00abNo s\u00e9 qu\u00e9 quer\u00eda hacer con ese material, pero algo bueno no era. \u00bfChantajear? No lo s\u00e9\u00bb, declar\u00f3 con contundencia.<\/p>\n<p>Comenta<\/p>\n<p>Reporta un error<\/p>\n","protected":false},"excerpt":{"rendered":"S\u00e1bado, 27 de septiembre 2025, 11:01 | Actualizado 11:33h. Sonia Moldes ha reaparecido en la televisi\u00f3n con fuerza.&hellip;\n","protected":false},"author":2,"featured_media":143206,"comment_status":"","ping_status":"","sticky":false,"template":"","format":"standard","meta":{"footnotes":""},"categories":[91],"tags":[146,147,25,24,10994,9646,35829,195,44093,44313,1789,24555,26026,23,44314],"class_list":{"0":"post-143205","1":"post","2":"type-post","3":"status-publish","4":"format-standard","5":"has-post-thumbnail","7":"category-entretenimiento","8":"tag-entertainment","9":"tag-entretenimiento","10":"tag-es","11":"tag-espana","12":"tag-fernandez","13":"tag-flores","14":"tag-lequio","15":"tag-mar","16":"tag-moldes","17":"tag-orquesto","18":"tag-revela","19":"tag-ruptura","20":"tag-sonia","21":"tag-spain","22":"tag-tapias"},"share_on_mastodon":{"url":"","error":""},"_links":{"self":[{"href":"https:\/\/www.europesays.com\/es\/wp-json\/wp\/v2\/posts\/143205","targetHints":{"allow":["GET"]}}],"collection":[{"href":"https:\/\/www.europesays.com\/es\/wp-json\/wp\/v2\/posts"}],"about":[{"href":"https:\/\/www.europesays.com\/es\/wp-json\/wp\/v2\/types\/post"}],"author":[{"embeddable":true,"href":"https:\/\/www.europesays.com\/es\/wp-json\/wp\/v2\/users\/2"}],"replies":[{"embeddable":true,"href":"https:\/\/www.europesays.com\/es\/wp-json\/wp\/v2\/comments?post=143205"}],"version-history":[{"count":0,"href":"https:\/\/www.europesays.com\/es\/wp-json\/wp\/v2\/posts\/143205\/revisions"}],"wp:featuredmedia":[{"embeddable":true,"href":"https:\/\/www.europesays.com\/es\/wp-json\/wp\/v2\/media\/143206"}],"wp:attachment":[{"href":"https:\/\/www.europesays.com\/es\/wp-json\/wp\/v2\/media?parent=143205"}],"wp:term":[{"taxonomy":"category","embeddable":true,"href":"https:\/\/www.europesays.com\/es\/wp-json\/wp\/v2\/categories?post=143205"},{"taxonomy":"post_tag","embeddable":true,"href":"https:\/\/www.europesays.com\/es\/wp-json\/wp\/v2\/tags?post=143205"}],"curies":[{"name":"wp","href":"https:\/\/api.w.org\/{rel}","templated":true}]}}