{"id":143214,"date":"2025-09-27T23:57:27","date_gmt":"2025-09-27T23:57:27","guid":{"rendered":"https:\/\/www.europesays.com\/es\/143214\/"},"modified":"2025-09-27T23:57:27","modified_gmt":"2025-09-27T23:57:27","slug":"la-flotilla-informa-de-que-entrara-en-la-zona-de-alto-riesgo-dentro-de-dos-dias","status":"publish","type":"post","link":"https:\/\/www.europesays.com\/es\/143214\/","title":{"rendered":"La Flotilla informa de que entrar\u00e1 en la \u00abzona de alto riesgo\u00bb dentro de dos d\u00edas"},"content":{"rendered":"<p><img id=\"fotoPrincipalNoticia\" src=\"https:\/\/www.europesays.com\/es\/wp-content\/uploads\/2025\/09\/fotonoticia_20250927195831_690.jpg\" loading=\"eager\" decoding=\"async\" style=\"view-transition-name: fechor_20250927195831;\" border=\"0\" alt=\"Posici\u00f3n de la Global Sumud Flotilla de camino a la Franja de Gaza\" fetchpriority=\"high\" title=\"La Flotilla informa de que entrar\u00e1 en la &quot;zona de alto riesgo&quot; dentro de dos d\u00edas\" width=\"690\" height=\"404\" itemprop=\"image\"\/><\/p>\n<p>Posici\u00f3n de la Global Sumud Flotilla de camino a la Franja de Gaza &#8211; GSF<\/p>\n<p><strong><a style=\"color:#cc0000\" href=\"https:\/\/www.europapress.es\/internacional\/noticia-gaza-directo-ultima-hora-conflicto-oriente-proximo-20250923074449.html\" title=\"Sigue en directo las \u00faltimas noticias sobre la guerra en Oriente Pr\u00f3ximo\" rel=\"nofollow noopener\" target=\"_blank\">Sigue en directo las \u00faltimas noticias sobre la guerra en Oriente Pr\u00f3ximo<\/a><\/strong><\/p>\n<p>    MADRID 27 Sep. (EUROPA PRESS) &#8211; <\/p>\n<p>   La Global Sumud Flotilla que viaja por el Mediterr\u00e1neo hacia la Franja de Gaza ha informado este s\u00e1bado de que retoma la marcha y de que entrar\u00e1 en la \u00abzona de alto riesgo\u00bb dentro de dos d\u00edas.<\/p>\n<p>   \u00abLa flotilla entrar\u00e1 en dos d\u00edas en la zona de alto riesgo, donde la vigilancia y la solidaridad globales son m\u00e1s necesarias que nunca\u00bb, ha informado la organizaci\u00f3n en un comunicado.<\/p>\n<p>   Dos de los buques de la flotilla, el &#8216;Yulara&#8217; y el &#8216;Catalina&#8217; se han reincorporado al trayecto rumbo a Gaza tras una parada t\u00e9cnica \u00abpara evaluar cuestiones mec\u00e1nicas\u00bb. \u00abAhora est\u00e1n a solo 463 millas n\u00e1uticas de Gaza y su llegada estimada es en 4-7 d\u00edas\u00bb, ha a\u00f1adido.<\/p>\n<p>   \u00abCada actualizaci\u00f3n es importante. Cada testigo es importante. Por favor, mantened vuestros ojos en ellos porque su seguridad depende de que el mundo mire\u00bb, han argumentado. \u00ab\u00danete a nosotros. Paremos el genocidio. Mantened vuestros ojos en Gaza\u00bb, ha concluido.<\/p>\n<p>   Cerca de 50 embarcaciones de 40 pa\u00edses forman la Global Sumud Flotilla que parti\u00f3 desde Barcelona en junio con la intenci\u00f3n de llevar ayuda humanitaria a la Franja de Gaza, objetivo de una ofensiva militar israel\u00ed. Anteriores iniciativas similares han sido abordadas por fuerzas militares israel\u00edes en aguas internacionales y llevadas por la fuerza a un puerto israel\u00ed despu\u00e9s de lo cual los activistas han sido deportados.<\/p>\n<p>   La flotilla ha denunciado en estos \u00faltimos d\u00edas haber sufrido varios ataques y ha se\u00f1alado directamente a Israel, tras lo cual Italia, Espa\u00f1a y Grecia han anunciado el env\u00edo de embarcaciones militares de escolta.<\/p>\n","protected":false},"excerpt":{"rendered":"Posici\u00f3n de la Global Sumud Flotilla de camino a la Franja de Gaza &#8211; GSF Sigue en directo&hellip;\n","protected":false},"author":2,"featured_media":143215,"comment_status":"","ping_status":"","sticky":false,"template":"","format":"standard","meta":{"footnotes":""},"categories":[5],"tags":[17,18,25,24,13,14,11,19,20,9,10,15,16,23,12,21,22],"class_list":{"0":"post-143214","1":"post","2":"type-post","3":"status-publish","4":"format-standard","5":"has-post-thumbnail","7":"category-titulares","8":"tag-breaking-news","9":"tag-breakingnews","10":"tag-es","11":"tag-espana","12":"tag-featured-news","13":"tag-featurednews","14":"tag-headlines","15":"tag-latest-news","16":"tag-latestnews","17":"tag-news","18":"tag-noticias","19":"tag-noticias-destacadas","20":"tag-noticiasdestacadas","21":"tag-spain","22":"tag-titulares","23":"tag-ultimas-noticias","24":"tag-ultimasnoticias"},"share_on_mastodon":{"url":"","error":""},"_links":{"self":[{"href":"https:\/\/www.europesays.com\/es\/wp-json\/wp\/v2\/posts\/143214","targetHints":{"allow":["GET"]}}],"collection":[{"href":"https:\/\/www.europesays.com\/es\/wp-json\/wp\/v2\/posts"}],"about":[{"href":"https:\/\/www.europesays.com\/es\/wp-json\/wp\/v2\/types\/post"}],"author":[{"embeddable":true,"href":"https:\/\/www.europesays.com\/es\/wp-json\/wp\/v2\/users\/2"}],"replies":[{"embeddable":true,"href":"https:\/\/www.europesays.com\/es\/wp-json\/wp\/v2\/comments?post=143214"}],"version-history":[{"count":0,"href":"https:\/\/www.europesays.com\/es\/wp-json\/wp\/v2\/posts\/143214\/revisions"}],"wp:featuredmedia":[{"embeddable":true,"href":"https:\/\/www.europesays.com\/es\/wp-json\/wp\/v2\/media\/143215"}],"wp:attachment":[{"href":"https:\/\/www.europesays.com\/es\/wp-json\/wp\/v2\/media?parent=143214"}],"wp:term":[{"taxonomy":"category","embeddable":true,"href":"https:\/\/www.europesays.com\/es\/wp-json\/wp\/v2\/categories?post=143214"},{"taxonomy":"post_tag","embeddable":true,"href":"https:\/\/www.europesays.com\/es\/wp-json\/wp\/v2\/tags?post=143214"}],"curies":[{"name":"wp","href":"https:\/\/api.w.org\/{rel}","templated":true}]}}