{"id":143221,"date":"2025-09-28T00:05:12","date_gmt":"2025-09-28T00:05:12","guid":{"rendered":"https:\/\/www.europesays.com\/es\/143221\/"},"modified":"2025-09-28T00:05:12","modified_gmt":"2025-09-28T00:05:12","slug":"casademont-zaragoza-hempe-y-pueyo-brillan-en-el-flojo-debut-de-leite-el-uno-a-uno-del-casademont-zaragoza-jairis","status":"publish","type":"post","link":"https:\/\/www.europesays.com\/es\/143221\/","title":{"rendered":"Casademont Zaragoza | Hempe y Pueyo brillan en el flojo debut de Leite. El uno a uno del Casademont Zaragoza-Jairis"},"content":{"rendered":"<p class=\"ft-text\">El uno a uno de las jugadoras del Casademont Zaragoza en la semifinal de la Supercopa:<\/p>\n<p class=\"ft-text\"><strong>Hempe | 9 |<\/strong><\/p>\n<p class=\"ft-text\">Inmensa. La p\u00edvot dio un recital por dentro y por fuera con puntos claves.<\/p>\n<p class=\"ft-text\"><strong>Mariona | 6 |<\/strong><\/p>\n<p class=\"ft-text\">Lista. Vio que su equipo no necesitaba una versi\u00f3n superlativa suya y se limit\u00f3 a marcar el ritmo.<\/p>\n<p class=\"ft-text\"><strong>Leite | 5 |<\/strong><\/p>\n<p class=\"ft-text\">T\u00edmida. No tuvo un buen estreno. Empez\u00f3 regular y eso hizo que no se atreviera demasiado.<\/p>\n<p class=\"ft-text\"><strong>Flores | 5 |<\/strong><\/p>\n<p class=\"ft-text\">Dos caras. Bien en defensa, mal en ataque. Cl\u00e1sico partido de la base.<\/p>\n<p class=\"ft-text\"><strong>Oma | 5 |<\/strong><\/p>\n<p class=\"ft-text\">Desapercibida. La catalana no fue protagonista en los 10 minutos que jug\u00f3.<\/p>\n<p class=\"ft-text\"><strong>Vorackova | 5 |<\/strong><\/p>\n<p class=\"ft-text\">Indecisa. Est\u00e1 sin confianza y se le nota. Altern\u00f3 buenas acciones con otras incomprensibles.<\/p>\n<p class=\"ft-text\"><strong>Bankol\u00e9 | 5 |<\/strong><\/p>\n<p class=\"ft-text\">Intensa. Derroche f\u00edsico de la francesa, aunque su actuaci\u00f3n no fue vistosa.<\/p>\n<p class=\"ft-text\"><strong>Pueyo | 9 |<\/strong><\/p>\n<p class=\"ft-text\">Inspirada. La joven est\u00e1 de dulce. Le sale casi todo que intenta.<\/p>\n<p class=\"ft-text\"><strong>Fingall | 6 |<\/strong><\/p>\n<p class=\"ft-text\">Trabajadora. +21 con ella en pista. No tuvo acierto de cara al aro, pero sum\u00f3 mucho en los intangibles.<\/p>\n<p class=\"ft-text\"><strong>Mawuli | 5 |<\/strong><\/p>\n<p class=\"ft-text\">Oportuna. Apareci\u00f3 en alguno de los momentos que decantaron la balanza.<\/p>\n<p class=\"ft-text\"><strong>Gueye | 5 |<\/strong><\/p>\n<p class=\"ft-text\">Irregular. Sum\u00f3 en ataque, pero en defensa tambi\u00e9n cost\u00f3 puntos.<\/p>\n<p class=\"ft-text\"><strong>Hermosa | &#8211; |<\/strong><\/p>\n<p class=\"ft-text\">Espectadora. La espa\u00f1ola a\u00fan no est\u00e1 para jugar.<\/p>\n","protected":false},"excerpt":{"rendered":"El uno a uno de las jugadoras del Casademont Zaragoza en la semifinal de la Supercopa: Hempe |&hellip;\n","protected":false},"author":2,"featured_media":143222,"comment_status":"","ping_status":"","sticky":false,"template":"","format":"standard","meta":{"footnotes":""},"categories":[269],"tags":[299,298,24653,5369,5145,5437,168,25,24,36955,31933,44315,1045,44316,23,167],"class_list":{"0":"post-143221","1":"post","2":"type-post","3":"status-publish","4":"format-standard","5":"has-post-thumbnail","7":"category-baloncesto","8":"tag-baloncesto","9":"tag-basketball","10":"tag-brillan","11":"tag-casademont-zaragoza","12":"tag-clasico","13":"tag-debut","14":"tag-deportes","15":"tag-es","16":"tag-espana","17":"tag-flojo","18":"tag-gueye","19":"tag-hempe","20":"tag-partido","21":"tag-pueyo","22":"tag-spain","23":"tag-sports"},"share_on_mastodon":{"url":"","error":""},"_links":{"self":[{"href":"https:\/\/www.europesays.com\/es\/wp-json\/wp\/v2\/posts\/143221","targetHints":{"allow":["GET"]}}],"collection":[{"href":"https:\/\/www.europesays.com\/es\/wp-json\/wp\/v2\/posts"}],"about":[{"href":"https:\/\/www.europesays.com\/es\/wp-json\/wp\/v2\/types\/post"}],"author":[{"embeddable":true,"href":"https:\/\/www.europesays.com\/es\/wp-json\/wp\/v2\/users\/2"}],"replies":[{"embeddable":true,"href":"https:\/\/www.europesays.com\/es\/wp-json\/wp\/v2\/comments?post=143221"}],"version-history":[{"count":0,"href":"https:\/\/www.europesays.com\/es\/wp-json\/wp\/v2\/posts\/143221\/revisions"}],"wp:featuredmedia":[{"embeddable":true,"href":"https:\/\/www.europesays.com\/es\/wp-json\/wp\/v2\/media\/143222"}],"wp:attachment":[{"href":"https:\/\/www.europesays.com\/es\/wp-json\/wp\/v2\/media?parent=143221"}],"wp:term":[{"taxonomy":"category","embeddable":true,"href":"https:\/\/www.europesays.com\/es\/wp-json\/wp\/v2\/categories?post=143221"},{"taxonomy":"post_tag","embeddable":true,"href":"https:\/\/www.europesays.com\/es\/wp-json\/wp\/v2\/tags?post=143221"}],"curies":[{"name":"wp","href":"https:\/\/api.w.org\/{rel}","templated":true}]}}