{"id":143238,"date":"2025-09-28T00:18:14","date_gmt":"2025-09-28T00:18:14","guid":{"rendered":"https:\/\/www.europesays.com\/es\/143238\/"},"modified":"2025-09-28T00:18:14","modified_gmt":"2025-09-28T00:18:14","slug":"alemania-califica-gaza-de-infierno-en-la-tierra-y-pide-la-solucion-de-los-dos-estados-ante-la-onu","status":"publish","type":"post","link":"https:\/\/www.europesays.com\/es\/143238\/","title":{"rendered":"Alemania califica Gaza de \u201cinfierno en la Tierra\u201d y pide la soluci\u00f3n de los dos Estados ante la ONU"},"content":{"rendered":"<p data-gtm-element-container=\"modulo-texto-link\" class=\"paragraph\">El ministro de Exteriores alem\u00e1n, Johann Wadephul, calific\u00f3 este s\u00e1bado la situaci\u00f3n en Gaza de \u201cinfierno en la Tierra\u201d y \u201cpesadilla humanitaria\u201d y reiter\u00f3 su apoyo a una soluci\u00f3n con dos Estados como \u00fanica salida para el conflicto en Oriente Medio durante su intervenci\u00f3n ante la Asamblea General de la ONU.<\/p>\n<p data-gtm-element-container=\"modulo-texto-link\" class=\"paragraph\">\u201cEsta guerra debe terminar. Los rehenes deben ser liberados. La existencia y la seguridad de Israel ser\u00e1n siempre parte de nuestra raz\u00f3n de Estado\u201d, asever\u00f3 durante un discurso breve en el que reemplaz\u00f3 al canciller Friedrich Merz, cuya ausencia de la Asamblea General fue objeto de cr\u00edticas en Alemania.<\/p>\n<p>        Lee tambi\u00e9n<\/p>\n<p>    Enric Juliana<\/p>\n<p>             <img loading=\"lazy\" decoding=\"async\" data-full-src=\"https:\/\/www.lavanguardia.com\/uploads\/2025\/09\/27\/68d7668ce6ec0.jpeg\" alt=\"Flotilla hacia Gaza, drones en Dinamarca | Enfoque Enric Juliana\" width=\"104\" height=\"108\" src=\"https:\/\/www.europesays.com\/es\/wp-content\/uploads\/2025\/09\/68d7668ce6ec0.jpeg\" class=\"lazy\"\/><\/p>\n<p data-gtm-element-container=\"modulo-texto-link\" class=\"paragraph\">Wadephul afirm\u00f3 que debe haber un futuro \u201cen libertad y dignidad para todos\u201d en Oriente Medio y que la \u00fanica soluci\u00f3n viable pasa por \u201cdos Estados para dos pueblos\u201d.<\/p>\n<p data-gtm-element-container=\"modulo-texto-link\" class=\"paragraph\">El ministro tambi\u00e9n aludi\u00f3 a las sanciones de Naciones Unidas contra Ir\u00e1n, cuya reimposici\u00f3n fue desencadenada por Alemania, Francia y Reino Unido y que entrar\u00e1n en vigor este mismo s\u00e1bado.<\/p>\n<p>                <img loading=\"lazy\" decoding=\"async\" data-full-src=\"https:\/\/www.lavanguardia.com\/uploads\/2025\/09\/27\/68d82ebfc1542.jpeg\" alt=\"Horizontal\" width=\"449\" height=\"299\" src=\"https:\/\/www.europesays.com\/es\/wp-content\/uploads\/2025\/09\/68d82ebfc1542.jpeg\" class=\"lazy\"\/><\/p>\n<p class=\"caption-title \">Las colas del hambre en Gaza\u00a0<\/p>\n<p>                    Jehad Alshrafi \/ Ap-LaPresse<\/p>\n<p data-gtm-element-container=\"modulo-texto-link\" class=\"paragraph\">Wadephul denunci\u00f3 que Ir\u00e1n maneja una red de fuerzas armadas malignas que desestabilizan Oriente Medio y que desarrolla un programa nuclear que \u201cva m\u00e1s all\u00e1 de cualquier uso civil plausible\u201d y justific\u00f3 el recurso al mecanismo de reimposici\u00f3n de sanciones por el hecho de que Teher\u00e1n no cumple los acuerdos sobre este particular.<\/p>\n<p data-gtm-element-container=\"modulo-texto-link\" class=\"paragraph\">\u201cPero enfatizo: seguimos abiertos a negociaciones sobre un nuevo acuerdo. La diplomacia puede y debe continuar\u201d, remach\u00f3.<\/p>\n<p data-gtm-element-container=\"modulo-texto-link\" class=\"paragraph\">El ministro tambi\u00e9n aludi\u00f3 a la invasi\u00f3n rusa de Ucrania, que seg\u00fan dijo demuestra el desprecio de Mosc\u00fa por la m\u00e1s fundamental de las reglas de la carta de la ONU, la obligaci\u00f3n de renunciar al uso de la fuerza, al iniciar una agresi\u00f3n.<\/p>\n<p>        Lee tambi\u00e9n<\/p>\n<p>    La Vanguardia<\/p>\n<p>             <img loading=\"lazy\" decoding=\"async\" data-full-src=\"https:\/\/www.lavanguardia.com\/uploads\/2025\/09\/27\/68d820cd6ec43.jpeg\" alt=\"Horizontal\" width=\"104\" height=\"108\" src=\"https:\/\/www.europesays.com\/es\/wp-content\/uploads\/2025\/09\/68d820cd6ec43.r_d.2172-1547.jpeg\" class=\"lazy\"\/><\/p>\n<p data-gtm-element-container=\"modulo-texto-link\" class=\"paragraph\">Wadephul se pronunci\u00f3 adem\u00e1s sobre la necesidad de una reforma de las instituciones de la ONU tras 80 a\u00f1os, porque \u201cdeben representar al mundo actual\u201d.<\/p>\n<p data-gtm-element-container=\"modulo-texto-link\" class=\"paragraph\">As\u00ed, el Consejo de Seguridad deber\u00eda contar con m\u00e1s miembros permanentes y no permanentes, argument\u00f3, y se\u00f1al\u00f3 que en concreto los puestos permanentes deber\u00edan ir a parar a regiones infrarrepresentadas, como \u00c1frica, Asia y Am\u00e9rica Latina.\u00a0<\/p>\n","protected":false},"excerpt":{"rendered":"El ministro de Exteriores alem\u00e1n, Johann Wadephul, calific\u00f3 este s\u00e1bado la situaci\u00f3n en Gaza de \u201cinfierno en la&hellip;\n","protected":false},"author":2,"featured_media":143239,"comment_status":"","ping_status":"","sticky":false,"template":"","format":"standard","meta":{"footnotes":""},"categories":[42],"tags":[17,18,13,14,11,61,62,63,64,19,20,9,10,15,16,12,21,22,65,66,67],"class_list":{"0":"post-143238","1":"post","2":"type-post","3":"status-publish","4":"format-standard","5":"has-post-thumbnail","7":"category-internacional","8":"tag-breaking-news","9":"tag-breakingnews","10":"tag-featured-news","11":"tag-featurednews","12":"tag-headlines","13":"tag-internacional","14":"tag-international","15":"tag-international-news","16":"tag-internationalnews","17":"tag-latest-news","18":"tag-latestnews","19":"tag-news","20":"tag-noticias","21":"tag-noticias-destacadas","22":"tag-noticiasdestacadas","23":"tag-titulares","24":"tag-ultimas-noticias","25":"tag-ultimasnoticias","26":"tag-world","27":"tag-world-news","28":"tag-worldnews"},"share_on_mastodon":{"url":"","error":""},"_links":{"self":[{"href":"https:\/\/www.europesays.com\/es\/wp-json\/wp\/v2\/posts\/143238","targetHints":{"allow":["GET"]}}],"collection":[{"href":"https:\/\/www.europesays.com\/es\/wp-json\/wp\/v2\/posts"}],"about":[{"href":"https:\/\/www.europesays.com\/es\/wp-json\/wp\/v2\/types\/post"}],"author":[{"embeddable":true,"href":"https:\/\/www.europesays.com\/es\/wp-json\/wp\/v2\/users\/2"}],"replies":[{"embeddable":true,"href":"https:\/\/www.europesays.com\/es\/wp-json\/wp\/v2\/comments?post=143238"}],"version-history":[{"count":0,"href":"https:\/\/www.europesays.com\/es\/wp-json\/wp\/v2\/posts\/143238\/revisions"}],"wp:featuredmedia":[{"embeddable":true,"href":"https:\/\/www.europesays.com\/es\/wp-json\/wp\/v2\/media\/143239"}],"wp:attachment":[{"href":"https:\/\/www.europesays.com\/es\/wp-json\/wp\/v2\/media?parent=143238"}],"wp:term":[{"taxonomy":"category","embeddable":true,"href":"https:\/\/www.europesays.com\/es\/wp-json\/wp\/v2\/categories?post=143238"},{"taxonomy":"post_tag","embeddable":true,"href":"https:\/\/www.europesays.com\/es\/wp-json\/wp\/v2\/tags?post=143238"}],"curies":[{"name":"wp","href":"https:\/\/api.w.org\/{rel}","templated":true}]}}