{"id":143242,"date":"2025-09-28T00:20:19","date_gmt":"2025-09-28T00:20:19","guid":{"rendered":"https:\/\/www.europesays.com\/es\/143242\/"},"modified":"2025-09-28T00:20:19","modified_gmt":"2025-09-28T00:20:19","slug":"simeone-celebra-el-partidazo-de-julian-alvarez-y-manda-un-mensaje-al-atletico-de-madrid","status":"publish","type":"post","link":"https:\/\/www.europesays.com\/es\/143242\/","title":{"rendered":"Simeone celebra el partidazo de Juli\u00e1n \u00c1lvarez y manda un mensaje al Atl\u00e9tico de Madrid"},"content":{"rendered":"\n<p>M\u00e1s noticias<\/p>\n<p><a class=\"info_masnoticias\" href=\"https:\/\/www.eldesmarque.com\/futbol\/atletico-de-madrid\/\" rel=\"nofollow noopener\" target=\"_blank\"><br \/>\nM\u00e1s de<br \/>\nM\u00e1s noticias de<br \/>\nAtl\u00e9tico de Madrid<br \/>\n<\/a><\/p>\n<p>El <strong>Atl\u00e9tico de Madrid<\/strong> vivi\u00f3 este s\u00e1bado una fiesta en el Riyadh Air Metropolitano con su <a href=\"https:\/\/www.eldesmarque.com\/futbol\/liga-1a-division\/20250927\/atletico-de-madrid-real-madrid-directo-laliga-ea-sports-goles-mejores-jugadas-ultima-hora-d1rect0_300768300.html\" rel=\"nofollow noopener\" target=\"_blank\"><strong>goleada por 5-2 ante el Real Madrid<\/strong><\/a> en un derbi de claro color rojiblanco en el que <a href=\"https:\/\/www.eldesmarque.com\/futbol\/atletico-de-madrid\/20250927\/simeone-llorando-gol-julian-alvarez-madrid-atletico_300768845.html\" rel=\"nofollow noopener\" target=\"_blank\">Diego Pablo Simeone incluso se emocion\u00f3<\/a> con el golazo de falta directa de Juli\u00e1n \u00c1lvarez. Sobre su compatriota habl\u00f3 el Cholo <strong>mandando un mensaje para \u00abcuidarle\u00bb explicando su plan y celebrando el gran rendimiento del equipo<\/strong>.<\/p>\n<p>Diego Pablo Simeone en DAZN tras el derbi Atl\u00e9tico-Real Madrid<\/p>\n<p><strong>Celebraci\u00f3n con su palco<\/strong>: \u00abAcabo de ver a Leo Rodr\u00edguez, mi amigo, al que no esperaba ver y por eso me tom\u00e9 el momento de festejar\u00bb.<\/p>\n<p><strong>75 a\u00f1os sin marcarle 5 al Madrid<\/strong>: \u00abEs normal, el Madrid es uno de los mejores equipos del mundo sin lugar a dudas y hoy nos toc\u00f3 hacer un gran partido. En el inicio ya hubo un camino por donde sab\u00edamos que pod\u00edamos hacerles da\u00f1o y hubo rupturas por fuera de Nico, Barrios, Giuliano, Juli\u00e1n&#8230; sacando a los centrales por fuera y <a href=\"https:\/\/www.eldesmarque.com\/futbol\/atletico-de-madrid\/20250927\/alexander-sorloth-jugo-segunda-amarilla-loca-celebracion-grada_300768810.html\" rel=\"nofollow noopener\" target=\"_blank\">dejando a Sorloth en el \u00e1rea<\/a> para poder generar situaciones de gol. Se entendi\u00f3 bien y, m\u00e1s all\u00e1 de los dos goles de ellos, el equipo siempre se sinti\u00f3 bien\u00bb.<\/p>\n<p><strong>Celebraci\u00f3n llorando en el gol de Juli\u00e1n<\/strong>: \u00abHay muchas emociones dentro del cuerpo. Es una temporada que empez\u00f3 con dificultades, hay mucho esfuerzo de mucha gente que no se ve y el trabajo est\u00e1 siendo maravilloso\u00bb.<\/p>\n<p><strong>Sensaci\u00f3n para el cambio<\/strong>: \u00abLa fe, el trabajo, la tranquilidad, el saber lo que queremos hacer&#8230; identificamos bien las situaciones a mejorar y el equipo ya desde el Liverpool fue mejorando y hoy hizo un partido muy bueno\u00bb.<\/p>\n<p><strong>La clave en la reacci\u00f3n<\/strong>: \u00abEl trabajo colectivo y la fe en lo que buscamos hacer en el partido. Lo que se hizo fue lo que buscamos con gente por fuera y buscando a Sorloth, que pudo hacer dos m\u00e1s. Interpretamos bien el partido y creo que nuestra gente se lleva hoy una alegr\u00eda contra un gran rival que encajaba poco y que tiene un equipazo. Y hoy fuimos mejores\u00bb.<\/p>\n<p><strong>Liderazgo de Juli\u00e1n \u00c1lvarez<\/strong>: \u00abLo que vengo diciendo, \u00e9l est\u00e1 comprometido con el equipo y el club y es muy bueno. Tiene unas grandes condiciones y una cosa que ten\u00eda Iv\u00e1n Zamorano que no siempre tiene un delantero: que trabaja. No solo en el juego ofensivo, tambi\u00e9n tiene compromiso, ubic\u00e1ndole en cualquier lugar para una buena presi\u00f3n que le hace mejor. Lo necesitamos, le tenemos que cuidar y ojal\u00e1 este muchos a\u00f1os en el club\u00bb.<\/p>\n<p><strong>En qu\u00e9 hay que cuidar a Juli\u00e1n \u00c1lvarez<\/strong>: \u00abLe tenemos quedar herramientas para que haga goles. Los delanteros necesitan goles para ser felices. Ahora est\u00e1 volviendo, ele equipo est\u00e1 ayudando y \u00e9l est\u00e1 muy bien\u00bb.<\/p>\n<p><strong>La tranquilidad, fundamental para mejorar los resultados<\/strong>: \u00abCuando uno pierde es dif\u00edcil hablar porque todo parece una excusa. Vinieron ocho chicos nuevos este verano y siete el a\u00f1o pasado y no es f\u00e1cil cambiar y volver a empezar. Esta temporada empez\u00f3 con dificultades en los resultados a pesar de que merec\u00edamos m\u00e1s. Encajamos m\u00e1s goles de los que deber\u00edamos y entiendo que el equipo est\u00e1 por el buen camino. A partir de trabajar y creer en lo que hacemos, las cosas van a salir bien\u00bb.<\/p>\n<p><img decoding=\"async\" src=\"https:\/\/www.europesays.com\/es\/wp-content\/uploads\/2025\/09\/diego_pablo_simeone_002.jpg\" width=\"660\" height=\"auto\" alt=\"Diego Pablo Simeone, en el derbi Atl\u00e9tico-Real Madrid (Foto: Cordon Press).\"\/><br \/>\nDiego Pablo Simeone, en el derbi Atl\u00e9tico-Real Madrid (Foto: Cordon Press).<\/p>\n","protected":false},"excerpt":{"rendered":"M\u00e1s noticias M\u00e1s de M\u00e1s noticias de Atl\u00e9tico de Madrid El Atl\u00e9tico de Madrid vivi\u00f3 este s\u00e1bado una&hellip;\n","protected":false},"author":2,"featured_media":143243,"comment_status":"","ping_status":"","sticky":false,"template":"","format":"standard","meta":{"footnotes":""},"categories":[5],"tags":[17,18,25,24,13,14,11,19,20,9,10,15,16,23,12,21,22],"class_list":{"0":"post-143242","1":"post","2":"type-post","3":"status-publish","4":"format-standard","5":"has-post-thumbnail","7":"category-titulares","8":"tag-breaking-news","9":"tag-breakingnews","10":"tag-es","11":"tag-espana","12":"tag-featured-news","13":"tag-featurednews","14":"tag-headlines","15":"tag-latest-news","16":"tag-latestnews","17":"tag-news","18":"tag-noticias","19":"tag-noticias-destacadas","20":"tag-noticiasdestacadas","21":"tag-spain","22":"tag-titulares","23":"tag-ultimas-noticias","24":"tag-ultimasnoticias"},"share_on_mastodon":{"url":"","error":""},"_links":{"self":[{"href":"https:\/\/www.europesays.com\/es\/wp-json\/wp\/v2\/posts\/143242","targetHints":{"allow":["GET"]}}],"collection":[{"href":"https:\/\/www.europesays.com\/es\/wp-json\/wp\/v2\/posts"}],"about":[{"href":"https:\/\/www.europesays.com\/es\/wp-json\/wp\/v2\/types\/post"}],"author":[{"embeddable":true,"href":"https:\/\/www.europesays.com\/es\/wp-json\/wp\/v2\/users\/2"}],"replies":[{"embeddable":true,"href":"https:\/\/www.europesays.com\/es\/wp-json\/wp\/v2\/comments?post=143242"}],"version-history":[{"count":0,"href":"https:\/\/www.europesays.com\/es\/wp-json\/wp\/v2\/posts\/143242\/revisions"}],"wp:featuredmedia":[{"embeddable":true,"href":"https:\/\/www.europesays.com\/es\/wp-json\/wp\/v2\/media\/143243"}],"wp:attachment":[{"href":"https:\/\/www.europesays.com\/es\/wp-json\/wp\/v2\/media?parent=143242"}],"wp:term":[{"taxonomy":"category","embeddable":true,"href":"https:\/\/www.europesays.com\/es\/wp-json\/wp\/v2\/categories?post=143242"},{"taxonomy":"post_tag","embeddable":true,"href":"https:\/\/www.europesays.com\/es\/wp-json\/wp\/v2\/tags?post=143242"}],"curies":[{"name":"wp","href":"https:\/\/api.w.org\/{rel}","templated":true}]}}