{"id":143244,"date":"2025-09-28T00:21:12","date_gmt":"2025-09-28T00:21:12","guid":{"rendered":"https:\/\/www.europesays.com\/es\/143244\/"},"modified":"2025-09-28T00:21:12","modified_gmt":"2025-09-28T00:21:12","slug":"el-soliss-pozuelo-firma-tablas-con-el-anaitasuna","status":"publish","type":"post","link":"https:\/\/www.europesays.com\/es\/143244\/","title":{"rendered":"El Soliss Pozuelo firma tablas con el Anaitasuna"},"content":{"rendered":"<p>El Soliss Pozuelo debut\u00f3 en esta temporada con un empate (24-24) frente al Anaitasuna en un partido disputado en el pabell\u00f3n Las Espartanas marcado por el equilibrio.<\/p>\n<p>El equipo entrenado por Eusebio Angulo, que esta temporada ha apostado por la continuidad visto el gran final de pasada campa\u00f1a y que solamente ha incorporado a las chilenas Catalina Moreno y Antonia S\u00e1nchez, acarici\u00f3 la victoria, pues ganaba por la m\u00ednima en el \u00faltimo minuto, pero a escasos segundos el cuadro visitante marc\u00f3 el empate. Eusebio Angulo solicit\u00f3 tiempo muerto, pero el lanzamiento final a la desesperada de Selena Maitini lo detuvo la guardameta for\u00e1nea.<\/p>\n<p>Un empate que puede saber a poco y es que el Soliss Pozuelo fue ligeramente mejor en el primer periodo (14-11). El Anaitasuna equilibr\u00f3 el choque tras el descanso y se lleg\u00f3 a un final de infarto, en el que Elena D\u00edaz, desde el extremo, marcaba el 24-23. Tuvo bola para ponerse a dos, pero el lanzamiento lejano y sin portera se estrell\u00f3 en la madera y luego ya el Anaitasuna logr\u00f3 el 24-24 in extremis. En definitiva, un punto entre dos grandes conjuntos y que dar\u00e1n mucho que hablar esta temporada en esta Divisi\u00f3n de Honor Oro. Mar\u00eda Laguna, con 6 goles, y Nerea Aginagalde, con 5, fueron las m\u00e1ximas anotadoras de cada equipo.<\/p>\n<p>En la pr\u00f3xima jornada, el Soliss Pozuelo visitar\u00e1 al Ikasa Boadilla (s\u00e1bado 4, 20.30 h.).<\/p>\n<p><strong>FICHA T\u00c9CNICA.<\/strong><\/p>\n<p><strong>SOLISS BM POZUELO.\u00a0<\/strong>Paula Quiles Vera, Noelia Dom\u00ednguez Gallego (2), Mar\u00eda Laguna Contreras (6), Daniela Xiomara Vaucher (3), Paula L\u00f3pez Hern\u00e1ndez, Violeta Triguero S\u00e1nchez-Herrera, Martina Pilar Layus (4), Noelia Delfa Izquierdo (3), Catalina Francisca Moreno C\u00f3rdoba (1), Elena D\u00edaz Mart\u00edn (4), Andrea Su\u00e1rez S\u00e1nchez, Selena Maitini Belhits (1), Mar\u00eda Montoro S\u00e1nchez, Davinia Sobrino Mera, Miriam Candelas S\u00e1nchez-Carnerero, Mar\u00eda Triguero Chac\u00f3n.<\/p>\n<p><strong>ANAITASUNA.\u00a0<\/strong>Naia Hualde Zarraluqui, Natalia Ortiz Pozo (3), Andrea S\u00e1ez S\u00e1ez, Alba Afonso Castro, Alba Jurado Novillo (4), Irene Glaria Sanz (1), Nerea Aguinagalde Viguria (5), Naiara Bozal Larraz, Mar\u00eda Monllor Rib\u00f3 (3), Daniela Natale (3), Ainhoa Ram\u00edrez Guruziaga, Naroa Puncel Aizcorbe, Ane Garralda Soteras, Iraia Pilart Arlegui (3), Ingrid Fortu\u00f1o Mart\u00ed (2), Marta Jaques Gaspar.<\/p>\n<p><strong>\u00c1RBITROS.<\/strong> Alfredo Arcos Adeva y Alejandro Lozano Cubero. Excluyeron dos minutos a Noelia Delfa; Natalia Ortiz.<\/p>\n<p><strong>PARCIALES.<\/strong> 1-1, 4-3, 6-5, 8-7, 12-10, 14-11 (descanso); 15-15, 17-18, 19-19, 21-21, 23-21 y 24-24.<\/p>\n","protected":false},"excerpt":{"rendered":"El Soliss Pozuelo debut\u00f3 en esta temporada con un empate (24-24) frente al Anaitasuna en un partido disputado&hellip;\n","protected":false},"author":2,"featured_media":143245,"comment_status":"","ping_status":"","sticky":false,"template":"","format":"standard","meta":{"footnotes":""},"categories":[278],"tags":[376,168,25,24,375,4090,23,167],"class_list":{"0":"post-143244","1":"post","2":"type-post","3":"status-publish","4":"format-standard","5":"has-post-thumbnail","7":"category-balonmano","8":"tag-balonmano","9":"tag-deportes","10":"tag-es","11":"tag-espana","12":"tag-handball","13":"tag-soliss-pozuelo","14":"tag-spain","15":"tag-sports"},"share_on_mastodon":{"url":"","error":""},"_links":{"self":[{"href":"https:\/\/www.europesays.com\/es\/wp-json\/wp\/v2\/posts\/143244","targetHints":{"allow":["GET"]}}],"collection":[{"href":"https:\/\/www.europesays.com\/es\/wp-json\/wp\/v2\/posts"}],"about":[{"href":"https:\/\/www.europesays.com\/es\/wp-json\/wp\/v2\/types\/post"}],"author":[{"embeddable":true,"href":"https:\/\/www.europesays.com\/es\/wp-json\/wp\/v2\/users\/2"}],"replies":[{"embeddable":true,"href":"https:\/\/www.europesays.com\/es\/wp-json\/wp\/v2\/comments?post=143244"}],"version-history":[{"count":0,"href":"https:\/\/www.europesays.com\/es\/wp-json\/wp\/v2\/posts\/143244\/revisions"}],"wp:featuredmedia":[{"embeddable":true,"href":"https:\/\/www.europesays.com\/es\/wp-json\/wp\/v2\/media\/143245"}],"wp:attachment":[{"href":"https:\/\/www.europesays.com\/es\/wp-json\/wp\/v2\/media?parent=143244"}],"wp:term":[{"taxonomy":"category","embeddable":true,"href":"https:\/\/www.europesays.com\/es\/wp-json\/wp\/v2\/categories?post=143244"},{"taxonomy":"post_tag","embeddable":true,"href":"https:\/\/www.europesays.com\/es\/wp-json\/wp\/v2\/tags?post=143244"}],"curies":[{"name":"wp","href":"https:\/\/api.w.org\/{rel}","templated":true}]}}