{"id":143246,"date":"2025-09-28T00:22:29","date_gmt":"2025-09-28T00:22:29","guid":{"rendered":"https:\/\/www.europesays.com\/es\/143246\/"},"modified":"2025-09-28T00:22:29","modified_gmt":"2025-09-28T00:22:29","slug":"cronica-toros-sevilla-hoy-juan-ortega-se-reencuentra-con-la-maestranza-gracias-a-una-faena-artista-al-toro-bocinero","status":"publish","type":"post","link":"https:\/\/www.europesays.com\/es\/143246\/","title":{"rendered":"CR\u00d3NICA TOROS SEVILLA HOY | Juan Ortega se reencuentra con La Maestranza gracias a una faena artista al toro &#8216;Bocinero&#8217;"},"content":{"rendered":"<p class=\"ft-text\">Fue una <a class=\"ft-link ft-link--decoration\" href=\"https:\/\/www.elcorreoweb.es\/cultura\/2025\/09\/26\/juan-ortega-david-miranda-pablo-121975647.html\" target=\"_blank\" rel=\"nofollow noopener\">tarde de reencuentros en La Maestranza<\/a>. De volver a los bares de la calle Adriano, de <strong>escuchar el runr\u00fan en los aleda\u00f1os de la plaza<\/strong> o de saludar a los ni\u00f1os que sue\u00f1an con ser toreros. Tras varios meses de verano sin ver toros en <a class=\"ft-link ft-link--decoration\" href=\"https:\/\/www.elcorreoweb.es\/tags\/sevilla\/\" target=\"_blank\" rel=\"nofollow noopener\">Sevilla<\/a>, hab\u00eda una<strong> gran expectaci\u00f3n por ver la primera corrida de San Miguel<\/strong> con un festejo marcado por tres toreros punteros:<a class=\"ft-link ft-link--decoration\" href=\"https:\/\/www.elcorreoweb.es\/cultura\/2025\/06\/26\/david-miranda-triunfador-feria-abril-119082187.html\" target=\"_blank\" rel=\"nofollow noopener\"> el triunfador de la Feria<\/a> y los dos sevillanos que se disputan el trono art\u00edstico.<\/p>\n<p class=\"ft-text\"><a class=\"ft-link ft-link--decoration\" href=\"https:\/\/www.elcorreoweb.es\/cultura\/2025\/08\/09\/espectaculo-magico-morante-ortega-aguado-120483267.html\" target=\"_blank\" rel=\"nofollow noopener\">Juan Ortega<\/a> <strong>se llevar\u00eda la tarde en lo art\u00edstico<\/strong> tras destapar el tarro de las esencias y r<strong>ealiz\u00f3 una de sus mejores faenas<\/strong> en lo que va de temporada.<\/p>\n<p><img decoding=\"async\" src=\"https:\/\/www.europesays.com\/es\/wp-content\/uploads\/2025\/09\/694cbf16-c543-4b2d-a46b-aa10d556a22f_alta-libre-aspect-ratio_default_0.jpg\" width=\"1200\" height=\"802\" alt=\"SEVILLA, 26\/09\/2025.- El diestro Juan Ortega en su faena durante la Feria de San Miguel que se celebra hoy viernes en la plaza de toros La Maestranza de Sevilla. EFE \/ Julio Mu\u00f1oz.\" class=\"ft-helper-img-rd\" loading=\"lazy\" hasdataaida=\"true\"\/><\/p>\n<p class=\"ft-helper-fontColor-quaternary ft-helper-fontSize-body-S ft-helper-spacer-t-xxs\">Faena de Juan Ortega en su primero de la tarde  \/ Julio Munoz \/ EFE<\/p>\n<p class=\"ft-text\">Antes de comentar lo ocurrido, es de recibo relatar uno de los momentos m\u00e1s emotivos de la temporada. Hubo <strong>un minuto de silencio por la muerte de Mar\u00eda del Mar Trist\u00e1n<\/strong>, subdirectora de la Banda Tejera en el pase\u00edllo. <strong>Su padre era un mar de l\u00e1grimas<\/strong> que marc\u00f3 la emoci\u00f3n entre los aficionados.<\/p>\n<p class=\"ft-text\">A partir de ah\u00ed fue una tarde de vibraciones fuertes; desde <strong>la despedida de Salvador N\u00fa\u00f1ez<\/strong> pasando por el buen momento que atraviesa David de Miranda y Aguado hasta <strong>el reencuentro de Ortega con su Sevilla<\/strong>.<\/p>\n<p><img decoding=\"async\" src=\"https:\/\/www.europesays.com\/es\/wp-content\/uploads\/2025\/09\/bcbf40d0-7b18-4655-ae48-fe3f9a349a24_alta-libre-aspect-ratio_default_0.jpg\" width=\"1200\" height=\"800\" alt=\"SEVILLA, 26\/09\/2025.- El banderillero S\u00e1nchez Araujo sufre un revolc\u00f3n durante la Feria de San Miguel que se celebra hoy viernes en la plaza de toros La Maestranza de Sevilla. EFE \/ Julio Mu\u00f1oz.\" class=\"ft-helper-img-rd\" loading=\"lazy\" hasdataaida=\"true\"\/><\/p>\n<p class=\"ft-helper-fontColor-quaternary ft-helper-fontSize-body-S ft-helper-spacer-t-xxs\">El banderillero S\u00e1nchez Araujo sufre un revolc\u00f3n  \/ Julio Munoz \/ EFE<\/p>\n<p>Gran faena de Ortega a &#8216;Bocinero&#8217;<\/p>\n<p class=\"ft-text\">En el<strong> cuarto toro de la tarde<\/strong>, Ortega sali\u00f3 arrebatado con el capote. Dej\u00f3 <strong>un buen quite con dos ver\u00f3nicas sentidas<\/strong> y una media detr\u00e1s de la cadera. <strong>Bocinero <\/strong><strong>cambi\u00f3 en el tercio de banderillas: desarroll\u00f3 m\u00e1s galope y raza<\/strong>. Ortega lo vio claro y se fue a brindarlo a los medios. Improvis\u00f3 con una tanda ligada con la rodilla genuflexa con la mano diestra que remat\u00f3 con un cambio de mano de cartel de toros. <strong>Continu\u00f3 con dos tandas con la diestra que rugieron el coso del Baratillo<\/strong>. Tandas con mucha ligaz\u00f3n, encajado, profundo y toreando a placer. Fue<strong> la mejor versi\u00f3n de Ortega en lo que va de temporada. <\/strong><\/p>\n<p><img decoding=\"async\" src=\"https:\/\/www.europesays.com\/es\/wp-content\/uploads\/2025\/09\/5f856324-e121-48ea-ae77-180f345c92bf_alta-libre-aspect-ratio_default_0.jpg\" width=\"1200\" height=\"797\" alt=\"SEVILLA, 26\/09\/2025.- El diestro Juan Ortega en su faena durante la Feria de San Miguel que se celebra hoy viernes en la plaza de toros La Maestranza de Sevilla. EFE \/ Julio Mu\u00f1oz.\" class=\"ft-helper-img-rd\" loading=\"lazy\" hasdataaida=\"true\"\/><\/p>\n<p class=\"ft-helper-fontColor-quaternary ft-helper-fontSize-body-S ft-helper-spacer-t-xxs\">El diestro Juan Ortega en su faena durante la Feria de San Miguel  \/ Julio Munoz \/ EFE<\/p>\n<p class=\"ft-text\">Los remates fueron muy bellos; molinetes invertidos, pases de pecho con la rodilla en tierra o trincherazo, seg\u00fan la improvisaci\u00f3n del momento. <strong>Fue un lujo ver el toreo cl\u00e1sico del sevillano que tanto a\u00f1oraban los aficionados<\/strong>.<\/p>\n<p class=\"ft-text\">Por la izquierda baj\u00f3 la intensidad la faena. Termin\u00f3 la obra maestra por la derecha con cinco pases enroscados, barbilla en el pecho y con mucho sentimiento en cada muletazo. <strong>Levant\u00f3 al p\u00fablico de los asientos<\/strong>. Los ayudados fueron un manjar lleno de torer\u00eda rematado con un natural con la mano baja. La espada cay\u00f3 rendida y fue justo la oreja de peso.<\/p>\n<p class=\"ft-text\">Antes en el primero de la tarde dej\u00f3 alg\u00fan detalle suelto al toro Ebanista mermado por la falta de fuerzas. Un lance buen\u00edsimo cargando la suerte, un trincherazo y dos naturales sueltos para abrir boca.<\/p>\n<p>El buen momento de David de Miranda<\/p>\n<p class=\"ft-text\">Era <a class=\"ft-link ft-link--decoration\" href=\"https:\/\/www.elcorreoweb.es\/cultura\/2025\/05\/10\/seco-david-miranda-abre-par-117240020.html\" target=\"_blank\" rel=\"nofollow noopener\">el \u00fanico torero en cruzar la Puerta del Pr\u00edncipe<\/a> en la temporada. <strong>El de Trigueros quer\u00eda confirmar su buen momento<\/strong> y que la tarde de la Feria no fue casualidad. Buen ramillete de ver\u00f3nicas para empezar la tarde.<\/p>\n<p class=\"ft-text\">Fue al quite Pablo Aguado con<strong> el capote recogido como los toreros antiguo<\/strong>s, con los picos en las esclavinas. Fue una aut\u00e9ntica delicia<strong> teletransportarnos a otra \u00e9poca, a la de Belmonte, Joselito <\/strong><strong>El Gallo<\/strong><strong> o Pep\u00edn Mart\u00edn V\u00e1zquez<\/strong>. Tres <strong>chicuelinas despaciosas<\/strong> que duraron una eternidad rematadas con una media que rugi\u00f3 la Maestranza.<\/p>\n<p class=\"ft-text\">El de Trigueros se fue enrabietado a por el animal a hacerle la r\u00e9plica. <strong>Bendita rivalidad entre los toreros<\/strong>. Fueron saltilleras con el capote a la espalda rematada con un natural a una mano. Fue el momento de la tarde. David de Miranda ya se reencontraba con la <a class=\"ft-link ft-link--decoration\" href=\"https:\/\/www.elcorreoweb.es\/tags\/plaza-de-toros-de-la-maestranza\/\" target=\"_blank\" rel=\"nofollow noopener\">Maestranza <\/a>despu\u00e9s de su triunfo en la Feria de Abril.<\/p>\n<p><img decoding=\"async\" src=\"https:\/\/www.europesays.com\/es\/wp-content\/uploads\/2025\/09\/5398c166-5d15-4bf2-8192-433e96758095_alta-libre-aspect-ratio_default_0.jpg\" width=\"1200\" height=\"803\" alt=\"SEVILLA, 26\/09\/2025.- El diestro David de Miranda en su faena durante la Feria de San Miguel que se celebra hoy viernes en la plaza de toros La Maestranza, en Sevilla. EFE \/ Julio Mu\u00f1oz.\" class=\"ft-helper-img-rd\" loading=\"lazy\" hasdataaida=\"true\"\/><\/p>\n<p class=\"ft-helper-fontColor-quaternary ft-helper-fontSize-body-S ft-helper-spacer-t-xxs\">El diestro David de Miranda en su faena durante la Feria de San Miguel  \/ Julio Munoz \/ EFE<\/p>\n<p class=\"ft-text\">A <strong>la fiesta se quiso sumar Fernando S\u00e1nchez<\/strong> acerc\u00e1ndose a Maleado con un buen par. Comenz\u00f3 por ayudados con rodilla en tierra para llev\u00e1rselo a los medios.<\/p>\n<p class=\"ft-text\">De Miranda fue acopl\u00e1ndose al animal en las primeras tandas con las alturas y los toques de su franela. Hasta que en uno de esos toques, <strong>el de Victoriano se qued\u00f3 mir\u00e1ndolo tres segundos que se hicieron eternos<\/strong>. El de Trigueros no dud\u00f3 ni un \u00e1pice con el grito de p\u00e1nico de los aficionados.<\/p>\n<p class=\"ft-text\">Al de Trigueros le dio igual las condiciones del animal. Se puso en las cercan\u00edas, asentado y encajado,<strong> toreando con la mano baja y el animal par\u00e1ndose a mil\u00edmetros del pech<\/strong>o. Por momentos, lo tore\u00f3 a placer y rematados con pases de pecho profundo.<\/p>\n<p class=\"ft-text\">La faena fue creciendo en intensidad con el rugir de la Maestranza peg\u00e1ndole naturales a pies juntos y con mano baja. De Miranda ni se inmutaba. <strong>Se sent\u00eda a gusto en esos terrenos<\/strong>. Termin\u00f3 por luquecinas y con un pase de pecho profundo saliendo airoso con el p\u00fablico en pie. Como si pareciera f\u00e1cil\u2026<\/p>\n<p class=\"ft-text\">El final fue apote\u00f3sico. El torero onubense quiso arriesgar m\u00e1s a\u00fan: <strong>unas bernardinas cambiando el envite y asustando al personal<\/strong>. Lo remat\u00f3 con un pase de pecho eterno antes de dejar una estocada tendida. Una oreja de ley.<\/p>\n<p><img decoding=\"async\" src=\"https:\/\/www.europesays.com\/es\/wp-content\/uploads\/2025\/09\/0de2a2be-276e-4391-ae7d-59605b03c475_alta-libre-aspect-ratio_default_0.jpg\" width=\"1200\" height=\"799\" alt=\"SEVILLA, 26\/09\/2025.- El diestro David de Miranda con el trofeo conseguido al primero de su lote durante la Feria de San Miguel que se celebra hoy viernes en la plaza de toros La Maestranza, en Sevilla. EFE \/ Julio Mu\u00f1oz.\" class=\"ft-helper-img-rd\" loading=\"lazy\" hasdataaida=\"true\"\/><\/p>\n<p class=\"ft-helper-fontColor-quaternary ft-helper-fontSize-body-S ft-helper-spacer-t-xxs\">El diestro David de Miranda con el trofeo conseguido al primero de su lote  \/ Julio Munoz \/ EFE<\/p>\n<p class=\"ft-text\">En el quinto toro de la tarde, De Miranda quer\u00eda a toda costa el triunfo. Antes de coger la muleta, <strong>Candido Ruiz sufri\u00f3 una voltereta sin consecuencias<\/strong>. El onubense recibi\u00f3 a Bolero por pases por alto dejando los pies enterrados en la l\u00ednea del tercio. Comienzo de alto voltaje.<\/p>\n<p class=\"ft-text\">El animal de Victoriano del R\u00edo desarroll\u00f3 mucha bravura y galope en las mu\u00f1ecas del torero de Huelva. <strong>No era f\u00e1cil atemperar esas embestidas<\/strong>. La m\u00fasica comenz\u00f3 a sonar en la primera tanda de la faena. De Miranda estuvo <strong>algo acelerado toreando con la diestra<\/strong>, algo ventajoso, en c\u00edrculo y retrasando la pierna de salida en algunas ocasiones.<\/p>\n<p class=\"ft-text\">La faena se diluy\u00f3 al natural y el toro empez\u00f3 a mostrar complicaciones. No se acopl\u00f3 por momentos. El torero lo intent\u00f3 en las cercan\u00edas para el arre\u00f3n final pero no hubo manera. Mat\u00f3 de estocada y sirvi\u00f3 para ganarse la ovaci\u00f3n tras la buena tarde.<\/p>\n<p>El clasicismo de Aguado <\/p>\n<p class=\"ft-text\">Llegaba Aguado al coso del Arenal tras su <strong>triunfo en Nimes<\/strong>. Sali\u00f3 Duplicado, el sobrero del encierro,<strong> tras romperse un pit\u00f3n el titular en el primer embroque al burladero<\/strong>. Aguado lo recibi\u00f3 al animal de pelo burraco con la figura erguida y muy pegado a las tablas. Destac\u00f3 en banderillas Iv\u00e1n Garc\u00eda en <strong>una lidia complicada <\/strong>que fue el animal desarrollando sitio. Ten\u00eda una papeleta dif\u00edcil.<\/p>\n<p class=\"ft-text\">Aguado eligi\u00f3 los terrenos del tercio, paralelo a las tablas, para intentar formar faena. <strong>El sevillano mostr\u00f3 mucha disposici\u00f3n siempre buscando el pit\u00f3n contrario<\/strong> y el toque a su altura. Duplicado desarroll\u00f3 sentido y complicaciones. Embisti\u00f3 muy recto y siempre con peligro en el embroque. Faena interesante de Aguado que cerr\u00f3 con buena estocada.<\/p>\n<p><img decoding=\"async\" src=\"https:\/\/www.europesays.com\/es\/wp-content\/uploads\/2025\/09\/693c5b25-75a6-48cd-b3fd-09401375eaa5_alta-libre-aspect-ratio_default_0.jpg\" width=\"1200\" height=\"802\" alt=\"SEVILLA, 26\/09\/2025.- El diestro Pablo Aguado en su faena durante la Feria de San Miguel que se celebra hoy viernes en la plaza de toros La Maestranza, en Sevilla. EFE \/ Julio Mu\u00f1oz.\" class=\"ft-helper-img-rd\" loading=\"lazy\" hasdataaida=\"true\"\/><\/p>\n<p class=\"ft-helper-fontColor-quaternary ft-helper-fontSize-body-S ft-helper-spacer-t-xxs\">El diestro Pablo Aguado en su faena durante la Feria de San Miguel  \/ Julio Munoz \/ EFE<\/p>\n<p class=\"ft-text\">Tarde de emociones en el sexto toro. <strong>Era la \u00faltima tarde del picador Salvador N\u00fa\u00f1ez que se despidi\u00f3 a los sones de Tejera<\/strong>. Ortega no perdon\u00f3 su quite y le quit\u00f3 protagonismo. Mal por su parte. En banderillas lleg\u00f3 a ser cogido <strong>S\u00e1nchez Araujo rozando momentos dram\u00e1ticos<\/strong>.<\/p>\n<p class=\"ft-text\">El toro descompuesto impidi\u00f3 las opciones de triunfo al sevillano. <strong>Dej\u00f3 un arsenal de detalles art\u00edsticos toreando con la figura erguida<\/strong>. Muy despacio, profundo y lleno de naturalidad. Hubo muchos naturales sueltos de gran calidad pero destac\u00f3 uno que enganch\u00f3 con los vuelecitos de la franela. <strong>El ol\u00e9 de la plaza fue de \u00f3rdago<\/strong>. Concluy\u00f3 su labor con trincheras, pases del desprecio y molinetes de otra \u00e9poca. Pinch\u00f3 la obra tan torera y perdi\u00f3 el posible triunfo. Tarde muy garbosa del sevillano ante un lote complicado.<\/p>\n<p>Ficha del festejo<\/p>\n<p class=\"ft-text\">Primera de la <strong>Feria de San Miguel<\/strong>. Lleno de \u2018No hay billetes\u2019. Toros de Victoriano del R\u00edo y Toros de Cort\u00e9s (2\u00ba y 5\u00ba)<\/p>\n<ul class=\"ft-list ft-list--primary\">\n<li class=\"ft-list__item\"><strong>Juan Ortega<\/strong>, silencio y oreja con fuerte petici\u00f3n de la segunda.<\/li>\n<li class=\"ft-list__item\"><strong>David de Miranda<\/strong>, oreja y ovaci\u00f3n.<\/li>\n<li class=\"ft-list__item\"><strong>Pablo Aguado,<\/strong>\u00a0ovaci\u00f3n y ovaci\u00f3n.<\/li>\n<\/ul>\n<p class=\"ft-text\"><strong>Incidencias:<\/strong> Al finalizar el pase\u00edllo, se guard\u00f3 un minuto de silencio en memoria de Mar\u00eda del Mar Trist\u00e1n, subdirectora de la Banda de M\u00fasica del Maestro Tejera.<\/p>\n","protected":false},"excerpt":{"rendered":"Fue una tarde de reencuentros en La Maestranza. De volver a los bares de la calle Adriano, de&hellip;\n","protected":false},"author":2,"featured_media":143247,"comment_status":"","ping_status":"","sticky":false,"template":"","format":"standard","meta":{"footnotes":""},"categories":[277],"tags":[373,12896,168,44318,25,24,2837,409,4035,34395,4813,4037,40660,42844,1171,23,167,374,444],"class_list":{"0":"post-143246","1":"post","2":"type-post","3":"status-publish","4":"format-standard","5":"has-post-thumbnail","7":"category-toreo","8":"tag-bullfighting","9":"tag-david-de-miranda","10":"tag-deportes","11":"tag-empresa-pages","12":"tag-es","13":"tag-espana","14":"tag-gracias","15":"tag-juan","16":"tag-juan-ortega","17":"tag-maestranza","18":"tag-ortega","19":"tag-pablo-aguado","20":"tag-plaza-de-toros-de-la-maestranza","21":"tag-reencuentra","22":"tag-sevilla","23":"tag-spain","24":"tag-sports","25":"tag-toreo","26":"tag-toros"},"share_on_mastodon":{"url":"","error":""},"_links":{"self":[{"href":"https:\/\/www.europesays.com\/es\/wp-json\/wp\/v2\/posts\/143246","targetHints":{"allow":["GET"]}}],"collection":[{"href":"https:\/\/www.europesays.com\/es\/wp-json\/wp\/v2\/posts"}],"about":[{"href":"https:\/\/www.europesays.com\/es\/wp-json\/wp\/v2\/types\/post"}],"author":[{"embeddable":true,"href":"https:\/\/www.europesays.com\/es\/wp-json\/wp\/v2\/users\/2"}],"replies":[{"embeddable":true,"href":"https:\/\/www.europesays.com\/es\/wp-json\/wp\/v2\/comments?post=143246"}],"version-history":[{"count":0,"href":"https:\/\/www.europesays.com\/es\/wp-json\/wp\/v2\/posts\/143246\/revisions"}],"wp:featuredmedia":[{"embeddable":true,"href":"https:\/\/www.europesays.com\/es\/wp-json\/wp\/v2\/media\/143247"}],"wp:attachment":[{"href":"https:\/\/www.europesays.com\/es\/wp-json\/wp\/v2\/media?parent=143246"}],"wp:term":[{"taxonomy":"category","embeddable":true,"href":"https:\/\/www.europesays.com\/es\/wp-json\/wp\/v2\/categories?post=143246"},{"taxonomy":"post_tag","embeddable":true,"href":"https:\/\/www.europesays.com\/es\/wp-json\/wp\/v2\/tags?post=143246"}],"curies":[{"name":"wp","href":"https:\/\/api.w.org\/{rel}","templated":true}]}}