{"id":143254,"date":"2025-09-28T00:28:15","date_gmt":"2025-09-28T00:28:15","guid":{"rendered":"https:\/\/www.europesays.com\/es\/143254\/"},"modified":"2025-09-28T00:28:15","modified_gmt":"2025-09-28T00:28:15","slug":"cronica-y-resultado-del-hla-alicante","status":"publish","type":"post","link":"https:\/\/www.europesays.com\/es\/143254\/","title":{"rendered":"Cr\u00f3nica y resultado del HLA Alicante"},"content":{"rendered":"<p class=\"ft-text ft-helper-closenews\">Cuesta empezar, sentirse c\u00f3modo. Cambiar el h\u00e1bito. Arrancar a sudar, a competir, a notar que enfrente hay alguien que trata de hacerte da\u00f1o. Y te dejas llevar mecido por la abulia del verano enterrado en la bruma de recuerdos cotidianos, evanescentes. Hasta que un golpe te arranca de la enso\u00f1aci\u00f3n. Un bocinazo. El que suena atronador para zanjar el primer acto. Miras las caras desencajadas de la gente, miras a tus compa\u00f1eros y miras el marcador&#8230; El coraz\u00f3n se acelera, te da un vuelco:<strong> \u00a117-29!<\/strong><\/p>\n<p class=\"ft-text\">El comienzo no puede ser peor. En otra tesitura habr\u00eda bastado para liquidarte. Pero en esta, no. En esta te sientes mejor. Con poder para decidir tu destino. A\u00fan no te pesa el miedo que inoculan las derrotas. As\u00ed que regresas a tu banco y, ahora s\u00ed, apuestas por jugar al baloncesto.<\/p>\n<p class=\"ft-text\">El HLA <a class=\"ft-link ft-link--decoration\" href=\"https:\/\/www.informacion.es\/alicante\/\" rel=\"nofollow noopener\" target=\"_blank\">Alicante<\/a> entr\u00f3 diez minutos tarde a su estreno en liga. Se vio en la lona sin enterarse y, por fortuna, hall\u00f3 el modo de levantarse y terminar <strong>noqueando a su rival (87-76)<\/strong>. Lo hizo con la aportaci\u00f3n de su banquillo (<strong>38<\/strong> tantos), de su equilibrio, de su facilidad para correr en campo abierto y mandar en las dos canastas, dentro y fuera de la pintura. La reacci\u00f3n del equipo de <strong>Rub\u00e9n Perell\u00f3 <\/strong>fue gradual, tensa, apoyada siempre en la versatilidad defensiva y en la implicaci\u00f3n de un jugador majestuoso, trascendental, dominante en todas las parcelas, c\u00f3modo a la hora de fabricarse los tiros y muy listo para encontrar al hombre libre que dejan los defensores que \u00e9l atrae por su determinaci\u00f3n para anotar. Responde al nombre de Kevin.<\/p>\n<p><img decoding=\"async\" src=\"https:\/\/www.europesays.com\/es\/wp-content\/uploads\/2025\/09\/3a0b5980-7ed7-4b5d-bbd2-e09b1042cfce_alta-libre-aspect-ratio_default_0.jpg\" width=\"1200\" height=\"800\" alt=\"Michael Torres busca el aro tras dejar atr\u00e1s a su defensor, Carlos Jurgens, durante el HLA Alicante-Ourense, en el Ferr\u00e1ndiz.\" class=\"ft-helper-img-rd\" loading=\"lazy\" hasdataaida=\"true\"\/><\/p>\n<p class=\"ft-helper-fontColor-quaternary ft-helper-fontSize-body-S ft-helper-spacer-t-xxs\">Michael Torres busca el aro tras dejar atr\u00e1s a su defensor, Carlos Jurgens, durante el HLA Alicante-Ourense, en el Ferr\u00e1ndiz.  \/ \u00c1xel \u00c1lvarez<\/p>\n<p class=\"ft-text\">El Lucentum fue capaz de ajustarse atr\u00e1s, de obligar a Ourense a buscar el aro desde m\u00e1s lejos. <strong>Rob\u00f3, corri\u00f3 y sum\u00f3 en transici\u00f3n<\/strong>, pero lo mejor que hizo fue privar a los gallegos de hacerlo. 15 puntos en todo el segundo cuarto, la mitad que en el primero. Y ah\u00ed se ciment\u00f3 la reacci\u00f3n: <strong>38-44<\/strong> y toda la segunda parte por delante.<\/p>\n<p class=\"ft-text\"><strong>Mendicote <\/strong>y <strong>Jordan King<\/strong> empujaron al HLA en la reanudaci\u00f3n. Su energ\u00eda y la ubicuidad de Larsen fueron aplanando el \u00edmpetu de Ourense, cada viaje m\u00e1s peque\u00f1o, m\u00e1s atascado, m\u00e1s irrelevante. El propio Unai cristaliz\u00f3 la remontada asistido por el p\u00edvot dan\u00e9s convertido en baluarte, en maestro de ceremonias. Solo cuando su entrenador le oblig\u00f3 a sentarse al lado de Mwema a menos de dos minutos para el cierre del tercer parcial, resurgi\u00f3 el bloque de <strong>Moncho L\u00f3pez<\/strong>, que aprovech\u00f3 los \u00faltimos diez segundos de posesi\u00f3n para preparar un triple librado que maquill\u00f3 una evidencia: el Lucentum estaba siendo superior: <strong>58-59<\/strong>.<\/p>\n<p><img decoding=\"async\" src=\"https:\/\/www.europesays.com\/es\/wp-content\/uploads\/2025\/09\/e9f138a4-400a-4470-a4ab-a10e001a946a_alta-libre-aspect-ratio_default_0.jpg\" width=\"1200\" height=\"800\" alt=\"Kevin Larsen, el MVP del partido, cae sobre el parqu\u00e9 despu\u00e9s de anotar debajo de la canasta en el triunfo del Lucentum.\" class=\"ft-helper-img-rd\" loading=\"lazy\" hasdataaida=\"true\"\/><\/p>\n<p class=\"ft-helper-fontColor-quaternary ft-helper-fontSize-body-S ft-helper-spacer-t-xxs\">Kevin Larsen, el MVP del partido, cae sobre el parqu\u00e9 despu\u00e9s de anotar debajo de la canasta en el triunfo del Lucentum.  \/ \u00c1xel \u00c1lvarez<\/p>\n<p class=\"ft-text\">El pulso lo aguantaron los orensanos hasta que la estrella lucentina recobr\u00f3 su espacio sobre el parqu\u00e9. Con el dan\u00e9s dentro, el electr\u00f3nico volvi\u00f3 a constatar que el equilibrio local acabar\u00eda barriendo a su oponente. Del 65-65 hasta una <strong>renta m\u00e1xima de 14 puntos<\/strong> para vivir un final pl\u00e1cido solo interrumpido por el <strong>delirio arbitral<\/strong> de una categor\u00eda que no encuentra soluci\u00f3n a esa faceta capital en el despegue de una competici\u00f3n que precisa coger vuelo, ganar seriedad e inversi\u00f3n, y pitando con los ojos cerrados sin ver dos faltas de pie que se producen simult\u00e1neas a un metro de tu cara es bastante complicado.<\/p>\n<p class=\"ft-text\">El Lucentum tuvo en su entrenador la direcci\u00f3n proactiva que le falt\u00f3 sobre el parqu\u00e9 en el arranque y eso le ayud\u00f3 a sobreponerse, a saberse y a creerse mejor a pesar de la baja sensible del lesionado<strong> Sebastian Aris<\/strong>. Ley\u00f3 bien el momento y con <strong>8 puntos en la misma acci\u00f3n<\/strong> tras un triple, un robo y una falta antideportiva vol\u00f3 hacia el triunfo, el primero de muchos, el primero de un curso en el que <a class=\"ft-link ft-link--decoration\" href=\"https:\/\/www.informacion.es\/deportes\/2025\/09\/22\/primera-entrevista-nuevo-dueno-mexicano-121852239.html\" target=\"_blank\" rel=\"nofollow noopener\">comienza una nueva vida<\/a> sin la tutela castrante de los ejercicios anteriores. Ganar a pesar de los pesares suele augurar un buen destino. La primera piedra ya est\u00e1 puesta.<\/p>\n<p>FICHA T\u00c9CNICA<\/p>\n<p class=\"ft-text\">HLA Alicante <strong>87-76<\/strong> Ourense Baloncesto<\/p>\n<p class=\"ft-text\">\u25ba<strong>HLA: <\/strong>Torres (12), Davison (3), Mwema (8), Deng (10) Larsen (16) \u2013quinteto titular\u2013 Mendicote (10), Boubacar (-), Tamba (-), Alex Jord\u00e1 (12) y Jordan King (16).<\/p>\n<p class=\"ft-text\">\u25ba<strong> OURENSE:<\/strong> Kenneth Smith (10), Marvin (13), McDonell (10), Rafa Dias (8), Romaro (2) \u2013quinteto titular\u2013 Kingsley (2), Isaac V\u00e1zquez (7), Mart\u00edn Fern\u00e1ndez (-), Huguet (8), Diogo (-), Iglesias (7) y Jurgens (9).<\/p>\n<p class=\"ft-text\">\u25ba<strong> \u00c1RBITROS:<\/strong> Nicol\u00e1s Lezcano, Pol Franquesa y Jos\u00e9 Mar\u00eda Arresa. Eliminado por faltas: \u00c1lex Jord\u00e1.<\/p>\n<p class=\"ft-text\">\u25ba<strong> MARCADOR:<\/strong> 17-29 | 38-44 | 58-59 | 87-76<\/p>\n<p class=\"ft-text\">\u25ba<strong> PABELL\u00d3N:<\/strong> Pedro Ferr\u00e1ndiz. 2.500 espectadores en la grada para el debut en liga.<\/p>\n<p data-close=\"closedContent\" class=\"subscribeHideForDisplay\">Suscr\u00edbete para seguir leyendo<\/p>\n","protected":false},"excerpt":{"rendered":"Cuesta empezar, sentirse c\u00f3modo. Cambiar el h\u00e1bito. Arrancar a sudar, a competir, a notar que enfrente hay alguien&hellip;\n","protected":false},"author":2,"featured_media":143255,"comment_status":"","ping_status":"","sticky":false,"template":"","format":"standard","meta":{"footnotes":""},"categories":[269],"tags":[2206,299,298,5293,168,25,24,11906,4992,4994,42075,19704,43952,3917,23,167,1793],"class_list":{"0":"post-143254","1":"post","2":"type-post","3":"status-publish","4":"format-standard","5":"has-post-thumbnail","7":"category-baloncesto","8":"tag-alicante","9":"tag-baloncesto","10":"tag-basketball","11":"tag-cronica","12":"tag-deportes","13":"tag-es","14":"tag-espana","15":"tag-hla","16":"tag-hla-alicante","17":"tag-lucentum","18":"tag-noquea","19":"tag-ourense","20":"tag-pedro-ferrandiz","21":"tag-primera-feb","22":"tag-spain","23":"tag-sports","24":"tag-verano"},"share_on_mastodon":{"url":"","error":""},"_links":{"self":[{"href":"https:\/\/www.europesays.com\/es\/wp-json\/wp\/v2\/posts\/143254","targetHints":{"allow":["GET"]}}],"collection":[{"href":"https:\/\/www.europesays.com\/es\/wp-json\/wp\/v2\/posts"}],"about":[{"href":"https:\/\/www.europesays.com\/es\/wp-json\/wp\/v2\/types\/post"}],"author":[{"embeddable":true,"href":"https:\/\/www.europesays.com\/es\/wp-json\/wp\/v2\/users\/2"}],"replies":[{"embeddable":true,"href":"https:\/\/www.europesays.com\/es\/wp-json\/wp\/v2\/comments?post=143254"}],"version-history":[{"count":0,"href":"https:\/\/www.europesays.com\/es\/wp-json\/wp\/v2\/posts\/143254\/revisions"}],"wp:featuredmedia":[{"embeddable":true,"href":"https:\/\/www.europesays.com\/es\/wp-json\/wp\/v2\/media\/143255"}],"wp:attachment":[{"href":"https:\/\/www.europesays.com\/es\/wp-json\/wp\/v2\/media?parent=143254"}],"wp:term":[{"taxonomy":"category","embeddable":true,"href":"https:\/\/www.europesays.com\/es\/wp-json\/wp\/v2\/categories?post=143254"},{"taxonomy":"post_tag","embeddable":true,"href":"https:\/\/www.europesays.com\/es\/wp-json\/wp\/v2\/tags?post=143254"}],"curies":[{"name":"wp","href":"https:\/\/api.w.org\/{rel}","templated":true}]}}