{"id":143260,"date":"2025-09-28T00:32:07","date_gmt":"2025-09-28T00:32:07","guid":{"rendered":"https:\/\/www.europesays.com\/es\/143260\/"},"modified":"2025-09-28T00:32:07","modified_gmt":"2025-09-28T00:32:07","slug":"la-novela-debe-contar-sucesos-desdichados-a-gente-mas-o-menos-feliz","status":"publish","type":"post","link":"https:\/\/www.europesays.com\/es\/143260\/","title":{"rendered":"\u00abLa novela debe contar sucesos desdichados a gente m\u00e1s o menos feliz\u00bb"},"content":{"rendered":"<p style=\"\">Parec\u00eda que el nuevo libro de <a href=\"https:\/\/www.abc.es\/espana\/castilla-la-mancha\/toledo\/andres-trapiello-novela-historia-amor-ultimo-libro-20250226212850-nt.html\" target=\"_self\" data-voc-vtm-id=\"in-text-traffic\" title=\"Andr\u00e9s Trapiello\" data-mrf-link=\"www.abc.es\" rel=\"nofollow noopener\">Andr\u00e9s Trapiello<\/a> ser\u00eda algo as\u00ed como una memoria pol\u00edtica, dedicada a ordenar sus opiniones vertidas en columnas del diario &#8216;El Mundo&#8217; y analizar la situaci\u00f3n de la cosa p\u00fablica en Espa\u00f1a. Pero no. Saliendo del Sal\u00f3n de Pasos  &#8230; Perdidos se encuentra uno con este &#8216;<strong>Pr\u00f3spero viento<\/strong>&#8216; (Esfera de los libros) donde se reformula la cr\u00f3nica que el autor ha publicado durante medio siglo. Aqu\u00ed Trapiello explica c\u00f3mo la izquierda ha sentido peligrar su dominio del relato de buenos y malos en la Guerra Civil y las consecuencias que, como escritor, ha visto y protagonizado en los \u00faltimos a\u00f1os. Cuenta historias del Cavia y de sus libros&#8230; hasta su breve entrada en pol\u00edtica por UPyD o la &#8216;fatwa&#8217; que le dict\u00f3 &#8216;El Pa\u00eds&#8217;. De sus m\u00edtines, elige el que m\u00e1s sombra de fracaso le dej\u00f3, en el Foro de los Balbos cacere\u00f1o, ante tres parroquianos impert\u00e9rritos. Errores y fracasos dan al escritor mejor material literario, iron\u00edas cervantinas de la vida.<\/p>\n<p class=\"voc-p\" style=\"\"><strong>-\u00bfEs un libro sobre pol\u00edtica vivida?<\/strong><\/p>\n<p class=\"voc-p\" style=\"\">-Yo no he querido hacer un libro circunstancial en nada. Est\u00e1 suficientemente filtrado a lo largo de todo el libro para que el lector sepa qu\u00e9 es lo que yo pienso. Lo \u00fanico que puedo dar es una cr\u00f3nica personal, que se entienda el mundo en el que vivimos.<\/p>\n<p class=\"voc-p\" style=\"\"><strong>-El peso mayor del libro lo tiene &#8216;Las armas y las letras&#8217; \u00bfPor qu\u00e9?<\/strong><\/p>\n<p class=\"voc-p\" style=\"\">-El legado de nuestros padres fue el miedo a repetir la Guerra Civil. Porque si se hablaba de la guerra hab\u00eda que hablar de todo. Y todos cometieron en la guerra verdaderas tropel\u00edas. Y esto ha sido as\u00ed hasta que lleg\u00f3 Zapatero. La izquierda hab\u00eda perdido la guerra pero se hab\u00eda quedado con el relato. Cuando llega la Transici\u00f3n, unos renuncian al poder, la derecha, otros renuncian a la venganza, la izquierda. Y funciona. Pero aparece &#8216;Las armas y las letras&#8217; que llama la atenci\u00f3n a cierta izquierda: vais a perder el relato porque lo que hab\u00e9is contado es mentira. <\/p>\n<p class=\"voc-p\" style=\"\"><strong>-Dec\u00edan, seg\u00fan leo en &#8216;Pr\u00f3spero viento&#8217;, que los escritores m\u00e1s importantes de Espa\u00f1a se hab\u00edan puesto del lado de la Rep\u00fablica.<\/strong><\/p>\n<p class=\"voc-p\" style=\"\">-Yo demostraba que eso es mentira al rescatar a tantas figuras de comparable calidad en el otro bando. Y a los ecu\u00e1nimes. Zapatero se da cuenta: \u00abHemos perdido la guerra, vamos a perder el relato\u00bb. Y la \u00fanica manera de no perder el relato era resucitar la guerra. Y en eso est\u00e1, y hay gente que se lo compra.<\/p>\n<p class=\"voc-p\" style=\"\"><strong>-Habla de la tercera Espa\u00f1a a la que los extremos aniquilaron entonces. Hoy han vuelto la batalla cultural y el sectarismo. \u00bfIgual a un lado y al otro?<\/strong><\/p>\n<p class=\"voc-p\" style=\"\">-El hombre culto de izquierdas en general es m\u00e1s agresivo. Parece que \u00e9l solo detenta la verdad. El de derecha es m\u00e1s respetuoso. Generalizando. Yo lo que he visto en cincuenta a\u00f1os es que cuando la izquierda llega a los sitios se aposenta. Y echa a todos los dem\u00e1s. Y cuando la derecha gana, en vez de desplazarlos, los mantiene, porque la derecha ha considerado que la cultura es un florero.<\/p>\n<p class=\"voc-p\" style=\"\"><strong>-Publica aqu\u00ed los pr\u00f3logos sucesivos de &#8216;Las armas y las letras&#8217;. La izquierda cada vez lo recib\u00eda peor, son como un sism\u00f3grafo de una intolerancia.<\/strong><\/p>\n<p class=\"voc-p\" style=\"\">-La izquierda recibi\u00f3 la primera edici\u00f3n con un poco de indiferencia. Se estaban empezando a publicar muchas historias de la guerra y de la posguerra y del exilio poco honorables para la izquierda, y estaban un poco noqueados. Y la poca derecha culta recibi\u00f3 el libro con bastante simpat\u00eda. Por primera vez se dec\u00eda que algunos de los suyos estaban bien, que Neville y Berlanga no son inferiores a Bu\u00f1uel. Que Cunqueiro, Fox\u00e1, S\u00e1nchez Mazas, Torrente Ballester, Manuel Machado, son grandes escritores. Que est\u00e1 muy bien Mar\u00eda Zambrano, \u00bfc\u00f3mo no?, pero su maestro, Ortega y Gasset, no est\u00e1 peor.<\/p>\n<p class=\"voc-p\" style=\"\"><strong>-Y le acusaron de equidistancia.<\/strong><\/p>\n<p class=\"voc-p\" style=\"\">-Eso es, pero no es que sea equidistante. Yo no estoy en medio del comunismo y del fascismo, me enfrento a ambos. Chaves Nogales no est\u00e1 en medio, est\u00e1 frente a los dos. Y eso es lo que tienes que entender, que no es ni comunista ni fascista. Mi libro puso en circulaci\u00f3n a Chaves, que es el ep\u00edtome del hombre ecu\u00e1nime. Sin renunciar a nada de lo que era: un republicano que entiende que la Rep\u00fablica, el 19 de julio, es un r\u00e9gimen fallido. En el momento que empiezan los saqueos y las checas de Madrid ya no puede garantizar la seguridad ni la libertad de los ciudadanos. Y entonces \u00e9l se va. <\/p>\n<p class=\"voc-p\" style=\"\"><strong>-Se quiebra el relato&#8230;<\/strong><\/p>\n<p class=\"voc-p\" style=\"\">-Es que la gente no lo sab\u00eda, porque les estaban diciendo todo el rato que la Rep\u00fablica era un r\u00e9gimen luminoso, lo dec\u00eda Zapatero. \u00bfLuminoso? Si en 1936, con el Frente Popular, asesinaban todos los d\u00edas a tres o cuatro personas en Madrid, y en los tres primeros meses de guerra civil, hay entre 8.000 y 12.000 asesinados en la capital, y algunos dicen 18.000.<\/p>\n<p class=\"voc-p\" style=\"\">&#8211;<strong>Tambi\u00e9n tiene mucho peso en el libro su investigaci\u00f3n del atentado contra la Falange de Cuatro Caminos, que cont\u00f3 primero en una cr\u00f3nica apegada a los documentos y hechos y despu\u00e9s en una novela. \u00bfPor qu\u00e9?<\/strong><\/p>\n<p class=\"voc-p\" style=\"\">-Cont\u00e9 con toda la honestidad posible el primer caso, es decir, el de las v\u00edctimas y los victimarios, en el que en general no queda bien nadie. Hay comunistas a los que si no los mata la polic\u00eda los mata el partido. Y la polic\u00eda torturaba a mansalva. Hab\u00eda una ciudad de m\u00e1s de un mill\u00f3n de habitantes que viv\u00eda de espaldas a todo esto, que no quer\u00edan volver a o\u00edr hablar de la guerra. Lo dec\u00eda muy bien Cansinos en sus memorias: \u00abEl problema de Madrid es que los vencedores solo viven un poco mejor que los vencidos\u00bb, llevaban la misma vida miserable. Luego sent\u00ed que necesitaba contarlo en la ficci\u00f3n para completar el relato. Soy escritor de vocaci\u00f3n cervantina, creo que la novela debe contar sucesos m\u00e1s o menos desdichados para gentes felices, los &#8216;Happy Few&#8217; de Stendhal. La novela est\u00e1 para buscar el sentido que no tiene la vida. En la novela todo cuadra y lleva a un final, si no enteramente, m\u00e1s o menos feliz.<\/p>\n<p class=\"voc-p\" style=\"\"><strong>-Esa novela fue prohibida en &#8216;El Pa\u00eds&#8217;, usted lo llama la &#8216;fatwa&#8217;.<\/strong><\/p>\n<p class=\"voc-p\" style=\"\">-Lo m\u00e1s llamativo es que algo as\u00ed procede de personas que se presentan como moralmente intachables. Y superiores. Y es m\u00e1s triste en este caso porque Jordi Gracia ha sido un buen amigo. Sale en muchos libros m\u00edos, una de las personas que m\u00e1s y mejor ha tratado mis libros. Pero me dijo que no saldr\u00eda nada. Le pregunt\u00e9: \u00bfy si te doy algo bueno, El Quijote? Tampoco. Por suerte estaba Miriam, fue testigo. Hay un testigo y sobre todo hay una constataci\u00f3n. Que se ha cumplido la &#8216;fatwa&#8217;. <\/p>\n<p class=\"voc-p\" style=\"\"><strong>-No hay ecuanimidad en ello.<\/strong><\/p>\n<p class=\"voc-p\" style=\"\">-Por eso hablo de Gil de Biedma. No tengo nada en contra como poeta, aunque hay decenas de poetas que me interesan m\u00e1s. Pero es que el mismo d\u00eda que el Ministerio de Cultura cancelaba los contratos con Pl\u00e1cido Domingo por acusaciones que nunca se sustanciaron, el Cervantes hac\u00eda un homenaje a este poeta que se confiesa en obra p\u00f3stuma pederasta y maltratador en Filipinas. Y d\u00edas despu\u00e9s el gobierno concedi\u00f3 nacionalidad a un pianista brit\u00e1nico maltratado en la infancia. El mismo que hace las leyes las infringe, esto es de aut\u00f3cratas. Y se\u00f1alan y cancelan al que denuncia la arbitrariedad. Y son los mismos que critican a Fox\u00e1, por ejemplo, sin haberlo le\u00eddo. Me parece terrible.<\/p>\n<p class=\"voc-p\" style=\"\"><strong>-Nunca critican al que sienten como uno de los suyos.<\/strong><\/p>\n<p class=\"voc-p\" style=\"\">-En general, no ser\u00e1 porque la gente es cobarde. Hay quien dice que los escritores de izquierda son cobardes. En cierto modo puede ser verdad. Yo creo que hacen mal los c\u00e1lculos. Si son cobardes es porque temen perder. Y temen perder porque tienen poco que perder. Porque son poco. <\/p>\n<p class=\"voc-p\" style=\"\"><strong>-El libro muestra que no se rinde, ni calla. Lo titula &#8216;Pr\u00f3spero viento&#8217;, expresi\u00f3n que saca de Cervantes.<\/strong><\/p>\n<p class=\"voc-p\" style=\"\">-Hemos tenido pr\u00f3speros vientos y vientos adversos. Hasta aqu\u00ed me ha tra\u00eddo mi idea de la vida, por eso no entiendo que la gente se victimice tanto. Eres lo que eres porque tienes una trayectoria y hay que asumirla. Soy una persona muy solitaria. Escribo libros y lo hago no porque est\u00e9 solo, sino para estar solo.<\/p>\n","protected":false},"excerpt":{"rendered":"Parec\u00eda que el nuevo libro de Andr\u00e9s Trapiello ser\u00eda algo as\u00ed como una memoria pol\u00edtica, dedicada a ordenar&hellip;\n","protected":false},"author":2,"featured_media":143261,"comment_status":"","ping_status":"","sticky":false,"template":"","format":"standard","meta":{"footnotes":""},"categories":[172],"tags":[2987,224,790,907,44320,146,147,25,24,6664,260,225,1645,23,257,44319],"class_list":{"0":"post-143260","1":"post","2":"type-post","3":"status-publish","4":"format-standard","5":"has-post-thumbnail","7":"category-libros","8":"tag-andres","9":"tag-books","10":"tag-contar","11":"tag-debe","12":"tag-desdichados","13":"tag-entertainment","14":"tag-entretenimiento","15":"tag-es","16":"tag-espana","17":"tag-feliz","18":"tag-gente","19":"tag-libros","20":"tag-novela","21":"tag-spain","22":"tag-sucesos","23":"tag-trapiello"},"share_on_mastodon":{"url":"","error":""},"_links":{"self":[{"href":"https:\/\/www.europesays.com\/es\/wp-json\/wp\/v2\/posts\/143260","targetHints":{"allow":["GET"]}}],"collection":[{"href":"https:\/\/www.europesays.com\/es\/wp-json\/wp\/v2\/posts"}],"about":[{"href":"https:\/\/www.europesays.com\/es\/wp-json\/wp\/v2\/types\/post"}],"author":[{"embeddable":true,"href":"https:\/\/www.europesays.com\/es\/wp-json\/wp\/v2\/users\/2"}],"replies":[{"embeddable":true,"href":"https:\/\/www.europesays.com\/es\/wp-json\/wp\/v2\/comments?post=143260"}],"version-history":[{"count":0,"href":"https:\/\/www.europesays.com\/es\/wp-json\/wp\/v2\/posts\/143260\/revisions"}],"wp:featuredmedia":[{"embeddable":true,"href":"https:\/\/www.europesays.com\/es\/wp-json\/wp\/v2\/media\/143261"}],"wp:attachment":[{"href":"https:\/\/www.europesays.com\/es\/wp-json\/wp\/v2\/media?parent=143260"}],"wp:term":[{"taxonomy":"category","embeddable":true,"href":"https:\/\/www.europesays.com\/es\/wp-json\/wp\/v2\/categories?post=143260"},{"taxonomy":"post_tag","embeddable":true,"href":"https:\/\/www.europesays.com\/es\/wp-json\/wp\/v2\/tags?post=143260"}],"curies":[{"name":"wp","href":"https:\/\/api.w.org\/{rel}","templated":true}]}}