{"id":143273,"date":"2025-09-28T00:41:11","date_gmt":"2025-09-28T00:41:11","guid":{"rendered":"https:\/\/www.europesays.com\/es\/143273\/"},"modified":"2025-09-28T00:41:11","modified_gmt":"2025-09-28T00:41:11","slug":"italia-y-el-vaticano-median-para-que-la-flotilla-que-va-a-gaza-no-sufra-un-ataque","status":"publish","type":"post","link":"https:\/\/www.europesays.com\/es\/143273\/","title":{"rendered":"Italia y el Vaticano median para que la flotilla que va a Gaza no sufra un ataque"},"content":{"rendered":"<p>Italia y el Vaticano est\u00e1n tratando de mediar para conseguir una salida pac\u00edfica para las embarcaciones que forman parte de la Global Sumud Flotilla, despu\u00e9s  &#8230; de que esta semana hayan sufrido el tercer ataque con drones y ante la negativa de Israel de permitir que transporten directamente hasta la Franja de Gaza la ayuda humanitaria que llevan a bordo, rompiendo as\u00ed el bloqueo naval. Este s\u00e1bado contin\u00faan las negociaciones tras la negativa que los responsables de la Flotilla dieron el d\u00eda anterior a la propuesta de dejar la ayuda en la isla de Chipre, desde donde ser\u00eda luego trasladada hasta la Franja con la garant\u00eda del Patriarcado de Jerusal\u00e9n, el organismo eclesial responsables de los cat\u00f3licos en la citada isla del Mediterr\u00e1neo Oriental y en Tierra Santa.<\/p>\n<p class=\"v-p\">Hasta el presidente de la Rep\u00fablica italiana, Sergio Mattarella, el m\u00e1s alto cargo institucional del pa\u00eds y una figura muy respetada por su compatriotas, se ha involucrado para tratar de evitar que la Global Sumud Flotilla pueda acabar con un escenario similar al de una iniciativa similar, la Freedom Flotilla, que en 2010 fue bloqueada y asaltada por militares israel\u00edes en una operaci\u00f3n que dej\u00f3 10 muertos. <\/p>\n<p class=\"v-p\">\u00abNo hay voluntad de ir a hacerse da\u00f1o por obligaci\u00f3n. Nosotros le pedimos a los gobiernos que adviertan a Israel de que si atacan las embarcaciones en aguas internacionales habr\u00e1 sanciones\u00bb, se\u00f1al\u00f3 Maria Elena Delia, portavoz de la delegaci\u00f3n italiana y que ha bajado a tierra para tratar de impulsar las negociaciones con las instituciones de su pa\u00eds. \u00abNo hay una cerraz\u00f3n ciega. Estamos absolutamente abiertos a negociaciones concretas\u00bb, asegur\u00f3 Delia en declaraciones al diario &#8216;Corriere della Sera&#8217;.<\/p>\n<p class=\"v-p\">A bordo de las embarcaciones que forman parte de la Global Sumud Flotilla hay parlamentarios italianos, as\u00ed como militantes propalestinos de otros 40 pa\u00edses, entre ellos Espa\u00f1a (Ada Colau, exalcaldesa de Barcelona), lo que explica la diversidad de criterios. De hecho, algunos militantes abogaban este s\u00e1bado por continuar con la navegaci\u00f3n hacia Gaza desde la zona de la isla griega de Creta donde se encuentran ahora los barcos.<\/p>\n<p>Comunidad de San Egidio<\/p>\n<p class=\"v-p\">En la mediaci\u00f3n para tratar de encontrar una salida pac\u00edfica a esta iniciativa podr\u00eda jugar un papel la Comunidad de San Egidio, un movimiento cat\u00f3lico conocido por su labor a favor de los excluidos y por su medicaci\u00f3n en diferentes conflictos armados, hasta el punto de que se le conoce como &#8216;la ONU del Trast\u00e9vere&#8217;, por el barrio romano donde naci\u00f3. Este grupo ya coordina diversos corredores humanitarios hacia Italia desde naciones en guerra. Estos proyectos \u00abconjugan acogida e integraci\u00f3n y son una respuesta a los millones de italianos que piden una iniciativa humanitaria a las tragedias a las que asistimos\u00bb, explic\u00f3 el presidente de la comunidad de San Egidio, Marco Impagliazzo, en una entrevista con el diario &#8216;La Repubblica&#8217;.<\/p>\n<p class=\"v-p\">El Gobierno de Giorgia Meloni decidi\u00f3 el mi\u00e9rcoles el env\u00edo a la zona de Creta de una nave militar para \u00abeventuales actividades de socorro\u00bb y \u00abgarantizar asistencia a los ciudadanos italianos\u00bb embarcados en las naves que forman parte de la\u00a0Flotilla, aunque dej\u00f3 claro que no pod\u00eda garantizar su seguridad si entraban en aguas territoriales israel\u00edes. El Ejecutivo espa\u00f1ol sigui\u00f3 despu\u00e9s sus pasos y anunci\u00f3 igualmente que mandaba una nave militar para el mismo fin.<\/p>\n","protected":false},"excerpt":{"rendered":"Italia y el Vaticano est\u00e1n tratando de mediar para conseguir una salida pac\u00edfica para las embarcaciones que forman&hellip;\n","protected":false},"author":2,"featured_media":143274,"comment_status":"","ping_status":"","sticky":false,"template":"","format":"standard","meta":{"footnotes":""},"categories":[42],"tags":[17,18,13,14,9144,694,11,44322,61,62,63,64,628,19,20,27131,44321,9,10,15,16,16285,1965,12,21,22,403,65,66,67],"class_list":{"0":"post-143273","1":"post","2":"type-post","3":"status-publish","4":"format-standard","5":"has-post-thumbnail","7":"category-internacional","8":"tag-breaking-news","9":"tag-breakingnews","10":"tag-featured-news","11":"tag-featurednews","12":"tag-flotilla","13":"tag-gaza","14":"tag-headlines","15":"tag-humanitaria","16":"tag-internacional","17":"tag-international","18":"tag-international-news","19":"tag-internationalnews","20":"tag-italia","21":"tag-latest-news","22":"tag-latestnews","23":"tag-lograr","24":"tag-median","25":"tag-news","26":"tag-noticias","27":"tag-noticias-destacadas","28":"tag-noticiasdestacadas","29":"tag-pacifica","30":"tag-salida","31":"tag-titulares","32":"tag-ultimas-noticias","33":"tag-ultimasnoticias","34":"tag-vaticano","35":"tag-world","36":"tag-world-news","37":"tag-worldnews"},"share_on_mastodon":{"url":"","error":""},"_links":{"self":[{"href":"https:\/\/www.europesays.com\/es\/wp-json\/wp\/v2\/posts\/143273","targetHints":{"allow":["GET"]}}],"collection":[{"href":"https:\/\/www.europesays.com\/es\/wp-json\/wp\/v2\/posts"}],"about":[{"href":"https:\/\/www.europesays.com\/es\/wp-json\/wp\/v2\/types\/post"}],"author":[{"embeddable":true,"href":"https:\/\/www.europesays.com\/es\/wp-json\/wp\/v2\/users\/2"}],"replies":[{"embeddable":true,"href":"https:\/\/www.europesays.com\/es\/wp-json\/wp\/v2\/comments?post=143273"}],"version-history":[{"count":0,"href":"https:\/\/www.europesays.com\/es\/wp-json\/wp\/v2\/posts\/143273\/revisions"}],"wp:featuredmedia":[{"embeddable":true,"href":"https:\/\/www.europesays.com\/es\/wp-json\/wp\/v2\/media\/143274"}],"wp:attachment":[{"href":"https:\/\/www.europesays.com\/es\/wp-json\/wp\/v2\/media?parent=143273"}],"wp:term":[{"taxonomy":"category","embeddable":true,"href":"https:\/\/www.europesays.com\/es\/wp-json\/wp\/v2\/categories?post=143273"},{"taxonomy":"post_tag","embeddable":true,"href":"https:\/\/www.europesays.com\/es\/wp-json\/wp\/v2\/tags?post=143273"}],"curies":[{"name":"wp","href":"https:\/\/api.w.org\/{rel}","templated":true}]}}