{"id":143277,"date":"2025-09-28T00:43:18","date_gmt":"2025-09-28T00:43:18","guid":{"rendered":"https:\/\/www.europesays.com\/es\/143277\/"},"modified":"2025-09-28T00:43:18","modified_gmt":"2025-09-28T00:43:18","slug":"francisco-canizares-acompana-a-d-abilio-martinez-en-su-toma-de-posesion-como-nuevo-obispo-en-ciudad-real","status":"publish","type":"post","link":"https:\/\/www.europesays.com\/es\/143277\/","title":{"rendered":"Francisco Ca\u00f1izares acompa\u00f1a a D. Abilio Mart\u00ednez en su toma de posesi\u00f3n como nuevo obispo en Ciudad Real"},"content":{"rendered":"<dl class=\"article-info\">\n<dt class=\"article-info-term\"\/>\n<dd class=\"published\">\n\t\t\t\t\t Publicado: 27 Septiembre 2025\t\t\t\t<\/dd>\n<\/dl>\n<p>\t\t\t<a class=\"modal thumbnail\" href=\"https:\/\/www.europesays.com\/es\/wp-content\/uploads\/2025\/09\/1758973850989_optimized.jpg\"><img decoding=\"async\" src=\"https:\/\/www.europesays.com\/es\/wp-content\/uploads\/2025\/09\/1758973850989_optimized.jpg\" alt=\"\"\/><\/a><\/p>\n<p>El alcalde de Ciudad Real, Francisco Ca\u00f1izares, ha asistido hoy a la misa solemne de toma de posesi\u00f3n del nuevo obispo de la Di\u00f3cesis de Ciudad Real y prior de las \u00d3rdenes Militares, D. Abilio Mart\u00ednez Varea, celebrada en la Santa Iglesia Catedral Bas\u00edlica de Nuestra Se\u00f1ora del Prado.<\/p>\n<p>Francisco Ca\u00f1izares ha estado acompa\u00f1ado por varios miembros de la Corporaci\u00f3n Municipal, en representaci\u00f3n del Ayuntamiento, en un acto religioso de especial relevancia para la di\u00f3cesis en Ciudad Real, que ha congregado a numerosos fieles, autoridades civiles, religiosas como el consejero 1\u00ba y jefe de negocios de la Nunciatura Apost\u00f3lica en Espa\u00f1a, Monse\u00f1or Roman Walczak, y representantes de distintas instituciones, adem\u00e1s de otras autoridades como el presidente regional Emiliano Garc\u00eda-Page, y el presidente de la Diputaci\u00f3n Provincial, Miguel \u00c1ngel Valverde.<\/p>\n<p><a href=\"https:\/\/www.europesays.com\/es\/wp-content\/uploads\/2025\/09\/1758973851040_optimized.jpg\" class=\"modal thumbnail\"><img loading=\"lazy\" decoding=\"async\" src=\"https:\/\/www.europesays.com\/es\/wp-content\/uploads\/2025\/09\/1758973851040_optimized.jpg\" alt=\"Visita\" width=\"4032\" height=\"3024\"\/><\/a><\/p>\n<p>Ca\u00f1izares ha trasladado en nombre de la ciudad \u00abla bienvenida m\u00e1s c\u00e1lida y afectuosa a Don Abilio\u00bb, en una jornada de especial significado para la comunidad diocesana. \u201cCiudad Real le recibe con los brazos abiertos, como uno m\u00e1s de los nuestros, con el deseo sincero de que se sienta desde hoy vecino y paisano Ciudad Real, a la que llega para guiarnos con responsabilidad, cercan\u00eda y fe\u201d, ha afirmado.<\/p>\n<p>El alcalde ha querido destacar tambi\u00e9n la profunda vinculaci\u00f3n entre la ciudad y su Patrona, Nuestra Se\u00f1ora del Prado, cuya imagen preside la catedral y la vida religiosa local. \u201cQuienes vivimos en esta ciudad sentimos un cari\u00f1o inmenso por nuestra Patrona, sin la cual no podr\u00eda entenderse Ciudad Real ni su historia. Estoy convencido de que la Virgen del Prado ser\u00e1 una gu\u00eda espiritual importante en su labor episcopal y marcar\u00e1 su camino tambi\u00e9n a nivel humano\u201d, ha se\u00f1alado.<\/p>\n<p>\u00a0<\/p>\n<p>Asimismo, Francisco Ca\u00f1izares ha querido tener palabras de reconocimiento y gratitud hacia el anterior obispo de Ciudad Real, Don Gerardo Melgar, quien asumi\u00f3 la responsabilidad pastoral de la di\u00f3cesis en mayo de 2016. El alcalde ha agradecido \u00absu compromiso con esta tierra y su entrega a lo largo de estos a\u00f1os\u00bb, destacando tambi\u00e9n \u00absu contribuci\u00f3n al fortalecimiento de los lazos entre la Iglesia y la sociedad ciudadreale\u00f1a\u00bb.<\/p>\n<p>Finalmente, el alcalde ha reiterado el compromiso del Ayuntamiento con la colaboraci\u00f3n institucional: \u201c\u00c9sta es su casa y su ciudad. Ciudad Real le acompa\u00f1a en esta nueva etapa con respeto y afecto, bajo el manto protector de Nuestra Se\u00f1ora del Prado\u201d.<\/p>\n<p>Monse\u00f1or Abilio Mart\u00ednez Varea, hasta ahora obispo de Osma-Soria, asume desde hoy la responsabilidad pastoral al frente de la di\u00f3cesis de Ciudad Real, sucediendo en el cargo a Gerardo Melgar Viciosa.<\/p>\n","protected":false},"excerpt":{"rendered":"Publicado: 27 Septiembre 2025 El alcalde de Ciudad Real, Francisco Ca\u00f1izares, ha asistido hoy a la misa solemne&hellip;\n","protected":false},"author":2,"featured_media":143278,"comment_status":"","ping_status":"","sticky":false,"template":"","format":"standard","meta":{"footnotes":""},"categories":[5],"tags":[4071,1250,17,18,777,1940,5509,25,24,13,14,11,19,20,9,10,15,16,5510,23,12,5067,4664,21,22],"class_list":{"0":"post-143277","1":"post","2":"type-post","3":"status-publish","4":"format-standard","5":"has-post-thumbnail","7":"category-titulares","8":"tag-agenda","9":"tag-ayuntamiento","10":"tag-breaking-news","11":"tag-breakingnews","12":"tag-ciudad","13":"tag-ciudad-real","14":"tag-empleo","15":"tag-es","16":"tag-espana","17":"tag-featured-news","18":"tag-featurednews","19":"tag-headlines","20":"tag-latest-news","21":"tag-latestnews","22":"tag-news","23":"tag-noticias","24":"tag-noticias-destacadas","25":"tag-noticiasdestacadas","26":"tag-promocion-economica","27":"tag-spain","28":"tag-titulares","29":"tag-tramites","30":"tag-turismo","31":"tag-ultimas-noticias","32":"tag-ultimasnoticias"},"share_on_mastodon":{"url":"","error":""},"_links":{"self":[{"href":"https:\/\/www.europesays.com\/es\/wp-json\/wp\/v2\/posts\/143277","targetHints":{"allow":["GET"]}}],"collection":[{"href":"https:\/\/www.europesays.com\/es\/wp-json\/wp\/v2\/posts"}],"about":[{"href":"https:\/\/www.europesays.com\/es\/wp-json\/wp\/v2\/types\/post"}],"author":[{"embeddable":true,"href":"https:\/\/www.europesays.com\/es\/wp-json\/wp\/v2\/users\/2"}],"replies":[{"embeddable":true,"href":"https:\/\/www.europesays.com\/es\/wp-json\/wp\/v2\/comments?post=143277"}],"version-history":[{"count":0,"href":"https:\/\/www.europesays.com\/es\/wp-json\/wp\/v2\/posts\/143277\/revisions"}],"wp:featuredmedia":[{"embeddable":true,"href":"https:\/\/www.europesays.com\/es\/wp-json\/wp\/v2\/media\/143278"}],"wp:attachment":[{"href":"https:\/\/www.europesays.com\/es\/wp-json\/wp\/v2\/media?parent=143277"}],"wp:term":[{"taxonomy":"category","embeddable":true,"href":"https:\/\/www.europesays.com\/es\/wp-json\/wp\/v2\/categories?post=143277"},{"taxonomy":"post_tag","embeddable":true,"href":"https:\/\/www.europesays.com\/es\/wp-json\/wp\/v2\/tags?post=143277"}],"curies":[{"name":"wp","href":"https:\/\/api.w.org\/{rel}","templated":true}]}}