{"id":143295,"date":"2025-09-28T00:55:08","date_gmt":"2025-09-28T00:55:08","guid":{"rendered":"https:\/\/www.europesays.com\/es\/143295\/"},"modified":"2025-09-28T00:55:08","modified_gmt":"2025-09-28T00:55:08","slug":"la-libelula-la-alegria-del-momento-jacques-brosse-editorial-periferica","status":"publish","type":"post","link":"https:\/\/www.europesays.com\/es\/143295\/","title":{"rendered":"La Lib\u00e9lula &#8211; La alegr\u00eda del momento (Jacques Brosse, editorial Perif\u00e9rica)"},"content":{"rendered":"<p style=\"text-align:justify;\"><strong>#LaLiB\u00e9LuLaR3<\/strong> es un bicho que, a nuestros ojos, simboliza muchas cosas. A veces es como la alegr\u00eda\u2026 se posa tan ligera sobre la charca que casi no la vemos; basta un soplo para que desaparezca\u2026 pero tambi\u00e9n para que regrese, brillando en otra esquina del instante. Es algo que parec\u00eda saber el personaje que hoy impulsa nuestro revoloteo: el fil\u00f3sofo, enciclopedista, pionero del ecologismo y monje budista <strong>Jacques Brosse. Brosse<\/strong> sab\u00eda que la verdadera plenitud no est\u00e1 en acumular, sino en dejarse atravesar por el ahora. Su libro \u201c<strong>La alegr\u00eda del momento<\/strong>\u201d abre esa rendija por la que asoma la vida tal cual es: ef\u00edmera, luminosa, suficiente. Por suerte para nosotros, la editorial <strong>Perif\u00e9rica<\/strong> lo ha publicado seg\u00fan la traducci\u00f3n de <strong>Rafael-Jos\u00e9 D\u00edaz<\/strong> y nosotros lo vamos a sobrevolar adem\u00e1s de leer algunos fragmentos entre otros de <strong>Jos\u00e9 Saramago, Javier Garc\u00eda Cellino <\/strong>y <strong>Ariadna G. Garc\u00eda<\/strong> en las pujantes voces de estos dos \u00faltimos poetas y en las de <strong>Pitito, Malotto, Isberto<\/strong>y <strong>Juan Su\u00e1rez. <\/strong>Por su parte, <strong>#Dj\u03c0Tito <\/strong>ilustrar\u00e1 #estahoradeevasi\u00f3n con canciones de <strong>Chancha Via Circuito, Eliseo Parra, Sergio Tannus <\/strong>con <strong>Luanda Cozetti, Rafael Berrio, Adriano Galante, Laura Itandehui <\/strong>y<strong> Teresa Salgueiro.<\/strong><\/p>\n<p style=\"text-align:justify;\">Aparte de las m\u00fasicas que ambientan los textos, estos son los temas que sonar\u00e1n en este #VueloSinMotor:<\/p>\n<p style=\"text-align:justify;\">Alegr\u00eda &#8211; Chancha Via Circuito \u2013 Bienaventuranza<\/p>\n<p style=\"text-align:justify;\">La llave de la alegr\u00eda &#8211; Eliseo Parra &#8211; Tribus Hispanas<\/p>\n<p style=\"text-align:justify;\">Eu To Alegre (feat. Luanda Cozetti) &#8211; Sergio Tannus &#8211; Son Brasilego<\/p>\n<p style=\"text-align:justify;\">La alegr\u00eda de vivir &#8211; Rafael Berrio &#8211; Diarios<\/p>\n<p style=\"text-align:justify;\">Ser que s\u00ed &#8211; Adriano Galante &#8211; Toda una alegr\u00eda<\/p>\n<p style=\"text-align:justify;\">Yo no Necesito de Mucho &#8211; Laura Itandehui &#8211; Laura Itandehui<\/p>\n<p>#alegria (Jos\u00e9 Saramago) &#8211; Teresa Salgueiro &#8211; #alegria (single)<\/p>\n<p style=\"text-align:justify;\"><strong>******<\/strong><\/p>\n<p style=\"text-align:justify;\">Recuerda que tienes #podcast del programa y #ficciones sueltas en rtve.es\/lalibelula. <\/p>\n<p style=\"text-align:justify;\">Tambi\u00e9n hay #Audiolibros en #Litercast y #videocreaciones en torno a la #Literatura en <strong>Palabra Voyeur<\/strong><\/p>\n<p style=\"text-align:justify;\">Y los versos que viajan entre bits te esperan en el <strong>Metaverso de Radio3 extra. <\/strong>\u00a1Arr\u00edmate!<\/p>\n","protected":false},"excerpt":{"rendered":"#LaLiB\u00e9LuLaR3 es un bicho que, a nuestros ojos, simboliza muchas cosas. A veces es como la alegr\u00eda\u2026 se&hellip;\n","protected":false},"author":2,"featured_media":143296,"comment_status":"","ping_status":"","sticky":false,"template":"","format":"standard","meta":{"footnotes":""},"categories":[172],"tags":[224,44328,146,147,25,24,44327,44326,225,133,1448,1986,1987,23],"class_list":{"0":"post-143295","1":"post","2":"type-post","3":"status-publish","4":"format-standard","5":"has-post-thumbnail","7":"category-libros","8":"tag-books","9":"tag-ed-periferica","10":"tag-entertainment","11":"tag-entretenimiento","12":"tag-es","13":"tag-espana","14":"tag-la-alegria-del-momento-jacques-brosse","15":"tag-la-libelula","16":"tag-libros","17":"tag-online","18":"tag-radio","19":"tag-rne","20":"tag-rtve-play","21":"tag-spain"},"share_on_mastodon":{"url":"","error":""},"_links":{"self":[{"href":"https:\/\/www.europesays.com\/es\/wp-json\/wp\/v2\/posts\/143295","targetHints":{"allow":["GET"]}}],"collection":[{"href":"https:\/\/www.europesays.com\/es\/wp-json\/wp\/v2\/posts"}],"about":[{"href":"https:\/\/www.europesays.com\/es\/wp-json\/wp\/v2\/types\/post"}],"author":[{"embeddable":true,"href":"https:\/\/www.europesays.com\/es\/wp-json\/wp\/v2\/users\/2"}],"replies":[{"embeddable":true,"href":"https:\/\/www.europesays.com\/es\/wp-json\/wp\/v2\/comments?post=143295"}],"version-history":[{"count":0,"href":"https:\/\/www.europesays.com\/es\/wp-json\/wp\/v2\/posts\/143295\/revisions"}],"wp:featuredmedia":[{"embeddable":true,"href":"https:\/\/www.europesays.com\/es\/wp-json\/wp\/v2\/media\/143296"}],"wp:attachment":[{"href":"https:\/\/www.europesays.com\/es\/wp-json\/wp\/v2\/media?parent=143295"}],"wp:term":[{"taxonomy":"category","embeddable":true,"href":"https:\/\/www.europesays.com\/es\/wp-json\/wp\/v2\/categories?post=143295"},{"taxonomy":"post_tag","embeddable":true,"href":"https:\/\/www.europesays.com\/es\/wp-json\/wp\/v2\/tags?post=143295"}],"curies":[{"name":"wp","href":"https:\/\/api.w.org\/{rel}","templated":true}]}}