{"id":143297,"date":"2025-09-28T00:56:06","date_gmt":"2025-09-28T00:56:06","guid":{"rendered":"https:\/\/www.europesays.com\/es\/143297\/"},"modified":"2025-09-28T00:56:06","modified_gmt":"2025-09-28T00:56:06","slug":"sin-esperarlo-demasiado-me-enamore-al-instante-de-esta-serie-espanola-tras-anos-esperando-por-fin-puedo-ver-la-segunda-temporada-noticias-de-series","status":"publish","type":"post","link":"https:\/\/www.europesays.com\/es\/143297\/","title":{"rendered":"Sin esperarlo demasiado, me enamor\u00e9 al instante de esta serie espa\u00f1ola. Tras a\u00f1os esperando, por fin puedo ver la segunda temporada &#8211; Noticias de series"},"content":{"rendered":"<p class=\"bo-p\">La comedia espa\u00f1ola est\u00e1 plagada de muchos actores de nivel y tambi\u00e9n de <b>mentes de mucho oficio y creatividad<\/b>. Muchas, sin embargo, se adscriben a f\u00f3rmulas muy vistas, en ocasiones tirando de chistes o planteamientos que se aproximan a lo casposo, y no aprovechan de todo una cotidianeidad como la nuestra que da tanto para llorar como para re\u00edr sin parar.<\/p>\n<p class=\"bo-p\">Por eso en principio no esperaba nada de una serie como Poquita fe, pero al empezarla me fui dando cuenta de que me lo estaba dando todo. <a href=\"https:\/\/www.sensacine.com\/actores\/actor-265361\/\" class=\"bo-link\" rel=\"nofollow noopener\" target=\"_blank\">Ra\u00fal Cimas<\/a> y <a href=\"https:\/\/www.sensacine.com\/actores\/actor-231968\/\" class=\"bo-link\" rel=\"nofollow noopener\" target=\"_blank\">Esperanza Pedre\u00f1o<\/a> protagonizan <b>uno de los desbordes de ingenio y montaje m\u00e1s fabulosos de la comedia reciente<\/b> para exhibir de la manera m\u00e1s graciosa las realidades m\u00e1s grises.<\/p>\n<p class=\"bo-p\">Berta y Jose Ram\u00f3n llevan tanto tiempo juntos que hasta parecen un poco iguales. Les va bien, o no les va mal. Pero ah\u00ed siguen. Ella trabaja cuidando ni\u00f1os en una guarder\u00eda y \u00e9l es vigilante jurado. <b>Intentan vivir su vida lo mejor que pueden<\/b>.<\/p>\n<p>    <a class=\"cms-see-also\" data-title=\"Link relacionado\" href=\"https:\/\/www.sensacine.com\/noticias\/series\/noticia-1000028060\/\" rel=\"nofollow noopener\" target=\"_blank\">Los creadores de &#8216;Camera Caf\u00e9&#8217; estrenan nueva serie: tr\u00e1iler en exclusiva de &#8216;Poquita fe&#8217;, la comedia de cap\u00edtulos 15 minutos para devorar en una tarde<\/a><\/p>\n<p class=\"bo-p\">El ruido que rodea a Berta y a Jos\u00e9 Ram\u00f3n lo provocan sus suegros que son <b>gente bastante convencional cuya continua presencia toca aguantar<\/b>, la hermana de Berta que es la favorita de la familia, la madre de Jos\u00e9 Ram\u00f3n que es un alma libre aunque agotadora, el despreciable vecino que vive pared con pared, los compa\u00f1eros de trabajo, los del bar, los vecinos, los amigos de los suegros, los amigos de la cu\u00f1ada, los amigos de los amigos\u2026<\/p>\n<p>&#8216;Poquita fe&#8217;: una vida gris<\/p>\n<p class=\"bo-p\">El fabuloso trabajo de <a href=\"https:\/\/www.sensacine.com\/actores\/actor-268285\/\" class=\"bo-link\" rel=\"nofollow noopener\" target=\"_blank\">Pep\u00f3n Montero<\/a> y de <a href=\"https:\/\/www.sensacine.com\/actores\/actor-268286\/\" class=\"bo-link\" rel=\"nofollow noopener\" target=\"_blank\">Juan Maidag\u00e1n<\/a> hace que describir las situaciones m\u00e1s corrientes y carentes de emociones sea todo un torrente de diversi\u00f3n, tirando de un formato de falso documental donde <b>una escena cualquiera es analizada por sus protagonistas y hasta por terceras personas no involucradas<\/b>. Esa manera de comentar la jugada a\u00f1ade absurdo e ingenio a buenas exhibiciones de talento c\u00f3mico costumbrista.<\/p>\n<p>    <a class=\"cms-see-also\" data-title=\"Link relacionado\" href=\"https:\/\/www.sensacine.com\/noticias\/series\/noticia-1000054949\/\" rel=\"nofollow noopener\" target=\"_blank\">Las mejores series del 2023, seg\u00fan SensaCine<\/a><\/p>\n<p class=\"bo-p\">En sus p\u00edldoras cort\u00edsimas logr\u00f3 algo que no pod\u00edas parar de ver en ning\u00fan momento. Tan adictivo como fugaz, haciendo que la espera de dos a\u00f1os se haya hecho especialmente larga. Pero ahora que su segunda temporada ya se ha estrenado no puedo esperar para ver <b>las aventuras menos \u00e9pocas pero m\u00e1s desternillantes<\/b> de la mejor-peor pareja de la ficci\u00f3n de los \u00faltimos a\u00f1os.<\/p>\n<p class=\"bo-p\">Puedes ver Poquita fe en Movistar+.<\/p>\n<p class=\"bo-p\">Si quieres recibir nuestras propuestas y los estrenos en tu mail suscr\u00edbete a nuestra Newsletter<\/p>\n","protected":false},"excerpt":{"rendered":"La comedia espa\u00f1ola est\u00e1 plagada de muchos actores de nivel y tambi\u00e9n de mentes de mucho oficio y&hellip;\n","protected":false},"author":2,"featured_media":143298,"comment_status":"","ping_status":"","sticky":false,"template":"","format":"standard","meta":{"footnotes":""},"categories":[171],"tags":[44329,3059,146,147,25,24,303,23,214],"class_list":{"0":"post-143297","1":"post","2":"type-post","3":"status-publish","4":"format-standard","5":"has-post-thumbnail","7":"category-tv","8":"tag-cine_espanol","9":"tag-comedia","10":"tag-entertainment","11":"tag-entretenimiento","12":"tag-es","13":"tag-espana","14":"tag-movistar","15":"tag-spain","16":"tag-tv"},"share_on_mastodon":{"url":"","error":""},"_links":{"self":[{"href":"https:\/\/www.europesays.com\/es\/wp-json\/wp\/v2\/posts\/143297","targetHints":{"allow":["GET"]}}],"collection":[{"href":"https:\/\/www.europesays.com\/es\/wp-json\/wp\/v2\/posts"}],"about":[{"href":"https:\/\/www.europesays.com\/es\/wp-json\/wp\/v2\/types\/post"}],"author":[{"embeddable":true,"href":"https:\/\/www.europesays.com\/es\/wp-json\/wp\/v2\/users\/2"}],"replies":[{"embeddable":true,"href":"https:\/\/www.europesays.com\/es\/wp-json\/wp\/v2\/comments?post=143297"}],"version-history":[{"count":0,"href":"https:\/\/www.europesays.com\/es\/wp-json\/wp\/v2\/posts\/143297\/revisions"}],"wp:featuredmedia":[{"embeddable":true,"href":"https:\/\/www.europesays.com\/es\/wp-json\/wp\/v2\/media\/143298"}],"wp:attachment":[{"href":"https:\/\/www.europesays.com\/es\/wp-json\/wp\/v2\/media?parent=143297"}],"wp:term":[{"taxonomy":"category","embeddable":true,"href":"https:\/\/www.europesays.com\/es\/wp-json\/wp\/v2\/categories?post=143297"},{"taxonomy":"post_tag","embeddable":true,"href":"https:\/\/www.europesays.com\/es\/wp-json\/wp\/v2\/tags?post=143297"}],"curies":[{"name":"wp","href":"https:\/\/api.w.org\/{rel}","templated":true}]}}