{"id":143308,"date":"2025-09-28T01:04:06","date_gmt":"2025-09-28T01:04:06","guid":{"rendered":"https:\/\/www.europesays.com\/es\/143308\/"},"modified":"2025-09-28T01:04:06","modified_gmt":"2025-09-28T01:04:06","slug":"ucrania-afirma-que-rusia-desconecto-central-de-zaporiyia-dw-27-09-2025","status":"publish","type":"post","link":"https:\/\/www.europesays.com\/es\/143308\/","title":{"rendered":"Ucrania afirma que Rusia desconect\u00f3 central de Zaporiyia \u2013 DW \u2013 27\/09\/2025"},"content":{"rendered":"<p>El Gobierno de <a class=\"internal-link\" href=\"https:\/\/www.dw.com\/es\/ucrania\/t-36925922\" rel=\"nofollow noopener\" target=\"_blank\">Ucrania<\/a> acus\u00f3 este s\u00e1bado (27.09.2025) a Rusia de haber desconectado la <a class=\"internal-link\" href=\"https:\/\/www.dw.com\/es\/zaporiyia-central-nuclear\/t-62712616\" rel=\"nofollow noopener\" target=\"_blank\">central nuclear de Zaporiyia<\/a>, la m\u00e1s grande de Europa y ocupada por los agresores durante los primeros meses de la invasi\u00f3n, de la red el\u00e9ctrica ucraniana desde hace cuatro d\u00edas y de intentar \u00abrobarla\u00bb enlaz\u00e1ndola al sistema bajo control ruso, a pesar de los riesgos de seguridad.<\/p>\n<p>\u00abInstamos a todas las naciones preocupadas por la seguridad nuclear a que dejen claro a Mosc\u00fa que debe poner fin a su apuesta nuclear\u00bb, declar\u00f3 el canciller ucraniano, Andrii Sibiga, en un mensaje publicado en su cuenta de X (Twitter). \u00abSe trata del d\u00e9cimo apag\u00f3n causado en la planta por los rusos\u00bb, escribi\u00f3 el funcionario. Los seis reactores de la central est\u00e1n detenidos, pero necesitan suministro el\u00e9ctrico para ser enfriados.<\/p>\n<p>\u00abLas irresponsables acciones de Mosc\u00fa han provocado demasiados riesgos durante a\u00f1os\u00bb, lament\u00f3, y record\u00f3 que esta semana un dron explot\u00f3 cerca de una central nuclear en el sur de Ucrania. Sibiga tambi\u00e9n denunci\u00f3 que Rusia ha construido 200 kil\u00f3metros de l\u00edneas el\u00e9ctricas con el objetivo de \u00abrobar\u00bb la central y conectarla a la red rusa.<\/p>\n<p>\u00abDebe ser devuelta\u00bb<\/p>\n<p>Este intento ruso de \u00abreconectar la central de Zaporiyia\u00bb podr\u00eda ser la peor de las acciones realizadas por el r\u00e9gimen hasta ahora, dijo el funcionario ucraniano. \u00abMosc\u00fa est\u00e1 intentando reclutar al OIEA para esta aventura y justificar su robo de la central\u00bb, afirm\u00f3 Sibiga, aludiendo a las siglas del <a class=\"internal-link\" href=\"https:\/\/www.dw.com\/es\/oiea\/t-17409590\" rel=\"nofollow noopener\" target=\"_blank\">Organismo Internacional para la Energ\u00eda At\u00f3mica<\/a>. \u00abLa planta nuclear de Zaporiyia debe ser devuelta a Ucrania, su leg\u00edtima propietaria\u00bb, agreg\u00f3.<\/p>\n<p>El s\u00e1bado, el operador de la central, controlado por el grupo ruso Rosatom, confirm\u00f3 que la planta est\u00e1 privada de suministro el\u00e9ctrico externo desde el martes y que actualmente sus necesidades est\u00e1n siendo cubiertas por generadores de emergencia. \u00abDesde el 23 de septiembre de 2025, el suministro el\u00e9ctrico para las necesidades de la central nuclear de Zaporiyia est\u00e1 siendo proporcionado por generadores di\u00e9sel de emergencia\u00bb, indic\u00f3 el operador en Telegram.<\/p>\n<p>Seg\u00fan esta fuente, hay suficientes reservas de combustible para \u00abun funcionamiento prolongado\u00bb en autonom\u00eda y el enfriamiento de los reactores se realiza \u00abcompletamente\u00bb. Sin embargo, Sibiga acus\u00f3 a los operadores rusos de \u00abignorar toda consideraci\u00f3n de seguridad nuclear para complacer a sus jefes en Mosc\u00fa\u00bb.<\/p>\n<p>DZC (AFP, EFE)<\/p>\n","protected":false},"excerpt":{"rendered":"El Gobierno de Ucrania acus\u00f3 este s\u00e1bado (27.09.2025) a Rusia de haber desconectado la central nuclear de Zaporiyia,&hellip;\n","protected":false},"author":2,"featured_media":143309,"comment_status":"","ping_status":"","sticky":false,"template":"","format":"standard","meta":{"footnotes":""},"categories":[42],"tags":[17,18,13,14,11,61,62,63,64,19,20,9,10,15,16,12,21,22,65,66,67],"class_list":{"0":"post-143308","1":"post","2":"type-post","3":"status-publish","4":"format-standard","5":"has-post-thumbnail","7":"category-internacional","8":"tag-breaking-news","9":"tag-breakingnews","10":"tag-featured-news","11":"tag-featurednews","12":"tag-headlines","13":"tag-internacional","14":"tag-international","15":"tag-international-news","16":"tag-internationalnews","17":"tag-latest-news","18":"tag-latestnews","19":"tag-news","20":"tag-noticias","21":"tag-noticias-destacadas","22":"tag-noticiasdestacadas","23":"tag-titulares","24":"tag-ultimas-noticias","25":"tag-ultimasnoticias","26":"tag-world","27":"tag-world-news","28":"tag-worldnews"},"share_on_mastodon":{"url":"","error":""},"_links":{"self":[{"href":"https:\/\/www.europesays.com\/es\/wp-json\/wp\/v2\/posts\/143308","targetHints":{"allow":["GET"]}}],"collection":[{"href":"https:\/\/www.europesays.com\/es\/wp-json\/wp\/v2\/posts"}],"about":[{"href":"https:\/\/www.europesays.com\/es\/wp-json\/wp\/v2\/types\/post"}],"author":[{"embeddable":true,"href":"https:\/\/www.europesays.com\/es\/wp-json\/wp\/v2\/users\/2"}],"replies":[{"embeddable":true,"href":"https:\/\/www.europesays.com\/es\/wp-json\/wp\/v2\/comments?post=143308"}],"version-history":[{"count":0,"href":"https:\/\/www.europesays.com\/es\/wp-json\/wp\/v2\/posts\/143308\/revisions"}],"wp:featuredmedia":[{"embeddable":true,"href":"https:\/\/www.europesays.com\/es\/wp-json\/wp\/v2\/media\/143309"}],"wp:attachment":[{"href":"https:\/\/www.europesays.com\/es\/wp-json\/wp\/v2\/media?parent=143308"}],"wp:term":[{"taxonomy":"category","embeddable":true,"href":"https:\/\/www.europesays.com\/es\/wp-json\/wp\/v2\/categories?post=143308"},{"taxonomy":"post_tag","embeddable":true,"href":"https:\/\/www.europesays.com\/es\/wp-json\/wp\/v2\/tags?post=143308"}],"curies":[{"name":"wp","href":"https:\/\/api.w.org\/{rel}","templated":true}]}}