{"id":143310,"date":"2025-09-28T01:05:05","date_gmt":"2025-09-28T01:05:05","guid":{"rendered":"https:\/\/www.europesays.com\/es\/143310\/"},"modified":"2025-09-28T01:05:05","modified_gmt":"2025-09-28T01:05:05","slug":"hallan-muerto-a-un-obrero-de-vigo-de-29-anos-que-desaparecio-tras-hacer-trabajos-en-el-campo-de-futbol-de-un-pueblo-de-valladolid","status":"publish","type":"post","link":"https:\/\/www.europesays.com\/es\/143310\/","title":{"rendered":"Hallan muerto a un obrero\u00a0de Vigo\u00a0de 29 a\u00f1os\u00a0que desapareci\u00f3 tras hacer trabajos en\u00a0el campo de f\u00fatbol\u00a0de un pueblo de Valladolid"},"content":{"rendered":"<p>\t\t\t\t\t\tGerson F.B. se desplaz\u00f3 el martes a trabajar en una obra en Tudela de Duero y desapareci\u00f3 con el coche de empresa esa misma ma\u00f1ana. Fue hallado este viernes en un pinar de Montemayor de Pililla, situado a 14 kil\u00f3metros. No hay indicios de criminalidad<br \/>\n\t\t\t\t\t\t\t\t\t\t\t\t<strong>28 sep 2025<\/strong> . Actualizado a las 01:26 h.\t\t\t\t\t\t<\/p>\n<p class=\"first-paragraph txt\"><strong>La Polic\u00eda\u00a0Nacional de Valladolid<\/strong> ha encontrado muerto\u00a0esta ma\u00f1ana\u00a0a Gerson F.B., un obrero de 29 a\u00f1os afincado en Vigo que desapareci\u00f3 el pasado martes, d\u00eda 23, cuando trabajaba en una obra en el pueblo de Tudela de\u00a0Duero. El cuerpo ha aparecido tres d\u00edas despu\u00e9s a 14,6 kil\u00f3metros, en\u00a0un\u00a0<strong>pinar de Montemayor de Pililla, <\/strong>en la carretera de\u00a0Torresc\u00e1rcela. Cerca del cuerpo apareci\u00f3 el coche de empresa que \u00e9l mismo conduc\u00eda cuando desapareci\u00f3 el martes. La Polic\u00eda Nacional de Vigo confirm\u00f3 el fallecimiento tras ser identificado el cad\u00e1ver. Se ha abierto una investigaci\u00f3n por la muerte, de la que se desconocen las causas. La Subdelegaci\u00f3n del Gobierno de Valladolid confirma que, en principio, <strong>no hay indicios de criminalidad.<\/strong><\/p>\n<p class=\"txt\">Gerson F.B. era una persona conocida en el ambiente juvenil de Vigo y <strong>muy apreciada<\/strong>. Se hab\u00eda desplazado a <strong>Tudela de Duero<\/strong>, en la provincia de Valladolid,\u00a0con otros compa\u00f1eros de trabajo desde Vigo esa misma ma\u00f1ana del martes.<\/p>\n<p class=\"txt\">Al parecer, seg\u00fan explica su hermano, que denunci\u00f3 su desaparici\u00f3n en Vigo, Gerson sali\u00f3 de la obra en el campo de f\u00fatbol de Tudela conduciendo el coche de empresa para hacer un recado en una ferreter\u00eda y no volvi\u00f3. Tampoco\u00a0apareci\u00f3 en esos d\u00edas el coche que condujo, un Dacia blanco, con matr\u00edcula 4611MFT.<\/p>\n<p class=\"txt\">La familia denunci\u00f3 la desaparici\u00f3n en la <strong>comisar\u00eda de la Polic\u00eda Nacional de Vigo<\/strong> y <strong>SOS Desaparecidos<\/strong> Galicia ha emitido un cartel de b\u00fasqueda. Como en otras ocasiones, se activ\u00f3 la geolocalizaci\u00f3n del m\u00f3vil del joven.<\/p>\n<p class=\"txt\">La <strong>Subdelegaci\u00f3n del Gobierno en Valladolid<\/strong> indic\u00f3 que el cuerpo fue localizado\u00a0en la\u00a0ma\u00f1ana del viernes en el pinar y se activ\u00f3 el protocolo judicial. Las autoridades est\u00e1n a la espera de los resultados del forense para determinar las causas de la muerte. Hay una investigaci\u00f3n abierta. La Subdelegaci\u00f3n confirm\u00f3 que se trata de la persona cuya desaparici\u00f3n hab\u00eda sido denunciada por sus padres. Este organismo aclara que, en principio,<strong> no hay indicios de criminalidad.<\/strong><\/p>\n<p class=\"txt\">Aunque todo apunta a que el cuerpo corresponda a la persona desaparecida, dice la Subdelegaci\u00f3n, a\u00fan no ha sido identificado cient\u00edficamente ni reconocido por los familiares.<\/p>\n<p class=\"txt\">La investigaci\u00f3n corri\u00f3 inicialmente a cargo de la <strong>Guardia Civil<\/strong>, que tiene jurisdicci\u00f3n en Tudela de Duero. Tambi\u00e9n hicieron gestiones\u00a0agentes de la Polic\u00eda Judicial. Finalmente, correspondi\u00f3 a los investigadores\u00a0de Vigo comunicar el hallazgo a la familia del fallecido.<\/p>\n<p class=\"txt\">Los investigadores est\u00e1n a la espera de conocer los resultados de la autopsia para esclarecer las causas de la muerte, que no han trascendido.<\/p>\n<p class=\"txt\">El trabajador pertenec\u00eda a la firma <strong>Urban Global<\/strong>, con sede en Vigo, empresa que se dedica a labores de construcci\u00f3n de campos de f\u00fatbol, zonas de ocio y jardiner\u00eda. Fuentes de la empresa indicaron\u00a0que la desaparici\u00f3n de su empleado estaba en \u00abinvestigaci\u00f3n\u00bb y en \u00abmanos de la polic\u00eda\u00bb.<\/p>\n<p class=\"txt\">Gerson F.B. med\u00eda\u00a0entre 1,65 y 1,70 metros de estatura, es de complexi\u00f3n normal, ten\u00eda\u00a0pelo negro y ondulado,\u00a0y\u00a0ojos casta\u00f1os y vest\u00eda ropa de trabajo.<\/p>\n<p class=\"txt\">La desaparici\u00f3n, que se prolong\u00f3 durante tres d\u00edas, alarm\u00f3 a la familia.\u00a0Seg\u00fan indicaba su hermano en las redes sociales, \u00ablo \u00fanico que sabemos es que mi hermano se fue a trabajar el martes 23\/09\/2025 a Tudela de Duero (Valladolid) y desapareci\u00f3 esa misma ma\u00f1ana\u00bb.\u00a0\u00abSali\u00f3 desde Vigo con la empresa y tres compa\u00f1eros m\u00e1s. Esa misma ma\u00f1ana, mi hermano sali\u00f3 con el coche de la obra (campo de f\u00fatbol de Tudela) a por material de trabajo y no regres\u00f3\u00bb, a\u00f1ade el familiar.\u00a0\u00abPor ahora la polic\u00eda no ha localizado ni a mi hermano ni tampoco al veh\u00edculo, un Dacia blanco con matr\u00edcula: 4611 MTF\u00bb, explica.<\/p>\n<p class=\"txt\">\u00a0\u00abLas \u00faltimas personas en saber de mi hermano fueron sus compa\u00f1eros de trabajo: un hombre de origen salvadore\u00f1o y dos rusos\u00bb, resaltaba el mismo familiar en redes sociales.<\/p>\n<p>&#13;<br \/>\n\tArchivado en:&#13;<br \/>\n\t\t\t\t\t<a href=\"https:\/\/www.lavozdegalicia.es\/temas\/vigo-ciudad\/\" target=\"_blank\" class=\"mg-l\" rel=\"nofollow noopener\">Vigo ciudad<\/a>&#13;<br \/>\n\t\t\t\t\t<a href=\"https:\/\/www.lavozdegalicia.es\/temas\/valladolid\/\" target=\"_blank\" class=\"mg-l\" rel=\"nofollow noopener\">Valladolid<\/a>&#13;<br \/>\n\t\t\t\t\t<a href=\"https:\/\/www.lavozdegalicia.es\/temas\/personas-desaparecidas\/\" target=\"_blank\" class=\"mg-l\" rel=\"nofollow noopener\">Personas desaparecidas<\/a>&#13;<br \/>\n\t&#13;<\/p>\n","protected":false},"excerpt":{"rendered":"Gerson F.B. se desplaz\u00f3 el martes a trabajar en una obra en Tudela de Duero y desapareci\u00f3 con&hellip;\n","protected":false},"author":2,"featured_media":143311,"comment_status":"","ping_status":"","sticky":false,"template":"","format":"standard","meta":{"footnotes":""},"categories":[8],"tags":[17,18,25,24,13,14,11,19,20,9,10,15,16,22489,23,12,21,22,1607,3518],"class_list":{"0":"post-143310","1":"post","2":"type-post","3":"status-publish","4":"format-standard","5":"has-post-thumbnail","7":"category-espana","8":"tag-breaking-news","9":"tag-breakingnews","10":"tag-es","11":"tag-espana","12":"tag-featured-news","13":"tag-featurednews","14":"tag-headlines","15":"tag-latest-news","16":"tag-latestnews","17":"tag-news","18":"tag-noticias","19":"tag-noticias-destacadas","20":"tag-noticiasdestacadas","21":"tag-personas-desaparecidas","22":"tag-spain","23":"tag-titulares","24":"tag-ultimas-noticias","25":"tag-ultimasnoticias","26":"tag-valladolid","27":"tag-vigo-ciudad"},"share_on_mastodon":{"url":"","error":""},"_links":{"self":[{"href":"https:\/\/www.europesays.com\/es\/wp-json\/wp\/v2\/posts\/143310","targetHints":{"allow":["GET"]}}],"collection":[{"href":"https:\/\/www.europesays.com\/es\/wp-json\/wp\/v2\/posts"}],"about":[{"href":"https:\/\/www.europesays.com\/es\/wp-json\/wp\/v2\/types\/post"}],"author":[{"embeddable":true,"href":"https:\/\/www.europesays.com\/es\/wp-json\/wp\/v2\/users\/2"}],"replies":[{"embeddable":true,"href":"https:\/\/www.europesays.com\/es\/wp-json\/wp\/v2\/comments?post=143310"}],"version-history":[{"count":0,"href":"https:\/\/www.europesays.com\/es\/wp-json\/wp\/v2\/posts\/143310\/revisions"}],"wp:featuredmedia":[{"embeddable":true,"href":"https:\/\/www.europesays.com\/es\/wp-json\/wp\/v2\/media\/143311"}],"wp:attachment":[{"href":"https:\/\/www.europesays.com\/es\/wp-json\/wp\/v2\/media?parent=143310"}],"wp:term":[{"taxonomy":"category","embeddable":true,"href":"https:\/\/www.europesays.com\/es\/wp-json\/wp\/v2\/categories?post=143310"},{"taxonomy":"post_tag","embeddable":true,"href":"https:\/\/www.europesays.com\/es\/wp-json\/wp\/v2\/tags?post=143310"}],"curies":[{"name":"wp","href":"https:\/\/api.w.org\/{rel}","templated":true}]}}