{"id":143312,"date":"2025-09-28T01:06:22","date_gmt":"2025-09-28T01:06:22","guid":{"rendered":"https:\/\/www.europesays.com\/es\/143312\/"},"modified":"2025-09-28T01:06:22","modified_gmt":"2025-09-28T01:06:22","slug":"alineaciones-confirmadas-de-mallorca-y-alaves-jornada-7-laliga","status":"publish","type":"post","link":"https:\/\/www.europesays.com\/es\/143312\/","title":{"rendered":"Alineaciones confirmadas de Mallorca y Alav\u00e9s, jornada 7 LALIGA"},"content":{"rendered":"\n<p>M\u00e1s noticias<\/p>\n<p><a class=\"info_masnoticias\" href=\"https:\/\/www.eldesmarque.com\/futbol\/liga-1a-division\/\" rel=\"nofollow noopener\" target=\"_blank\"><br \/>\nM\u00e1s de<br \/>\nM\u00e1s noticias de<br \/>\nLaLiga EA Sports<br \/>\n<\/a><\/p>\n<p><strong>El RCD Mallorca y el Deportivo Alav\u00e9s ya tienen definidos sus equipos titulares para el partido correspondiente a la <a href=\"https:\/\/www.eldesmarque.com\/futbol\/liga-1a-division\/20250904\/fechas-horarios-televisiones-jornada-6-y-7-laliga-ea-sports_300749670.html\" rel=\"nofollow noopener\" target=\"_blank\">jornada 7 de LALIGA<\/a>.<\/strong> Dos din\u00e1micas muy distintas se citan este s\u00e1bado en Son Moix: los bermellones, inmersos en su peor arranque hist\u00f3rico, y los vitorianos, que llegan con calma tras empatar en Getafe y sumar un inicio mucho m\u00e1s estable.<\/p>\n<p>Mallorca, urgido por ganar<\/p>\n<p>La presi\u00f3n recae sobre el equipo de Jagoba Arrasate, que encara el choque con <strong>apenas 2 puntos en seis jornadas<\/strong> y la necesidad de revertir una din\u00e1mica negativa. El t\u00e9cnico no podr\u00e1 contar con Kumbulla, lesionado, ni con Mascarell y Virgili, convocados por sus selecciones para el Mundial sub-20.<\/p>\n<p>En su apuesta inicial, Arrasate refresca las bandas con Asano y Dom\u00e9nech, mientras que Darder ser\u00e1 el encargado de dar equilibrio desde la mediapunta. En la delantera no hay sorpresas: Muriqi es la referencia ofensiva indiscutible.<\/p>\n<p><strong>Once del RCD Mallorca:<\/strong> Leo Rom\u00e1n; Maffeo, Valjent, Ra\u00edllo, Mojica; Sam\u00fa Costa, Morlanes; Asano, Darder, Dom\u00e9nech; y Muriqi.<\/p>\n<p>Alav\u00e9s, con todo a disposici\u00f3n<\/p>\n<p>El conjunto babazorro afronta el partido con el plantel al completo. Eduardo Coudet recupera a futbolistas clave que no partieron de inicio en el Coliseum, como <strong>Ale\u00f1\u00e1 o Lucas Boy\u00e9<\/strong>. La intenci\u00f3n es clara: mantener la solidez que ha mostrado el equipo en este arranque y aprovechar la fragilidad de un rival que no termina de arrancar. <strong>La baja de \u00faltima hora ha sido<a href=\"https:\/\/www.eldesmarque.com\/futbol\/deportivo-alaves\/20250927\/alaves-confirma-baja-facundo-garces-respalda-jugador-comunicado-oficial_300768590.html\" rel=\"nofollow noopener\" target=\"_blank\"> la de Facundo Garc\u00e9s<\/a><\/strong> por una sanci\u00f3n de 12 meses por un pasaporte falso.<\/p>\n<p>Adem\u00e1s, el Alav\u00e9s tiene la oportunidad de lograr una gesta hist\u00f3rica, ya que <strong>nunca ha ganado en Son Moix en Primera Divisi\u00f3n<\/strong>. Un triunfo servir\u00eda para consolidar su buen inicio y ahondar en la crisis de los mallorquines.<\/p>\n<p><strong>Once del Deportivo Alav\u00e9s:<\/strong> Sivera; Jonny, Tenaglia, Jon Pacheco V\u00edctor Parada; Pablo Ib\u00e1\u00f1ez, Blanco; Carlos Vicente, Abde Rebbach, Ale\u00f1\u00e1; y Lucas Boy\u00e9.<\/p>\n<p><img decoding=\"async\" src=\"https:\/\/www.europesays.com\/es\/wp-content\/uploads\/2025\/09\/estadio_de_son_moix_en_mallorca_foto_x.jpg\" width=\"660\" height=\"370.79\" alt=\"Estadio de Son Moix, en Mallorca (Foto: X)\"\/><br \/>\nEstadio de Son Moix, en Mallorca (Foto: X)<\/p>\n","protected":false},"excerpt":{"rendered":"M\u00e1s noticias M\u00e1s de M\u00e1s noticias de LaLiga EA Sports El RCD Mallorca y el Deportivo Alav\u00e9s ya&hellip;\n","protected":false},"author":2,"featured_media":143313,"comment_status":"","ping_status":"","sticky":false,"template":"","format":"standard","meta":{"footnotes":""},"categories":[5],"tags":[17,18,25,24,13,14,11,19,20,9,10,15,16,23,12,21,22],"class_list":{"0":"post-143312","1":"post","2":"type-post","3":"status-publish","4":"format-standard","5":"has-post-thumbnail","7":"category-titulares","8":"tag-breaking-news","9":"tag-breakingnews","10":"tag-es","11":"tag-espana","12":"tag-featured-news","13":"tag-featurednews","14":"tag-headlines","15":"tag-latest-news","16":"tag-latestnews","17":"tag-news","18":"tag-noticias","19":"tag-noticias-destacadas","20":"tag-noticiasdestacadas","21":"tag-spain","22":"tag-titulares","23":"tag-ultimas-noticias","24":"tag-ultimasnoticias"},"share_on_mastodon":{"url":"","error":""},"_links":{"self":[{"href":"https:\/\/www.europesays.com\/es\/wp-json\/wp\/v2\/posts\/143312","targetHints":{"allow":["GET"]}}],"collection":[{"href":"https:\/\/www.europesays.com\/es\/wp-json\/wp\/v2\/posts"}],"about":[{"href":"https:\/\/www.europesays.com\/es\/wp-json\/wp\/v2\/types\/post"}],"author":[{"embeddable":true,"href":"https:\/\/www.europesays.com\/es\/wp-json\/wp\/v2\/users\/2"}],"replies":[{"embeddable":true,"href":"https:\/\/www.europesays.com\/es\/wp-json\/wp\/v2\/comments?post=143312"}],"version-history":[{"count":0,"href":"https:\/\/www.europesays.com\/es\/wp-json\/wp\/v2\/posts\/143312\/revisions"}],"wp:featuredmedia":[{"embeddable":true,"href":"https:\/\/www.europesays.com\/es\/wp-json\/wp\/v2\/media\/143313"}],"wp:attachment":[{"href":"https:\/\/www.europesays.com\/es\/wp-json\/wp\/v2\/media?parent=143312"}],"wp:term":[{"taxonomy":"category","embeddable":true,"href":"https:\/\/www.europesays.com\/es\/wp-json\/wp\/v2\/categories?post=143312"},{"taxonomy":"post_tag","embeddable":true,"href":"https:\/\/www.europesays.com\/es\/wp-json\/wp\/v2\/tags?post=143312"}],"curies":[{"name":"wp","href":"https:\/\/api.w.org\/{rel}","templated":true}]}}