{"id":143316,"date":"2025-09-28T01:09:04","date_gmt":"2025-09-28T01:09:04","guid":{"rendered":"https:\/\/www.europesays.com\/es\/143316\/"},"modified":"2025-09-28T01:09:04","modified_gmt":"2025-09-28T01:09:04","slug":"michael-morales-volveria-a-la-ufc-y-pelearia-por-mas-50-mil-dolares","status":"publish","type":"post","link":"https:\/\/www.europesays.com\/es\/143316\/","title":{"rendered":"Michael Morales volver\u00eda a la UFC y pelear\u00eda por m\u00e1s 50 mil d\u00f3lares"},"content":{"rendered":"<p data-testid=\"paragraph\" class=\"mb-[20px] md:mb-[30px] break-word\"><strong><a href=\"https:\/\/bolavip.com\/tema\/michael-morales\" target=\"_blank\" class=\"break-word font-articleLinkText text-articleLinkText hover:text-articleLinkTextHover hover:bg-articleLinkTextHoverBg cursor-pointer border-solid border-b-articleLinkTextHover\" rel=\"nofollow noopener\">Michael Morales<\/a> tendr\u00eda todo encaminado para regresar a la UFC en las pr\u00f3ximas semanas<\/strong>. El peleador ecuatoriano lleva una incre\u00edble marca en MMA de 18 victorias y ninguna derrota. El tricolor se encuentra en el puesto 7 del peso welter con altas aspiraciones del campeonato. <\/p>\n<p data-testid=\"paragraph\" class=\"mb-[20px] md:mb-[30px] break-word\">Diferentes informes revelan que <strong>Michael Morales se encamina a pelear en noviembre en la UFC en un evento en M\u00e9xico, a\u00fan no se conoce quien ser\u00e1 su rival, pero se espera que tambi\u00e9n sea un luchador con ranking en el peso Welter.<\/strong> Esto en el marco de un camino para un posible pelea titular.<\/p>\n<p data-testid=\"paragraph\" class=\"mb-[20px] md:mb-[30px] break-word\">Asimismo,<strong> Michael Morales tendr\u00e1 la gran opci\u00f3n nuevamente de competir por m\u00e1s de 50.000 d\u00f3lares.<\/strong> Este es el premio base que se entrega a los peleadores de la UFC, este puede varias de acuerdo al rival y el evento. Asimismo, Morales tambi\u00e9n puede llevarse un bono de victoria. <\/p>\n<p data-testid=\"paragraph\" class=\"mb-[20px] md:mb-[30px] break-word\">Despu\u00e9s de Marlon \u2018Chito\u2019 Vera, Michael Morales se ha convertido en la gran esperanza de Ecuador de sumar un campeonato en la empresa de lucha m\u00e1s prestigiosa del mundo.<strong> Morales viene de vencer a Burns en el primer asalto a los 3 minutos. <\/strong><\/p>\n<p><a title=\"Las posibles sanciones que tendr\u00edan Anthony Bedoya y David Cabezas por el caso de apuestas ilegales\" href=\"https:\/\/bolavip.com\/futbol-ecuador\/las-posibles-sanciones-que-tendrian-anthony-bedoya-y-david-cabezas-por-el-caso-de-apuestas-ilegales\" target=\"_self\" rel=\"nofollow noopener\" class=\"article-also-read-embed\"><img decoding=\"async\" class=\"aspect-square max-w-[100px] m-[10px] md:m-0\" src=\"https:\/\/www.europesays.com\/es\/wp-content\/uploads\/2025\/09\/1759021744_831_image\" alt=\"Las posibles sanciones que tendr\u00edan Anthony Bedoya y David Cabezas por el caso de apuestas ilegales\" width=\"200\" height=\"200\" loading=\"lazy\"\/><\/p>\n<p class=\"font-secondary my-[13px] uppercase text-alsoReadSeeAlso bg-alsoReadSeeAlsoBackground alsoReadSeeAlso w-fit\">ver tambi\u00e9n<\/p>\n<p class=\"w-full line-clamp-3 md:line-clamp-2 text-alsoReadEmbedTitle font-primary alsoReadLink\">Las posibles sanciones que tendr\u00edan Anthony Bedoya y David Cabezas por el caso de apuestas ilegales<\/p>\n<p><\/a><\/p>\n<p data-testid=\"paragraph\" class=\"mb-[20px] md:mb-[30px] break-word\">Se espera que en las pr\u00f3ximas semanas se haga oficial el regreso de Michael Morales al oct\u00e1gono y quien ser\u00e1 su nuevo rival. Asi como \u2018Chito\u2019 el ecuatoriano necesita a\u00fan peleas de consolidaci\u00f3n para convertirse en un aspirante oficial al campeonato.<\/p>\n<p><a title=\"Atl\u00e9tico de Madrid le meti\u00f3 5 y ahora Real Madrid buscar\u00eda a este defensa ecuatoriano\" href=\"https:\/\/bolavip.com\/futbol-ecuador\/atletico-de-madrid-le-metio-5-y-ahora-real-madrid-buscaria-a-este-defensa-ecuatoriano\" target=\"_self\" rel=\"nofollow noopener\" class=\"article-also-read-embed\"><img decoding=\"async\" class=\"aspect-square max-w-[100px] m-[10px] md:m-0\" src=\"https:\/\/www.europesays.com\/es\/wp-content\/uploads\/2025\/09\/1759021744_885_image\" alt=\"Atl\u00e9tico de Madrid le meti\u00f3 5 y ahora Real Madrid buscar\u00eda a este defensa ecuatoriano\" width=\"200\" height=\"200\" loading=\"lazy\"\/><\/p>\n<p class=\"font-secondary my-[13px] uppercase text-alsoReadSeeAlso bg-alsoReadSeeAlsoBackground alsoReadSeeAlso w-fit\">ver tambi\u00e9n<\/p>\n<p class=\"w-full line-clamp-3 md:line-clamp-2 text-alsoReadEmbedTitle font-primary alsoReadLink\">Atl\u00e9tico de Madrid le meti\u00f3 5 y ahora Real Madrid buscar\u00eda a este defensa ecuatoriano<\/p>\n<p><\/a>El incre\u00edble r\u00e9cord de Michael Morales en la UFC<\/p>\n<p data-testid=\"paragraph\" class=\"mb-[20px] md:mb-[30px] break-word\">Michael Morales tiene actualmente en la UFC 6 victorias y 0 derrotas. Pero en toda su carrera en la MMA, ya lleva 18 victorias en total y 0 derrotas. Asimismo, el ecuatoriano lleva 13 victorias por nocaut, y ha terminado a sus rivales en 9 ocasiones diferentes. <\/p>\n<p class=\"w-full mb-[5px] md:mb-[11px] text-articlePollEmbedTitleMobile md:text-articlePollEmbedTitle font-secondary\">Encuesta\u00bfMichael Morales podr\u00e1 ganar un t\u00edtulo en la UFC?<\/p>\n<p class=\"block md:hidden font-bold mb-[9px] text-articlePollText text-articlePollEmbedTitleMobile md:text-articlePollEmbedTitle font-secondary tracking-normal\">\u00bfMichael Morales podr\u00e1 ganar un t\u00edtulo en la UFC?<\/p>\n","protected":false},"excerpt":{"rendered":"Michael Morales tendr\u00eda todo encaminado para regresar a la UFC en las pr\u00f3ximas semanas. El peleador ecuatoriano lleva&hellip;\n","protected":false},"author":2,"featured_media":143317,"comment_status":"","ping_status":"","sticky":false,"template":"","format":"standard","meta":{"footnotes":""},"categories":[276],"tags":[168,2622,25,24,2404,23,167,343],"class_list":{"0":"post-143316","1":"post","2":"type-post","3":"status-publish","4":"format-standard","5":"has-post-thumbnail","7":"category-ufc","8":"tag-deportes","9":"tag-ecuador","10":"tag-es","11":"tag-espana","12":"tag-michael-morales","13":"tag-spain","14":"tag-sports","15":"tag-ufc"},"share_on_mastodon":{"url":"","error":""},"_links":{"self":[{"href":"https:\/\/www.europesays.com\/es\/wp-json\/wp\/v2\/posts\/143316","targetHints":{"allow":["GET"]}}],"collection":[{"href":"https:\/\/www.europesays.com\/es\/wp-json\/wp\/v2\/posts"}],"about":[{"href":"https:\/\/www.europesays.com\/es\/wp-json\/wp\/v2\/types\/post"}],"author":[{"embeddable":true,"href":"https:\/\/www.europesays.com\/es\/wp-json\/wp\/v2\/users\/2"}],"replies":[{"embeddable":true,"href":"https:\/\/www.europesays.com\/es\/wp-json\/wp\/v2\/comments?post=143316"}],"version-history":[{"count":0,"href":"https:\/\/www.europesays.com\/es\/wp-json\/wp\/v2\/posts\/143316\/revisions"}],"wp:featuredmedia":[{"embeddable":true,"href":"https:\/\/www.europesays.com\/es\/wp-json\/wp\/v2\/media\/143317"}],"wp:attachment":[{"href":"https:\/\/www.europesays.com\/es\/wp-json\/wp\/v2\/media?parent=143316"}],"wp:term":[{"taxonomy":"category","embeddable":true,"href":"https:\/\/www.europesays.com\/es\/wp-json\/wp\/v2\/categories?post=143316"},{"taxonomy":"post_tag","embeddable":true,"href":"https:\/\/www.europesays.com\/es\/wp-json\/wp\/v2\/tags?post=143316"}],"curies":[{"name":"wp","href":"https:\/\/api.w.org\/{rel}","templated":true}]}}