{"id":143332,"date":"2025-09-28T01:19:09","date_gmt":"2025-09-28T01:19:09","guid":{"rendered":"https:\/\/www.europesays.com\/es\/143332\/"},"modified":"2025-09-28T01:19:09","modified_gmt":"2025-09-28T01:19:09","slug":"bailando-con-las-estrellas-expulsa-a-un-concursante-y-dos-nuevas-parejas-tendran-que-batirse-en-duelo-para-seguir-en-el-programa","status":"publish","type":"post","link":"https:\/\/www.europesays.com\/es\/143332\/","title":{"rendered":"&#8216;Bailando con las estrellas&#8217; expulsa a un concursante y dos nuevas parejas tendr\u00e1n que batirse en duelo para seguir en el programa"},"content":{"rendered":"<p class=\"v-mdl-ath__p v-mdl-ath__p--6\">\nS\u00e1bado, 27 de septiembre 2025<\/p>\n<p>| Actualizado 28\/09\/2025 01:49h.<\/p>\n<p class=\"v-p\">Telecinco emit\u00eda este s\u00e1bado 27 de septiembre la tercera gala de &#8216;<a href=\"https:\/\/www.lasprovincias.es\/culturas\/tv\/bailando-estrellas-elimina-primer-concursante-20250920010631-nt.html\" title=\"www.lasprovincias.es\" data-voc-vtm-id=\"in-text-traffic\" data-mrf-link=\"www.lasprovincias.es\" rel=\"nofollow noopener\" target=\"_blank\">Bailando con las estrellas<\/a>&#8216;, presentada por Jes\u00fas V\u00e1zquez y Valeria Mazza. En esta ocasi\u00f3n, dos parejas se iban a jugar la expulsi\u00f3n del programa al ser los peores valorados en el \u00faltimo programa. Pepe Navarro y Paula se ten\u00edan que batir en un duelo final con Iago Garc\u00eda e In\u00e9s.<\/p>\n<p class=\"v-p\">Iago Garc\u00eda e In\u00e9s Mi\u00f1ana eran los primeros en actuar, recibiendo la felicitaci\u00f3n del jurado: \u00abSe te ha visto m\u00e1s seguro, a veces hay que ponerte en la cuerda floja\u00bb, le dec\u00eda Gorka M\u00e1rquez a Iago. Los siguientes eran sus rivales Pepe Navarro y Paula con un vals.<\/p>\n<p><a href=\"http:\/\/www.lasprovincias.es\/culturas\/tv\/ana-rosa-reina-20250928010135-ntrc.html#vtm_modulosEngag=mod-rel:culturas:noticia:1:cmp:1-not\" class=\"v-a-link\" aria-label=\"Imagen\" rel=\"nofollow noopener\" target=\"_blank\"><\/p>\n<p><img decoding=\"async\" loading=\"lazy\" src=\"https:\/\/www.europesays.com\/es\/wp-content\/uploads\/2025\/09\/Imagen CF1NC0B1-kwuB-U2303195073288EKG-366x256@RC.jpg\" class=\"v-a-img\" width=\"258\" height=\"180\" alt=\"\" data-voc-vtm-id=\"in-text-traffic\"\/><\/p>\n<p><\/a><\/p>\n<p class=\"v-p\">Llegaba el momento de decidir por parte del jurado, que excepto Pelayo el resto votaba la continuidad de Iago e In\u00e9s. Por lo tanto, Pepe Navarro se despide de &#8216;Bailando con las estrellas&#8217;. \u00abGracias por permitirme hacer algo que pensaba que no iba a hacer nuca\u00bb, se desped\u00eda.<\/p>\n<p class=\"v-p\">Posteriormente, le tocaba bailar a cada una de las parejas. De nuevo, han brillado nombres como el de Tania Medina o Nona Sobo, pero tambi\u00e9n ha habido algunos momentos tensos porque a alguno de los concursantes no le ha gustado la puntuaci\u00f3n que ha recibido.<\/p>\n<p class=\"v-p\">\u00abMandarme \u00faltimo me parece delito\u00bb, le ha dicho Iago Garc\u00eda al jurado despu\u00e9s de la valoraci\u00f3n que le han dado. Una semana m\u00e1s, dos parejas no se iban a librar de ser los nominados y tener que pelear la pr\u00f3xima semana para seguir en &#8216;Bailando con las estrellas&#8217;.<\/p>\n<p class=\"v-p\">Entre el jurado y la audiencia decid\u00edan que fueran de nuevo Iago, y esta vez Sara, que tendr\u00e1n pelear durante los pr\u00f3ximos 7 d\u00edas para ganarse su continuidad.<\/p>\n<p>Comenta<\/p>\n<p>Reporta un error<\/p>\n","protected":false},"excerpt":{"rendered":"S\u00e1bado, 27 de septiembre 2025 | Actualizado 28\/09\/2025 01:49h. Telecinco emit\u00eda este s\u00e1bado 27 de septiembre la tercera&hellip;\n","protected":false},"author":2,"featured_media":143333,"comment_status":"","ping_status":"","sticky":false,"template":"","format":"standard","meta":{"footnotes":""},"categories":[171],"tags":[15762,2884,146,147,25,24,782,13637,8012,3397,23,214],"class_list":{"0":"post-143332","1":"post","2":"type-post","3":"status-publish","4":"format-standard","5":"has-post-thumbnail","7":"category-tv","8":"tag-bailando","9":"tag-concursante","10":"tag-entertainment","11":"tag-entretenimiento","12":"tag-es","13":"tag-espana","14":"tag-estrellas","15":"tag-expulsa","16":"tag-querido","17":"tag-sabado","18":"tag-spain","19":"tag-tv"},"share_on_mastodon":{"url":"","error":""},"_links":{"self":[{"href":"https:\/\/www.europesays.com\/es\/wp-json\/wp\/v2\/posts\/143332","targetHints":{"allow":["GET"]}}],"collection":[{"href":"https:\/\/www.europesays.com\/es\/wp-json\/wp\/v2\/posts"}],"about":[{"href":"https:\/\/www.europesays.com\/es\/wp-json\/wp\/v2\/types\/post"}],"author":[{"embeddable":true,"href":"https:\/\/www.europesays.com\/es\/wp-json\/wp\/v2\/users\/2"}],"replies":[{"embeddable":true,"href":"https:\/\/www.europesays.com\/es\/wp-json\/wp\/v2\/comments?post=143332"}],"version-history":[{"count":0,"href":"https:\/\/www.europesays.com\/es\/wp-json\/wp\/v2\/posts\/143332\/revisions"}],"wp:featuredmedia":[{"embeddable":true,"href":"https:\/\/www.europesays.com\/es\/wp-json\/wp\/v2\/media\/143333"}],"wp:attachment":[{"href":"https:\/\/www.europesays.com\/es\/wp-json\/wp\/v2\/media?parent=143332"}],"wp:term":[{"taxonomy":"category","embeddable":true,"href":"https:\/\/www.europesays.com\/es\/wp-json\/wp\/v2\/categories?post=143332"},{"taxonomy":"post_tag","embeddable":true,"href":"https:\/\/www.europesays.com\/es\/wp-json\/wp\/v2\/tags?post=143332"}],"curies":[{"name":"wp","href":"https:\/\/api.w.org\/{rel}","templated":true}]}}