{"id":143342,"date":"2025-09-28T01:26:22","date_gmt":"2025-09-28T01:26:22","guid":{"rendered":"https:\/\/www.europesays.com\/es\/143342\/"},"modified":"2025-09-28T01:26:22","modified_gmt":"2025-09-28T01:26:22","slug":"torres-y-oliu-la-lucha-de-dos-titanes-de-la-banca-para-sobrevivir-a-una-opa-historica","status":"publish","type":"post","link":"https:\/\/www.europesays.com\/es\/143342\/","title":{"rendered":"Torres y Oliu: la lucha de dos titanes de la banca para sobrevivir a una opa hist\u00f3rica"},"content":{"rendered":"<p><a class=\"v-mdl-ath__fig-a\" href=\"https:\/\/www.laverdad.es\/autor\/clara-alba-4389.html\" title=\"Clara Alba\" rel=\"nofollow noopener\" target=\"_blank\"><br \/>\n<img decoding=\"async\" class=\"v-mdl-ath__img\" src=\"https:\/\/www.europesays.com\/es\/wp-content\/uploads\/2025\/09\/autor-4389-foto-2.jpeg\" alt=\"Clara Alba\"\/><br \/>\n<\/a><\/p>\n<p class=\"v-mdl-ath__p v-mdl-ath__p--6\">\nDomingo, 28 de septiembre 2025, 00:49<\/p>\n<p class=\"v-p\">Dicen quienes les rodean que siempre han presumido de una relaci\u00f3n \u00abcordial\u00bb y \u00abrespetuosa\u00bb que ahora se enfrenta a una aut\u00e9ntica prueba de fuego para mantenerse a flote. El presidente de BBVA, Carlos Torres (Salamanca, 1966), y el de Banco Sabadell, Josep Oliu (Sabadell, 1949), han sabido mantener las formas en las pocas ocasiones en las que han coincidido en p\u00fablico desde que el 9 de mayo de 2024 la vasca dinamitase el mapa bancario espa\u00f1ol con su opa hostil sobre la catalana. Era el nuevo intento de Torres por fusionarse con Sabadell en cuatro a\u00f1os, desde que en 2020 ambas entidades rompieran negociaciones por desacuerdos en la ecuaci\u00f3n de canje. <\/p>\n<p class=\"v-p\">Aquel momento, que parec\u00eda un punto y seguido en la relaci\u00f3n de los dos banqueros, se transform\u00f3 en una brecha casi insalvable el pasado a\u00f1o, tras la filtraci\u00f3n del nuevo acercamiento que precipit\u00f3 el lanzamiento de la opa hostil, en un momento cr\u00edtico, antes de las elecciones a la Generalitat en Catalu\u00f1a. \u00abNo dir\u00eda que me sent\u00ed enga\u00f1ado; esa filtraci\u00f3n ocurri\u00f3\u00bb, defend\u00eda el presidente de BBVA en una reciente entrevista con este diario, cuando se le preguntaba por su relaci\u00f3n con Oliu, quien sigue manteniendo en p\u00fablico que aquella informaci\u00f3n adelantada por la cadena brit\u00e1nica Sky News no parti\u00f3, precisamente, del banco que preside<\/p>\n<p class=\"v-p\">Pese a las tensiones, ambos suelen dirigirse palabras de afecto profesional, en un momento en el que su destino como titanes de la banca sigue siendo una de las grandes inc\u00f3gnitas tras los 16 meses que ya dura esta operaci\u00f3n, la cuarta del sector m\u00e1s larga de Europa.<\/p>\n<p><img decoding=\"async\" id=\"g-consejo-admin-v4-XS-img\" class=\"g-consejo-admin-v4-XS-img g-aiImg\" alt=\"\" src=\"https:\/\/www.europesays.com\/es\/wp-content\/uploads\/2025\/09\/consejo-admin-v4-XS.jpg\"\/><\/p>\n<p class=\"g-pstyle0\">Consejo de Administraci\u00f3n de BBVA<\/p>\n<p class=\"g-pstyle2\">Carlos Torres Vila Presidente<\/p>\n<p class=\"g-pstyle1\">Onur Gen\u00e7<\/p>\n<p class=\"g-pstyle3\">Consejero delegado<\/p>\n<p class=\"g-pstyle1\">Enrique Casanueva N\u00e1rdiz<\/p>\n<p class=\"g-pstyle4\">Cristina De Parias Halc\u00f3n<\/p>\n<p class=\"g-pstyle2\">Jos\u00e9 Miguel<\/p>\n<p class=\"g-pstyle2\">Andr\u00e9s Torrecillas<\/p>\n<p class=\"g-pstyle5\">Vicepresidente<\/p>\n<p class=\"g-pstyle0\">Consejo de Administraci\u00f3n de Banco Sabadell<\/p>\n<p class=\"g-pstyle2\">Josep Oliu Creus Presidente<\/p>\n<p class=\"g-pstyle1\">C\u00e9sar Gonz\u00e1lez-<\/p>\n<p class=\"g-pstyle1\">Bueno Mayer<\/p>\n<p class=\"g-pstyle3\">C. delegado<\/p>\n<p class=\"g-pstyle4\">David Vegara Figueras<\/p>\n<p class=\"g-pstyle6\">Consejero<\/p>\n<p class=\"g-pstyle4\">Ana Colonques Garc\u00eda-Planas<\/p>\n<p class=\"g-pstyle1\">Mar\u00eda Gloria<\/p>\n<p class=\"g-pstyle1\">Hern\u00e1ndez Garc\u00eda<\/p>\n<p class=\"g-pstyle4\">George Donald Johnston III<\/p>\n<p class=\"g-pstyle4\">Mar\u00eda Jos\u00e9 Garc\u00eda Beato<\/p>\n<p class=\"g-pstyle2\">Pedro Fontana Garc\u00eda<\/p>\n<p class=\"g-pstyle5\">Vicepresidente<\/p>\n<p><img decoding=\"async\" id=\"g-consejo-admin-v4-S-img\" class=\"g-consejo-admin-v4-S-img g-aiImg\" alt=\"\" src=\"https:\/\/www.europesays.com\/es\/wp-content\/uploads\/2025\/09\/consejo-admin-v4-S.jpg\"\/><\/p>\n<p class=\"g-pstyle0\">Consejo de Administraci\u00f3n de BBVA<\/p>\n<p class=\"g-pstyle2\">Carlos Torres Vila Presidente<\/p>\n<p class=\"g-pstyle1\">Onur Gen\u00e7<\/p>\n<p class=\"g-pstyle4\">Consejero delegado<\/p>\n<p class=\"g-pstyle3\">Cristina De Parias Halc\u00f3n<\/p>\n<p class=\"g-pstyle2\">Jos\u00e9 Miguel<\/p>\n<p class=\"g-pstyle2\">Andr\u00e9s Torrecillas<\/p>\n<p class=\"g-pstyle5\">Vicepresidente<\/p>\n<p class=\"g-pstyle0\">Consejo de Administraci\u00f3n de Banco Sabadell<\/p>\n<p class=\"g-pstyle2\">Josep Oliu Creus Presidente<\/p>\n<p class=\"g-pstyle1\">C\u00e9sar Gonz\u00e1lez-<\/p>\n<p class=\"g-pstyle1\">Bueno Mayer<\/p>\n<p class=\"g-pstyle4\">C. delegado<\/p>\n<p class=\"g-pstyle3\">David Vegara Figueras<\/p>\n<p class=\"g-pstyle6\">Consejero<\/p>\n<p class=\"g-pstyle3\">Ana Colonques Garc\u00eda-Planas<\/p>\n<p class=\"g-pstyle1\">Mar\u00eda Gloria<\/p>\n<p class=\"g-pstyle1\">Hern\u00e1ndez Garc\u00eda<\/p>\n<p class=\"g-pstyle3\">George Donald Johnston III<\/p>\n<p class=\"g-pstyle3\">Mar\u00eda Jos\u00e9 Garc\u00eda Beato<\/p>\n<p class=\"g-pstyle2\">Pedro Fontana Garc\u00eda<\/p>\n<p class=\"g-pstyle5\">Vicepresidente<\/p>\n<p><img decoding=\"async\" id=\"g-consejo-admin-v4-M-img\" class=\"g-consejo-admin-v4-M-img g-aiImg\" alt=\"\" src=\"https:\/\/www.europesays.com\/es\/wp-content\/uploads\/2025\/09\/consejo-admin-v4-M.jpg\"\/><\/p>\n<p class=\"g-pstyle0\">Consejo de Administraci\u00f3n de BBVA<\/p>\n<p class=\"g-pstyle1\">Enrique Casanueva N\u00e1rdiz<\/p>\n<p class=\"g-pstyle1\">Ra\u00fal Galamba de Oliveira<\/p>\n<p class=\"g-pstyle3\">Onur Gen\u00e7<\/p>\n<p class=\"g-pstyle4\">Consejero delegado<\/p>\n<p class=\"g-pstyle1\">Jos\u00e9 Miguel<\/p>\n<p class=\"g-pstyle1\">Andr\u00e9s Torrecillas<\/p>\n<p class=\"g-pstyle5\">Vicepresidente<\/p>\n<p class=\"g-pstyle3\">Carlos Torres Vila Presidente<\/p>\n<p class=\"g-pstyle1\">Cristina De Parias Halc\u00f3n<\/p>\n<p class=\"g-pstyle0\">Consejo de Administraci\u00f3n de Banco Sabadell<\/p>\n<p class=\"g-pstyle1\">David Vegara Figueras<\/p>\n<p class=\"g-pstyle5\">Consejero<\/p>\n<p class=\"g-pstyle1\">Ana Colonques Garc\u00eda-Planas<\/p>\n<p class=\"g-pstyle3\">C\u00e9sar Gonz\u00e1lez-<\/p>\n<p class=\"g-pstyle3\">Bueno Mayer<\/p>\n<p class=\"g-pstyle4\">Consejero delegado<\/p>\n<p class=\"g-pstyle1\">George Donald Johnston III<\/p>\n<p class=\"g-pstyle1\">Pedro Fontana Garc\u00eda<\/p>\n<p class=\"g-pstyle5\">Vicepresidente<\/p>\n<p class=\"g-pstyle3\">Josep Oliu Creus<\/p>\n<p class=\"g-pstyle4\">Presidente<\/p>\n<p class=\"g-pstyle6\">Mar\u00eda Jos\u00e9 Garc\u00eda Beato<\/p>\n<p class=\"g-pstyle2\">Margarita Salvans Puigb\u00f2<\/p>\n<p class=\"g-pstyle3\">Mar\u00eda Gloria<\/p>\n<p class=\"g-pstyle3\">Hern\u00e1ndez Garc\u00eda<\/p>\n<p><img decoding=\"async\" id=\"g-consejo-admin-v4-L-img\" class=\"g-consejo-admin-v4-L-img g-aiImg\" alt=\"\" src=\"https:\/\/www.europesays.com\/es\/wp-content\/uploads\/2025\/09\/consejo-admin-v4-L.jpg\"\/><\/p>\n<p class=\"g-pstyle0\">Consejo de Administraci\u00f3n de BBVA<\/p>\n<p class=\"g-pstyle2\">Enrique Casanueva N\u00e1rdiz<\/p>\n<p class=\"g-pstyle2\">Onur Gen\u00e7<\/p>\n<p class=\"g-pstyle3\">Consejero delegado<\/p>\n<p class=\"g-pstyle2\">Ra\u00fal Galamba de Oliveira<\/p>\n<p class=\"g-pstyle1\">Jos\u00e9 Miguel<\/p>\n<p class=\"g-pstyle1\">Andr\u00e9s Torrecillas<\/p>\n<p class=\"g-pstyle4\">Vicepresidente<\/p>\n<p class=\"g-pstyle5\">Carlos Torres Vila Presidente<\/p>\n<p class=\"g-pstyle2\">Cristina De Parias Halc\u00f3n<\/p>\n<p class=\"g-pstyle0\">Consejo de Administraci\u00f3n de Banco Sabadell<\/p>\n<p class=\"g-pstyle2\">David Vegara Figueras<\/p>\n<p class=\"g-pstyle3\">Consejero<\/p>\n<p class=\"g-pstyle2\">Ana Colonques Garc\u00eda-Planas<\/p>\n<p class=\"g-pstyle5\">C\u00e9sar Gonz\u00e1lez-<\/p>\n<p class=\"g-pstyle5\">Bueno Mayer<\/p>\n<p class=\"g-pstyle6\">Consejero delegado<\/p>\n<p class=\"g-pstyle1\">George Donald Johnston III<\/p>\n<p class=\"g-pstyle1\">Pedro Fontana Garc\u00eda<\/p>\n<p class=\"g-pstyle4\">Vicepresidente<\/p>\n<p class=\"g-pstyle5\">Josep Oliu Creus<\/p>\n<p class=\"g-pstyle6\">Presidente<\/p>\n<p class=\"g-pstyle1\">Mar\u00eda Jos\u00e9 Garc\u00eda Beato<\/p>\n<p class=\"g-pstyle2\">Mar\u00eda Gloria<\/p>\n<p class=\"g-pstyle2\">Hern\u00e1ndez Garc\u00eda<\/p>\n<p class=\"g-pstyle2\">Margarita Salvans Puigb\u00f2<\/p>\n<p class=\"v-p\">Los dos se conocen bien y saben que se juegan mucho en esta guerra del desgaste. No se trata solo del futuro de sus bancos, sino del suyo propio. Y es que sea cual sea el resultado de la operaci\u00f3n, uno de los dos saldr\u00e1 peor parado que el otro. <\/p>\n<p class=\"v-p\">Fuentes del entorno de Carlos Torres mantienen que, si la opa no sale adelante, doler\u00e1, pero no ser\u00e1 ning\u00fan fracaso. As\u00ed lo asegura tambi\u00e9n el propio banquero, confiado en la fortaleza de BBVA -\u00abun bancazo\u00bb, seg\u00fan defiende cada vez que tiene ocasi\u00f3n- incluso en caso de no anexionarse Sabadell. <\/p>\n<p class=\"v-p\">El directivo ya logr\u00f3 el &#8216;s\u00ed&#8217; de su consejo a la ampliaci\u00f3n de capital inicial para llevar a cabo la opa. Y tambi\u00e9n se asegur\u00f3 el apoyo a seguir adelante pese a las condiciones de Competencia y el veto temporal a la fusi\u00f3n impuesto por el Gobierno. No obstante, fuentes del sector financiero consultadas por este diario apuntan al severo agotamiento que para muchos accionistas ha supuesto el proceso que, en las estimaciones iniciales de La Vela, iba a cerrarse en apenas seis meses. \u00abLa imposibilidad de liquidar la oferta podr\u00eda afectar de forma negativa a la reputaci\u00f3n de BBVA y generar reacciones adversas en inversores y clientes\u00bb, reconoc\u00eda el banco en uno de los documentos remitidos estos d\u00edas a la CNMV.<\/p>\n<p class=\"v-p\">Las mismas fuentes insisten en que, pese al hartazgo, el banquero no se plantea dimitir si no tiene \u00e9xito en su cruzada, incluso a pesar de las voces que no comulgan del todo con ese riesgo de tropezar dos veces con la misma piedra. Sobre todo tras la evidente necesidad de mejorar la opa que llevaba sobrevolando el mercado desde comienzos de a\u00f1o y que -pese a negarlo mil veces- finalmente ha ocurrido. <\/p>\n<p><a href=\"http:\/\/www.laverdad.es\/economia\/banca\/accionistas-clave-asalto-bbva-sabadell-20250928114511-ntrc.html#vtm_modulosEngag=mod-rel:economia:noticia:1:cmp:1-not\" class=\"v-a-link\" aria-label=\"Imagen\" rel=\"nofollow noopener\" target=\"_blank\"><\/p>\n<p><img decoding=\"async\" loading=\"lazy\" src=\"https:\/\/www.europesays.com\/es\/wp-content\/uploads\/2025\/09\/sabadell-kPLC--366x256@RC.jpg\" class=\"v-a-img\" width=\"258\" height=\"180\" alt=\"\" data-voc-vtm-id=\"in-text-traffic\"\/><\/p>\n<p><\/a><\/p>\n<p class=\"v-p\">Si esa <a href=\"https:\/\/www.laverdad.es\/economia\/banca\/bbva-mejora-oferta-hacerse-sabadell-20250922081829-ntrc.html\" data-voc-vtm-id=\"in-text-traffic\" title=\"mejora del 10% anunciada \" rel=\"nofollow noopener\" target=\"_blank\">mejora del 10% anunciada <\/a> esta semana convence a los accionistas del Sabadell, este podr\u00eda ser el tercer gran hito de Torres desde que asumi\u00f3 la presidencia ejecutiva de BBVA -figura que no termina de gustar al BCE, que aboga por separar el poder ejecutivo de ese cargo- en 2019. Su otra gran operaci\u00f3n fue la venta de la filial de EE UU a PNC por 11.600 millones de d\u00f3lares en 2020, dinero con el que valor\u00f3 su primer contacto con Sabadell. Pero su verdadero hito al frente del banco ha sido sin duda el importante proceso de digitalizaci\u00f3n acometido, su gran obsesi\u00f3n como estrategia de ahorro de costes y de futuro para todo el sector. <\/p>\n<p class=\"v-p\">Por su parte, Josep Oliu, de 75 a\u00f1os y con 26 a sus espaldas al frente de la entidad, ha asumido estos meses el mando en el plan de resistencia del Sabadell. Para \u00e9l, se trata de algo m\u00e1s que un negocio. El precio es importante, pero tambi\u00e9n el fuerte arraigo de un banco fundado en 1881 por un grupo de hist\u00f3ricas familias catalanas y que Oliu ha convertido en la cuarta entidad del pa\u00eds, con un valor de mercado de unos 17.000 millones de euros. <\/p>\n<p>Porvenir incierto<\/p>\n<p class=\"v-p\">Con el buen tono que le caracteriza en las distancias cortas, Oliu ha rechazado estos meses cualquier especulaci\u00f3n en torno a su posible futuro, bien sea a trav\u00e9s de una sucesi\u00f3n -para los que piensan que esta es su \u00faltima batalla al frente del banco, si sigue en solitario-, bien a trav\u00e9s de una jubilaci\u00f3n forzada si la opa tiene \u00e9xito y hay cambios en el consejo del Sabadell. Todo depender\u00e1 de la participaci\u00f3n de control que BBVA alcance con la opa. Es decir, podr\u00e1 nombrar el n\u00famero de consejeros seg\u00fan la posici\u00f3n definitiva que tenga, siempre que se respete la condici\u00f3n del Gobierno de una \u00abgesti\u00f3n independiente\u00bb de ambas entidades durante al menos tres a\u00f1os, prorrogables a otros dos.<\/p>\n<p class=\"v-p\">Fuentes del entorno aseguran que, a sus 76 a\u00f1os, Oliu rechaza la idea de jubilarse si la opa fracasa, lo que le permitir\u00eda dejar el banco por la puerta grande. Su hipot\u00e9tica reelecci\u00f3n ser\u00eda en 2027, con 78 a\u00f1os, aunque el triunfo de BBVA acelerar\u00eda su retirada. \u00abNo hay ninguna decisi\u00f3n tomada\u00bb, asegura Torres cuando se le pregunta si contar\u00eda con \u00e9l en caso de que la fusi\u00f3n prospere. Pero no parece que esa posibilidad de trabajar mano a mano vaya a suceder. Los dos banqueros han acelerado el choque dial\u00e9ctico estos d\u00edas, conscientes de que en esta carrera de fondo en la que se ha convertido la opa, es vital apretar en la recta final hacia la meta.<\/p>\n<p>Comenta<\/p>\n<p>Reporta un error<\/p>\n<p class=\"v-crt__t\"> L\u00edmite de sesiones alcanzadas<\/p>\n<p class=\"v-crt__p\">El acceso al contenido Premium est\u00e1 abierto por cortes\u00eda del establecimiento donde te encuentras, pero ahora mismo hay demasiados usuarios conectados a las vez.<\/p>\n<p class=\"v-crt__p\">Por favor, int\u00e9ntalo pasados unos minutos.<\/p>\n<p>\nVolver a intentar\n<\/p>\n<p class=\"v-crt__t\">Sesi\u00f3n cerrada<\/p>\n<p class=\"v-crt__p\">Al iniciar sesi\u00f3n desde un dispositivo distinto, por seguridad, se cerr\u00f3 la \u00faltima sesi\u00f3n en este.<\/p>\n<p class=\"v-crt__p\">Para continuar disfrutando de su suscripci\u00f3n digital, inicie sesi\u00f3n en este dispositivo.<\/p>\n<p>\nEste contenido es exclusivo para suscriptores\n<\/p>\n<p class=\"text\">\u00bfTienes una suscripci\u00f3n? <a href=\"https:\/\/secure.laverdad.es\/login\/login.html#vca=suscribete&amp;vso=laverdad&amp;vmc=on&amp;vli=cdn-ce-link-login\" class=\"login\" data-voc-vtm-id=\"comienzoSuscripcionON\" data-voc-vtm-info=\"cdn-ce-link-login\" rel=\"nofollow noopener\" target=\"_blank\">Inicia sesi\u00f3n<\/a><\/p>\n","protected":false},"excerpt":{"rendered":"Domingo, 28 de septiembre 2025, 00:49 Dicen quienes les rodean que siempre han presumido de una relaci\u00f3n \u00abcordial\u00bb&hellip;\n","protected":false},"author":2,"featured_media":143343,"comment_status":"","ping_status":"","sticky":false,"template":"","format":"standard","meta":{"footnotes":""},"categories":[80],"tags":[5219,82,1563,95,94,25,24,5229,591,39303,3284,13480,23,44334,4655],"class_list":{"0":"post-143342","1":"post","2":"type-post","3":"status-publish","4":"format-standard","5":"has-post-thumbnail","7":"category-economia","8":"tag-banca","9":"tag-business","10":"tag-dos","11":"tag-economia","12":"tag-economy","13":"tag-es","14":"tag-espana","15":"tag-historica","16":"tag-lucha","17":"tag-oliu","18":"tag-opa","19":"tag-sobrevivir","20":"tag-spain","21":"tag-titanes","22":"tag-torres"},"share_on_mastodon":{"url":"","error":""},"_links":{"self":[{"href":"https:\/\/www.europesays.com\/es\/wp-json\/wp\/v2\/posts\/143342","targetHints":{"allow":["GET"]}}],"collection":[{"href":"https:\/\/www.europesays.com\/es\/wp-json\/wp\/v2\/posts"}],"about":[{"href":"https:\/\/www.europesays.com\/es\/wp-json\/wp\/v2\/types\/post"}],"author":[{"embeddable":true,"href":"https:\/\/www.europesays.com\/es\/wp-json\/wp\/v2\/users\/2"}],"replies":[{"embeddable":true,"href":"https:\/\/www.europesays.com\/es\/wp-json\/wp\/v2\/comments?post=143342"}],"version-history":[{"count":0,"href":"https:\/\/www.europesays.com\/es\/wp-json\/wp\/v2\/posts\/143342\/revisions"}],"wp:featuredmedia":[{"embeddable":true,"href":"https:\/\/www.europesays.com\/es\/wp-json\/wp\/v2\/media\/143343"}],"wp:attachment":[{"href":"https:\/\/www.europesays.com\/es\/wp-json\/wp\/v2\/media?parent=143342"}],"wp:term":[{"taxonomy":"category","embeddable":true,"href":"https:\/\/www.europesays.com\/es\/wp-json\/wp\/v2\/categories?post=143342"},{"taxonomy":"post_tag","embeddable":true,"href":"https:\/\/www.europesays.com\/es\/wp-json\/wp\/v2\/tags?post=143342"}],"curies":[{"name":"wp","href":"https:\/\/api.w.org\/{rel}","templated":true}]}}