{"id":143346,"date":"2025-09-28T01:28:17","date_gmt":"2025-09-28T01:28:17","guid":{"rendered":"https:\/\/www.europesays.com\/es\/143346\/"},"modified":"2025-09-28T01:28:17","modified_gmt":"2025-09-28T01:28:17","slug":"la-sociedad-almeriense-se-vuelca-con-la-ciencia-en-la-noche-europea-de-los-investigadores","status":"publish","type":"post","link":"https:\/\/www.europesays.com\/es\/143346\/","title":{"rendered":"La sociedad almeriense se vuelca con la ciencia en la Noche Europea de los Investigadores |"},"content":{"rendered":"<p>Fruto del intenso trabajo de divulgaci\u00f3n cient\u00edfica que la UAL ha acumulado durante a\u00f1os, ha vuelto a suceder. La sociedad almeriense ha sido fiel a su encuentro con el disfrute de la ciencia desde \u2018lo cotidiano\u2019, o, lo que es lo mismo, desde el descubrimiento de lo que hacen d\u00eda a d\u00eda las personas que se dedican a investigar. Precisamente ellas han sido las protagonistas de una nueva edici\u00f3n de la Noche Europea de los Investigadores, volcadas en acercar a la ciudadan\u00eda de una forma atractiva y divertida c\u00f3mo su trabajo tiene aplicaci\u00f3n real en sus vidas. El v\u00ednculo de Almer\u00eda con la ciencia es s\u00f3lido, como bien demuestra la valoraci\u00f3n generalizada de los miles de visitantes: \u201cNuestras vidas mejoran gracias a los avances en sus investigaciones\u201d. Ha sido organizada, como es habitual, por la OTRI\/OTC de la Universidad de Almer\u00eda, bajo la coordinaci\u00f3n andaluza de la Fundaci\u00f3n Descubre.<\/p>\n<p>Tras una semana previa con m\u00e1s de una veintena de actividades previas desarrolladas en una treintena de centros educativos de la provincia, se ha llegado al momento m\u00e1s esperado por los almerienses, que han vuelto a ocupar una posici\u00f3n de liderazgo en relaci\u00f3n a la asistencia al mayor evento mundial de divulgaci\u00f3n cient\u00edfica. Este hecho cobra especial relevancia al recordar que se celebra de modo simult\u00e1neo en 400 ciudades de 30 pa\u00edses. Afluencia masiva en los tres espacios, el Mirador de la Rambla, el siguiente tramo de la Avenida Federico Garc\u00eda Lorca y el patio de la Delegaci\u00f3n del Gobierno de la Junta de Andaluc\u00eda, se ha vivido un encuentro intergeneracional en el que familias completas han llenado de vida todas y cada una de las 69 propuestas planteadas por las 267 investigadoras y los 224 investigadores. De ese total de 491 personas \u2018de ciencia\u2019, la mayor\u00eda desarrollan su actividad en la UAL, pero tambi\u00e9n se ha contado con el respaldo de los dem\u00e1s centros de investigaci\u00f3n con presencia en la provincia.<\/p>\n<p>Ha sido inaugurada por el rector, Jos\u00e9 J. C\u00e9spedes, junto al delegado del Gobierno de Espa\u00f1a, Jos\u00e9 Mar\u00eda Mart\u00edn; a la delegada del Gobierno de la Junta de Andaluc\u00eda, Ar\u00e1nzazu Mart\u00edn; \u00a0el concejal de Cultura y Tradiciones del Ayuntamiento de Almer\u00eda, Diego Cruz, y la diputada de Emprendimiento e Iniciativas Europeas, Esther \u00c1lvarez. Se ha contado tambi\u00e9n con la participaci\u00f3n de Francisco Alonso, delegado territorial de Desarrollo Educativo y Formaci\u00f3n Profesional y de Universidad, Investigaci\u00f3n e Innovaci\u00f3n; y Jos\u00e9 Mar\u00eda Vargas, director de Zona Centro de la Direcci\u00f3n Territorial de Almer\u00eda de Cajamar, la principal entidad patrocinadora. Han asistido igualmente por parte de la UAL Jos\u00e9 Antonio S\u00e1nchez, vicerrector de Pol\u00edtica Cient\u00edfica; Antonio Gim\u00e9nez, director de la OTRI\/OTC; Jos\u00e9 Antonio Garrido, director de Secretariado de Divulgaci\u00f3n Cient\u00edfica, e Isabel Manzanares, vocal del Consejo Social. Todos juntos han realizado despu\u00e9s un recorrido por los diferentes expositores.<\/p>\n<p><img fetchpriority=\"high\" decoding=\"async\" width=\"600\" height=\"400\" data-id=\"25788\" src=\"https:\/\/www.europesays.com\/es\/wp-content\/uploads\/2025\/09\/FOTO-3-UAL-26-SEPTIEMBRE-2025-NOCHE-EUROPEA-600x400.jpg\" alt=\"\" class=\"wp-image-25788\"  \/><\/p>\n<p><img loading=\"lazy\" decoding=\"async\" width=\"600\" height=\"400\" data-id=\"25790\" src=\"https:\/\/www.europesays.com\/es\/wp-content\/uploads\/2025\/09\/FOTO-16-UAL-26-SEPTIEMBRE-2025-NOCHE-EUROPEA-600x400.jpg\" alt=\"\" class=\"wp-image-25790\"  \/><\/p>\n<p><img loading=\"lazy\" decoding=\"async\" width=\"600\" height=\"400\" data-id=\"25786\" src=\"https:\/\/www.europesays.com\/es\/wp-content\/uploads\/2025\/09\/FOTO-9-UAL-26-SEPTIEMBRE-2025-NOCHE-EUROPEA-600x400.jpg\" alt=\"\" class=\"wp-image-25786\"  \/><\/p>\n<p>Para Jos\u00e9 J. C\u00e9spedes, la Noche Europea de los Investigadores es de una relevancia absoluta, porque \u201ces el d\u00eda en el que la ciencia que se hace en la UAL sale a la calle y conecta directamente con la ciudadan\u00eda\u201d, siendo \u201cuna enorme satisfacci\u00f3n comprobar la gran acogida que, edici\u00f3n tras edici\u00f3n, tiene, con miles de personas visitando los expositores, participando en las actividades, escuchando las explicaciones de nuestros investigadores y conociendo de cerca, de manera l\u00fadica y tambi\u00e9n rigurosa, las l\u00edneas de investigaci\u00f3n que se est\u00e1n desarrollando, que son muchas y muy variadas\u201d. En ese sentido, ha mostrado su \u201corgullo\u201d de que \u201cAlmer\u00eda es de las ciudades con mejor respuesta ciudadana a la Noche Europea de los Investigadores, reuniendo un 20% de las 80.000 personas que se suman en toda Andaluc\u00eda como media en cada edici\u00f3n\u201d.<\/p>\n<p>El rector ha expresado su \u201creconocimiento y agradecimiento a las instituciones que apoyan este gran evento cient\u00edfico, que realmente son todas, algo esencial para mantenerla\u201d. Ha recordado que \u201cesta edici\u00f3n est\u00e1 dedicada a las Misiones de Horizonte Europa, que se centran en cinco \u00e1reas cruciales para nuestro futuro: c\u00e1ncer; adaptaci\u00f3n al cambio clim\u00e1tico, agua y oc\u00e9anos, ciudades inteligentes y clim\u00e1ticamente neutras y, por \u00faltimo, salud del suelo y alimentos\u201d. En definitiva, \u201clo m\u00e1s relevante de este evento es que la investigaci\u00f3n sale de las instalaciones cient\u00edficas y conecta directamente con los ciudadanos a pie de calle, siendo una manera de romper con el clich\u00e9 de que la ciencia es algo inalcanzable para las personas no iniciadas en un \u00e1mbito de conocimiento y de desmitificar ese alejamiento de los cient\u00edficos con la sociedad\u201d.<\/p>\n<p><img loading=\"lazy\" decoding=\"async\" width=\"600\" height=\"400\" data-id=\"25789\" src=\"https:\/\/www.europesays.com\/es\/wp-content\/uploads\/2025\/09\/FOTO-4-UAL-26-SEPTIEMBRE-2025-NOCHE-EUROPEA-600x400.jpg\" alt=\"\" class=\"wp-image-25789\"  \/><\/p>\n<p><img loading=\"lazy\" decoding=\"async\" width=\"600\" height=\"400\" data-id=\"25791\" src=\"https:\/\/www.europesays.com\/es\/wp-content\/uploads\/2025\/09\/FOTO-18-UAL-26-SEPTIEMBRE-2025-NOCHE-EUROPEA-600x400.jpg\" alt=\"\" class=\"wp-image-25791\"  \/><\/p>\n<p>Jos\u00e9 Mar\u00eda Mart\u00edn, por su parte, ha destacado \u201clas numerosas actividades que se han desarrollado en coordinaci\u00f3n con todas las administraciones que participan en esta Noche Europea de los Investigadores, dirigidas a todos los p\u00fablicos y que abarcan diversas \u00e1reas de conocimiento\u201d. Ha recordado que \u201cen Almer\u00eda tenemos dos centros de referencia internacional, como son la Plataforma Solar de Almer\u00eda, perteneciente al CIEMAT, y el Observatorio Astron\u00f3mico de Calar Alto, que esta noche adem\u00e1s est\u00e1n presentes con distintas actividades para dar a conocer su important\u00edsima capacidad investigadora\u201d.<\/p>\n<p>Para Ar\u00e1nzazu Mart\u00edn, \u201cesta \u2018fiesta de la ciencia\u2019 es un escenario \u00fanico que acerca la Universidad a nuestra ciudad y es tambi\u00e9n un acontecimiento \u00fanico para despertar la vocaci\u00f3n cient\u00edfica y para aproximar al ciudadano de a pie los beneficios de la investigaci\u00f3n en temas tan relevantes y de tanta actualidad como el c\u00e1ncer, el agua y los oc\u00e9anos o la adaptaci\u00f3n al cambio clim\u00e1tico, entre otros\u201d. La delegada de la Junta de Andaluc\u00eda ha a\u00f1adido que \u201cdesde el Gobierno andaluz seguimos apostando un a\u00f1o m\u00e1s por esta cita imprescindible\u201d.<\/p>\n<p>Por parte del Ayuntamiento de Almer\u00eda, Diego Cruz ha asegurado que \u201cpara nosotros es un verdadero placer ver la Rambla y el Mirador con miles de personas, de todas las edades, que se interesan por la ciencia\u201d. Ha recordado que \u201cAlmer\u00eda cuenta con una fant\u00e1stica oferta de ocio, con una intensa actividad cultural para todos los p\u00fablicos, pero tambi\u00e9n es ciencia, es investigaci\u00f3n y es trabajar por un futuro m\u00e1s sostenible\u201d. Ha felicitado \u201ca la Universidad, a su rector y a su equipo como organizadora principal, y a todos los colaboradores que hacen posible que llevemos 14 a\u00f1os celebrando esta actividad\u201d. En cuanto a Esther \u00c1lvarez, ha puesto en valor que \u201cpara la Diputaci\u00f3n de Almer\u00eda es un honor formar parte, un a\u00f1o m\u00e1s, de la Noche Europea de los Investigadores, un evento que convierte nuestras calles en un gran espacio de encuentro entre la ciencia y la ciudadan\u00eda\u201d. De hecho, \u201cla provincia se ha consolidado como una de las m\u00e1s activas en esta cita internacional, ello gracias a la implicaci\u00f3n de nuestras instituciones y, sobre todo, al entusiasmo de nuestros investigadores\u201d. Desde la Diputaci\u00f3n se ha reafirmado \u201cel compromiso con la divulgaci\u00f3n cient\u00edfica\u201d, a\u00f1adiendo que \u201cla ciencia no solo nos ayuda a comprender mejor el mundo, sino que tambi\u00e9n nos ofrece soluciones a los grandes retos del futuro, desde el cambio clim\u00e1tico hasta la salud o la alimentaci\u00f3n\u201d.<\/p>\n","protected":false},"excerpt":{"rendered":"Fruto del intenso trabajo de divulgaci\u00f3n cient\u00edfica que la UAL ha acumulado durante a\u00f1os, ha vuelto a suceder.&hellip;\n","protected":false},"author":2,"featured_media":143347,"comment_status":"","ping_status":"","sticky":false,"template":"","format":"standard","meta":{"footnotes":""},"categories":[8],"tags":[17,18,25,24,13,14,11,19,20,9,10,15,16,23,12,21,22],"class_list":{"0":"post-143346","1":"post","2":"type-post","3":"status-publish","4":"format-standard","5":"has-post-thumbnail","7":"category-espana","8":"tag-breaking-news","9":"tag-breakingnews","10":"tag-es","11":"tag-espana","12":"tag-featured-news","13":"tag-featurednews","14":"tag-headlines","15":"tag-latest-news","16":"tag-latestnews","17":"tag-news","18":"tag-noticias","19":"tag-noticias-destacadas","20":"tag-noticiasdestacadas","21":"tag-spain","22":"tag-titulares","23":"tag-ultimas-noticias","24":"tag-ultimasnoticias"},"share_on_mastodon":{"url":"","error":""},"_links":{"self":[{"href":"https:\/\/www.europesays.com\/es\/wp-json\/wp\/v2\/posts\/143346","targetHints":{"allow":["GET"]}}],"collection":[{"href":"https:\/\/www.europesays.com\/es\/wp-json\/wp\/v2\/posts"}],"about":[{"href":"https:\/\/www.europesays.com\/es\/wp-json\/wp\/v2\/types\/post"}],"author":[{"embeddable":true,"href":"https:\/\/www.europesays.com\/es\/wp-json\/wp\/v2\/users\/2"}],"replies":[{"embeddable":true,"href":"https:\/\/www.europesays.com\/es\/wp-json\/wp\/v2\/comments?post=143346"}],"version-history":[{"count":0,"href":"https:\/\/www.europesays.com\/es\/wp-json\/wp\/v2\/posts\/143346\/revisions"}],"wp:featuredmedia":[{"embeddable":true,"href":"https:\/\/www.europesays.com\/es\/wp-json\/wp\/v2\/media\/143347"}],"wp:attachment":[{"href":"https:\/\/www.europesays.com\/es\/wp-json\/wp\/v2\/media?parent=143346"}],"wp:term":[{"taxonomy":"category","embeddable":true,"href":"https:\/\/www.europesays.com\/es\/wp-json\/wp\/v2\/categories?post=143346"},{"taxonomy":"post_tag","embeddable":true,"href":"https:\/\/www.europesays.com\/es\/wp-json\/wp\/v2\/tags?post=143346"}],"curies":[{"name":"wp","href":"https:\/\/api.w.org\/{rel}","templated":true}]}}