{"id":143378,"date":"2025-09-28T01:52:10","date_gmt":"2025-09-28T01:52:10","guid":{"rendered":"https:\/\/www.europesays.com\/es\/143378\/"},"modified":"2025-09-28T01:52:10","modified_gmt":"2025-09-28T01:52:10","slug":"nos-ha-faltado-gasolina-y-frescura-en-los-tiros","status":"publish","type":"post","link":"https:\/\/www.europesays.com\/es\/143378\/","title":{"rendered":"\u201cNos ha faltado gasolina y frescura en los tiros\u201d"},"content":{"rendered":"<p data-mrf-recirculation=\"Links P\u00e1rrafos\" class=\"ue-c-article__paragraph paragraph ue-c-article--first-letter-highlighted\">El <strong>Unicaja <\/strong>no pudo revalidar su t\u00edtulo en la <strong>Supercopa<\/strong> tras caer en un intenso duelo ante <strong>Valencia Basket (87-95)<\/strong>. Al t\u00e9rmino del encuentro, <strong>Ibon Navarro<\/strong> analiz\u00f3 las claves de la derrota, marcada por el cansancio acumulado tras el viaje a Singapur y la falta de acierto en los tiros decisivos.<\/p>\n<p data-mrf-recirculation=\"Links P\u00e1rrafos\" class=\"ue-c-article__paragraph paragraph\">\u201cTenemos jugadores enfermos y por eso habremos batido un r\u00e9cord en cambios.<strong> El Valencia exige correr y hemos aceptado el reto. Esos errores en el tiro tienen que ver con ese desgaste.<\/strong> Toca seguir porque la temporada de verdad para nosotros empieza la semana que viene\u201d, explic\u00f3 el t\u00e9cnico, que lament\u00f3 no poder brindar un nuevo t\u00edtulo a la afici\u00f3n en el Carpena.<\/p>\n<blockquote class=\"ue-c-article__blockquote\">\n<p>El Valencia exige correr y hemos aceptado el reto. Esos errores en el tiro tienen que ver con ese desgaste<\/p>\n<p>Ibon Navarro (Entrenador del Unicaja)<\/p><\/blockquote>\n<p data-mrf-recirculation=\"Links P\u00e1rrafos\" class=\"ue-c-article__paragraph paragraph\">El entrenador destac\u00f3 la superioridad reboteadora de los malague\u00f1os, aunque insuficiente para inclinar la balanza: <strong>\u201cCreo que tenemos trece tiros m\u00e1s que Valencia y eso no es normal<\/strong>. Hemos tenido fallos en tiros abiertos y libres. <strong>Ellos lo han aprovechado pese a tirar menos y nuestra superioridad en rebote no se nota tanto<\/strong>. Hay que analizar por qu\u00e9 no hemos metido\u201d.<\/p>\n<p><img decoding=\"async\" width=\"1024\" height=\"682\" class=\"ue-c-article__image lazyload\" alt=\".\" loading=\"lazy\" src=\"https:\/\/www.europesays.com\/es\/wp-content\/uploads\/2025\/09\/68d8516415be0.jpeg\"\/><\/p>\n<p>.EFE<\/p>\n<p data-mrf-recirculation=\"Links P\u00e1rrafos\" class=\"ue-c-article__paragraph paragraph\">Respecto al desgaste f\u00edsico tras competir en la Copa Intercontinental, Navarro reconoci\u00f3 que el equipo no lleg\u00f3 en las mejores condiciones: <strong>\u201cNos ha faltado gasolina y m\u00e1s sin Tyson. <\/strong>Bendito peaje tener que ir a Singapur a competir por un t\u00edtulo intercontinental\u201d.<\/p>\n<p>Piropos a Jonathan Barreiro<\/p>\n<p data-mrf-recirculation=\"Links P\u00e1rrafos\" class=\"ue-c-article__paragraph paragraph\">El t\u00e9cnico tambi\u00e9n valor\u00f3 actuaciones individuales, como la de <strong>Jonathan Barreiro,<\/strong> clave en la segunda parte: <strong>\u201cJonathan ha hecho muy bien su trabajo. Nos ha ayudado mucho en el rebote y ha metido alg\u00fan triple.<\/strong> Est\u00e1 en la l\u00ednea de lo que le pedimos: esfuerzo, energ\u00eda y rebote\u201d.<\/p>\n<p data-mrf-recirculation=\"Links P\u00e1rrafos\" class=\"ue-c-article__paragraph paragraph\">Unicaja pone ya el foco en<strong> el pr\u00f3ximo compromiso liguero ante Bilbao Basket,<\/strong> donde buscar\u00e1 arrancar con fuerza una temporada que, seg\u00fan su entrenador<strong>, \u201cempieza de verdad la semana que viene\u201d.<\/strong><\/p>\n<p><img decoding=\"async\" width=\"1024\" height=\"684\" class=\"ue-c-article__image lazyload\" alt=\".\" loading=\"lazy\" src=\"https:\/\/www.europesays.com\/es\/wp-content\/uploads\/2025\/09\/68d851b07ffdb.jpeg\"\/><\/p>\n<p>.EFE<\/p>\n<p data-mrf-recirculation=\"Links P\u00e1rrafos\" class=\"ue-c-article__paragraph paragraph\">Por su parte el entrenador taronja, <strong>Pedro Mart\u00ednez<\/strong>, subray\u00f3 el acierto desde el per\u00edmetro como la clave del triunfo en una semifinal \u201cmuy igualada\u201d que se decidi\u00f3 por <strong>\u201cpeque\u00f1os detalles\u201d.<\/strong><\/p>\n<p data-mrf-recirculation=\"Links P\u00e1rrafos\" class=\"ue-c-article__paragraph paragraph\">\u201cEn <strong>estos partidos sabes que se va a decidir todo por peque\u00f1os detalles<\/strong>. Sacamos adelante un partido muy dif\u00edcil y el tiro de tres fue lo que marc\u00f3 la diferencia\u201d, se\u00f1al\u00f3 el t\u00e9cnico, que reconoci\u00f3 que su equipo sufri\u00f3 especialmente en la primera mitad. <strong>\u201cEstuvieron mejor que nosotros en su propuesta de juego y nos dominaron en el rebote<\/strong>. Sin embargo, en la segunda parte mejoramos el ritmo y la consistencia defensiva\u201d, a\u00f1adi\u00f3.<\/p>\n<blockquote class=\"ue-c-article__blockquote\">\n<p>En estos partidos sabes que se va a decidir todo por peque\u00f1os detalles. Sacamos adelante un partido muy dif\u00edcil y el tiro de tres fue lo que marc\u00f3 la diferencia<\/p>\n<p>Pedro Mart\u00ednez (Entrenador del Valencia Basket)<\/p><\/blockquote>\n<p data-mrf-recirculation=\"Links P\u00e1rrafos\" class=\"ue-c-article__paragraph paragraph\">Mart\u00ednez tambi\u00e9n tuvo palabras de elogio para<strong> Omari Moore<\/strong>, m\u00e1ximo anotador con 20 puntos: <strong>\u201cNos dio buenos puntos cuando est\u00e1bamos atascados<\/strong> y eso nos permiti\u00f3 llegar al descanso dentro del partido\u201d.<\/p>\n<p>Lesi\u00f3n de Neal Sako<\/p>\n<p data-mrf-recirculation=\"Links P\u00e1rrafos\" class=\"ue-c-article__paragraph paragraph\">En el apartado f\u00edsico, la gran preocupaci\u00f3n fue <strong>la lesi\u00f3n de Neal Sako,<\/strong> que termin\u00f3 cojeando y no pudo acabar el choque: <strong>\u201cEstaba muy mal, con el tobillo hinchado. Ojal\u00e1 pueda jugar la final, pero es tonter\u00eda forzarlo <\/strong>si no est\u00e1 bien. Habr\u00e1 que esperar\u201d, advirti\u00f3 el entrenador.<\/p>\n<blockquote class=\"ue-c-article__blockquote\">\n<p>\u00abOmari Moore nos dio buenos puntos cuando est\u00e1bamos atascados<\/p>\n<p>Pedro Mart\u00ednez (Entrenador del Valencia Basket)<\/p><\/blockquote>\n<p data-mrf-recirculation=\"Links P\u00e1rrafos\" class=\"ue-c-article__paragraph paragraph\">Sobre <strong>Darius Thompson<\/strong>, valor\u00f3 su aportaci\u00f3n m\u00e1s all\u00e1 de la anotaci\u00f3n: <strong>\u201cHoy ha sido nuestro mejor reboteador ofensivo y ha estado s\u00f3lido en defensa.<\/strong> Hay d\u00edas que meter\u00e1 m\u00e1s puntos y otros en los que aportar\u00e1n sus compa\u00f1eros\u201d.<\/p>\n","protected":false},"excerpt":{"rendered":"El Unicaja no pudo revalidar su t\u00edtulo en la Supercopa tras caer en un intenso duelo ante Valencia&hellip;\n","protected":false},"author":2,"featured_media":143379,"comment_status":"","ping_status":"","sticky":false,"template":"","format":"standard","meta":{"footnotes":""},"categories":[5],"tags":[17,18,25,24,13,14,11,19,20,9,10,15,16,23,12,21,22],"class_list":{"0":"post-143378","1":"post","2":"type-post","3":"status-publish","4":"format-standard","5":"has-post-thumbnail","7":"category-titulares","8":"tag-breaking-news","9":"tag-breakingnews","10":"tag-es","11":"tag-espana","12":"tag-featured-news","13":"tag-featurednews","14":"tag-headlines","15":"tag-latest-news","16":"tag-latestnews","17":"tag-news","18":"tag-noticias","19":"tag-noticias-destacadas","20":"tag-noticiasdestacadas","21":"tag-spain","22":"tag-titulares","23":"tag-ultimas-noticias","24":"tag-ultimasnoticias"},"share_on_mastodon":{"url":"","error":""},"_links":{"self":[{"href":"https:\/\/www.europesays.com\/es\/wp-json\/wp\/v2\/posts\/143378","targetHints":{"allow":["GET"]}}],"collection":[{"href":"https:\/\/www.europesays.com\/es\/wp-json\/wp\/v2\/posts"}],"about":[{"href":"https:\/\/www.europesays.com\/es\/wp-json\/wp\/v2\/types\/post"}],"author":[{"embeddable":true,"href":"https:\/\/www.europesays.com\/es\/wp-json\/wp\/v2\/users\/2"}],"replies":[{"embeddable":true,"href":"https:\/\/www.europesays.com\/es\/wp-json\/wp\/v2\/comments?post=143378"}],"version-history":[{"count":0,"href":"https:\/\/www.europesays.com\/es\/wp-json\/wp\/v2\/posts\/143378\/revisions"}],"wp:featuredmedia":[{"embeddable":true,"href":"https:\/\/www.europesays.com\/es\/wp-json\/wp\/v2\/media\/143379"}],"wp:attachment":[{"href":"https:\/\/www.europesays.com\/es\/wp-json\/wp\/v2\/media?parent=143378"}],"wp:term":[{"taxonomy":"category","embeddable":true,"href":"https:\/\/www.europesays.com\/es\/wp-json\/wp\/v2\/categories?post=143378"},{"taxonomy":"post_tag","embeddable":true,"href":"https:\/\/www.europesays.com\/es\/wp-json\/wp\/v2\/tags?post=143378"}],"curies":[{"name":"wp","href":"https:\/\/api.w.org\/{rel}","templated":true}]}}