{"id":143400,"date":"2025-09-28T02:09:08","date_gmt":"2025-09-28T02:09:08","guid":{"rendered":"https:\/\/www.europesays.com\/es\/143400\/"},"modified":"2025-09-28T02:09:08","modified_gmt":"2025-09-28T02:09:08","slug":"el-virus-sincitial-gran-novedad-que-se-suma-a-la-vacunacion-contra-la-gripe","status":"publish","type":"post","link":"https:\/\/www.europesays.com\/es\/143400\/","title":{"rendered":"El virus sincitial, gran novedad que se suma a la vacunaci\u00f3n contra la gripe"},"content":{"rendered":"<p>                                    <img decoding=\"async\" loading=\"lazy\" src=\"https:\/\/www.europesays.com\/es\/wp-content\/uploads\/2025\/09\/65f858bec6aaf.jpeg\" alt=\"Pilar Infiesta\" width=\"40\" height=\"40\" data-full-src=\"https:\/\/www.europesays.com\/es\/wp-content\/uploads\/2025\/09\/65f858bec6aaf.jpeg\"\/><\/p>\n<p class=\"paragraph\">Corren buenos tiempos para los catarros y las infecciones respiratorias, pero antes de que llegue la tormenta perfecta por el incremento de virus circulando y la temida gripe, Sacyl comenzar\u00e1 a vacunar el pr\u00f3ximo 30 de septiembre en las residencias de mayores y dependientes. La gran novedad es que, tras los estragos que origin\u00f3 hace tres a\u00f1os la bronquiolitos, sobre todo, en los beb\u00e9s (con 49 afectados en Le\u00f3n) y la presi\u00f3n asistencial que sum\u00f3 esta enfermedad hace dos en los hospitales de la provincia, con un 89% de ocupaci\u00f3n ene el Complejo Asistencial Universitario de Le\u00f3n ciudad (lo que signific\u00f3 791 camas activas para enfermos), y un 96% en el de Ponferrada (339 camas), la Junta opta por incluir tambi\u00e9n en el pinchazo a los mayores la inmunizaci\u00f3n frente a los virus sincitiales (VRS).<\/p>\n<p class=\"paragraph\">Adem\u00e1s, siguiendo la recomendaci\u00f3n del Ministerio de Sanidad, las dosis se separar\u00e1n por primera vez desde 2021-22 de la vacunaci\u00f3n frente al covid. Los t\u00e9cnicos sanitarios entienden que hay que \u00abajustar las acciones de salud p\u00fablica a las particularidades de cada virus\u00bb y que el SARS-CoV-2 que provoca el covid ha modificado su comportamiento epidemiol\u00f3gico. Sin embargo, ambas vacunas se pueden inocular de forma simult\u00e1nea a las personas que formen parte de los grupos de riesgos para las dos enfermedades.<\/p>\n<p class=\"paragraph\">La campa\u00f1a mantendr\u00e1 la prioridad en los grupos tradicionalmente considerados vulnerables y de riesgo (personas mayores, residentes en centros de servicios sociales, personas con enfermedades, embarazadas, fumadores, trabajadores de granjas de animales&#8230;) y desde Sanidad inciden en el desaf\u00edo de convencer al personal sanitario para incrementar la tasa de cobertura. El temor es que la moderaci\u00f3n con que discurri\u00f3 la campa\u00f1a del pasado oto\u00f1o-invierno no se traduzca en una relajaci\u00f3n mayor de la prevenci\u00f3n de poblaci\u00f3n general y profesionales frente a la campa\u00f1a que viene. Se inocularon 139.000 dosis. En la poblaci\u00f3n de 5 a 60 a\u00f1os s\u00f3lo se vacun\u00f3 un 10,7% y de 60 a 70 un 38%. La mejor tasa se logr\u00f3 en los mayores de 75 a\u00f1os, con un 75% vacunados.<\/p>\n<p class=\"paragraph\">En cuanto a los motivos de vacunaci\u00f3n, la pasada campa\u00f1a el grueso de los inmunizados (96.788) se enmarcaron en los grupos de riesgo por edad, seguidos del riesgo por patolog\u00eda (5.886) y de las personas institucionalizadas (5.290). Solo 382 trabajadores de centros educativos y 2.351 de centros sanitarios acudieron a la cita. Otros 1.405 pusieron el brazo por prescripci\u00f3n facultativa e incluso se vacun\u00f3 a dos viajeros internacionales.<\/p>\n<p class=\"paragraph\">Los cuidadores y convivientes (2.367) fueron uno de los grupos que m\u00e1s se anim\u00f3 a participar en la vacunaci\u00f3n. Sacyl insiste en que la vacuna evita hospitalizaciones en los casos m\u00e1s graves y en los m\u00e1s leves, pasar una semana mal. El desarrollo sobre el terreno de la estrategia de inmunizaci\u00f3n frente a la gripe y el covid en Le\u00f3n depende de la Junta y el equipo de la Consejer\u00eda de Sanidad ultima el arranque de una campa\u00f1a que la estrategia nacional sit\u00faa en el calendario en el comienzo del mes de octubre.<\/p>\n<p class=\"paragraph\">Una temporada para la que el ministerio fija, a nivel nacional objetivos de cobertura vacunal para la poblaci\u00f3n infantil entre los 6 meses y los 4 a\u00f1os (59 meses) a los que incluye bajo el ep\u00edgrafe de vacunaci\u00f3n \u00abcon car\u00e1cter general\u00bb en un momento en el que los pediatras, infect\u00f3logos y vacun\u00f3logos, a trav\u00e9s de sus sociedades cient\u00edficas estatales, han recomendado la inmunizaci\u00f3n de la poblaci\u00f3n de ni\u00f1os y adolescentes entre los 6 meses y los 17 a\u00f1os.<\/p>\n<p>Bajas y atenci\u00f3n m\u00e9dica generan 12 M\u20ac de gasto<\/p>\n<p class=\"paragraph\">La gripe origina casi 12 millones de euros en gastos m\u00e9dicos y laborales cada temporada al infectar a m\u00e1s de 7.000 personas de media en Le\u00f3n y a otras 2.900 en El Bierzo. Las urgencias e ingresos ocasionan el 27,5% del coste de la gripe.\u00a0<\/p>\n<p class=\"paragraph\">El 20,5% es achacable a la ausencia en el puesto de trabajo por incapacidad temporal o por la atenci\u00f3n de los hijos enfermos y, el resto, se reparte entre el gasto de atenci\u00f3n ambulatoria y otros., seg\u00fan el estudio que realiza el director m\u00e9dico del Hospital de \u00c1vila, Alberto P\u00e9rez Rubio, para conocer el impacto cl\u00ednico y econ\u00f3mico de esta dolencia y adoptar mejores decisiones sanitarias y administratias, m\u00e1s en una enfermedad tan estacionaria y con demanda asistencial tan elevada como es la gripe.<\/p>\n<p>Reclaman vacunar a todos los ni\u00f1os y adolescentes<\/p>\n<p class=\"paragraph\">Los pediatras, infect\u00f3logos y vacun\u00f3logos espa\u00f1oles han elaborado un documento cient\u00edfico conjunto y consensuado en el que piden a las autoridades sanitarias y a los padres que comiencen a vacunar contra la gripe, a poder ser ya a partir de este mismo oto\u00f1o, a todos los ni\u00f1os y adolescentes del pa\u00eds, a todos los menores desde los seis meses a los 17 a\u00f1os.<\/p>\n<p class=\"paragraph\">La Asociaci\u00f3n de Pediatr\u00eda, la Sociedad de Infectolog\u00eda Pedi\u00e1trica y la Asociaci\u00f3n de Vacunolog\u00eda, las organizaciones cient\u00edficas que aglutinan a buena parte de estos especialistas, indican en el documento que la gripe en ni\u00f1os no debe percibirse como una enfermedad leve y explican que en los \u00faltimos a\u00f1os se ha detectado un aumento de los muertes infantiles y de los ingresos en UCI de menores como consecuencia de infecciones por este virus que se convierte en epid\u00e9mico entre el oto\u00f1o y el invierno.<\/p>\n<p class=\"paragraph\">Los especialistas consideran que la \u00fanica forma de evitar que la epidemia alcance a la infancia y de frenar el aumento de los casos m\u00e1s graves es lograr la inmunizaci\u00f3n general a estas edades, para lo que ser\u00eda precisa la vacunaci\u00f3n general y lograr una tasa de cobertura del 95% del grupo de edad o superior.<\/p>\n<p class=\"paragraph\">Una realidad de la que Espa\u00f1a est\u00e1 muy lejos. A d\u00eda de hoy, la sanidad p\u00fablica solo tiene programada una campa\u00f1a de vacunaci\u00f3n gratuita anual contra la gripe para los menores de entre seis meses y cuatro a\u00f1os, adem\u00e1s para los de otras edades pero afectados por patolog\u00edas de riesgo. No solo no est\u00e1n incluidos el resto de ni\u00f1os y adolescentes, sino que adem\u00e1s la cobertura vacunal de los primeros es muy baja. No se ponen el suero ni al 50% del grupo de edad.<\/p>\n<p class=\"paragraph\">Los expertos advierten a los padres de que no deber\u00edan subestimar la relevancia de proteger a sus hijos cada oto\u00f1o frente a la gripe, pues es una infecci\u00f3n que alcanza cada temporada a entre el 30% y el 40% de ellos.<\/p>\n","protected":false},"excerpt":{"rendered":"Corren buenos tiempos para los catarros y las infecciones respiratorias, pero antes de que llegue la tormenta perfecta&hellip;\n","protected":false},"author":2,"featured_media":143401,"comment_status":"","ping_status":"","sticky":false,"template":"","format":"standard","meta":{"footnotes":""},"categories":[92],"tags":[25,24,7749,40150,165,166,23,8177,7589,2275],"class_list":{"0":"post-143400","1":"post","2":"type-post","3":"status-publish","4":"format-standard","5":"has-post-thumbnail","7":"category-salud","8":"tag-es","9":"tag-espana","10":"tag-gripe","11":"tag-gripe-a","12":"tag-health","13":"tag-salud","14":"tag-spain","15":"tag-vacuna","16":"tag-vacunacion","17":"tag-virus"},"share_on_mastodon":{"url":"","error":""},"_links":{"self":[{"href":"https:\/\/www.europesays.com\/es\/wp-json\/wp\/v2\/posts\/143400","targetHints":{"allow":["GET"]}}],"collection":[{"href":"https:\/\/www.europesays.com\/es\/wp-json\/wp\/v2\/posts"}],"about":[{"href":"https:\/\/www.europesays.com\/es\/wp-json\/wp\/v2\/types\/post"}],"author":[{"embeddable":true,"href":"https:\/\/www.europesays.com\/es\/wp-json\/wp\/v2\/users\/2"}],"replies":[{"embeddable":true,"href":"https:\/\/www.europesays.com\/es\/wp-json\/wp\/v2\/comments?post=143400"}],"version-history":[{"count":0,"href":"https:\/\/www.europesays.com\/es\/wp-json\/wp\/v2\/posts\/143400\/revisions"}],"wp:featuredmedia":[{"embeddable":true,"href":"https:\/\/www.europesays.com\/es\/wp-json\/wp\/v2\/media\/143401"}],"wp:attachment":[{"href":"https:\/\/www.europesays.com\/es\/wp-json\/wp\/v2\/media?parent=143400"}],"wp:term":[{"taxonomy":"category","embeddable":true,"href":"https:\/\/www.europesays.com\/es\/wp-json\/wp\/v2\/categories?post=143400"},{"taxonomy":"post_tag","embeddable":true,"href":"https:\/\/www.europesays.com\/es\/wp-json\/wp\/v2\/tags?post=143400"}],"curies":[{"name":"wp","href":"https:\/\/api.w.org\/{rel}","templated":true}]}}