{"id":143406,"date":"2025-09-28T02:15:11","date_gmt":"2025-09-28T02:15:11","guid":{"rendered":"https:\/\/www.europesays.com\/es\/143406\/"},"modified":"2025-09-28T02:15:11","modified_gmt":"2025-09-28T02:15:11","slug":"no-me-he-fumado-nada","status":"publish","type":"post","link":"https:\/\/www.europesays.com\/es\/143406\/","title":{"rendered":"No me he fumado nada"},"content":{"rendered":"\n<p>M\u00e1s noticias<\/p>\n<p><a class=\"info_masnoticias\" href=\"https:\/\/www.eldesmarque.com\/futbol\/rcd-mallorca\/\" rel=\"nofollow noopener\" target=\"_blank\"><br \/>\nM\u00e1s de<br \/>\nM\u00e1s noticias de<br \/>\nRCD Mallorca<br \/>\n<\/a><\/p>\n<p>El <strong>Mallorca<\/strong> ha logrado una <a href=\"https:\/\/www.eldesmarque.com\/futbol\/liga-1a-division\/20250927\/mallorca-1-0-deportivo-alaves-resumen-cronica-clasificacion_300768939.html\" rel=\"nofollow noopener\" target=\"_blank\">victoria vital contra el Alav\u00e9s<\/a> por 1-0 en la <a href=\"https:\/\/www.eldesmarque.com\/futbol\/liga-1a-division\/20250904\/fechas-horarios-televisiones-jornada-6-y-7-laliga-ea-sports_300749670.html\" rel=\"nofollow noopener\" target=\"_blank\">jornada 7 de LALIGA EA Sports<\/a> para sumar el primer triunfo de la <a href=\"https:\/\/www.eldesmarque.com\/futbol\/rcd-mallorca\/20250927\/jagoba-arrasate-punto-mira-mallorca-toca-fondo-peor-inicio-liguero-historia_300768682.html\" rel=\"nofollow noopener\" target=\"_blank\">temporada que ha empezado tan mal<\/a> dentro y fuera del campo. <strong>La tensi\u00f3n se ha reflejado en Jagoba Arrasate<\/strong> <strong>y en unos ojos vidriosos<\/strong> <strong>sobre los que ha bromeado<\/strong> en sala de prensa reconociendo el \u00absufrimiento\u00bb.<\/p>\n<p>Preguntado por esos ojos rojos, el t\u00e9cnico vasco ha querido aclararlo entre las risas de toda la sala de prensa: \u00ab<strong>Primero, no me he fumado nada. S\u00ed, la tensi\u00f3n ha sido muy grande<\/strong>, estaba sudando porque a veces estamos sufriendo m\u00e1s por lo que es el resultado que por lo que estaba pasando. No te voy a enga\u00f1ar, pero cuando ha terminado el partido <strong>tampoco lo he celebrado tanto porque hay tanta tensi\u00f3n que a veces haces como bluf<\/strong> y me he quedado un poco as\u00ed\u00bb. <\/p>\n<p>\u00abPero es una victoria s\u00faper necesaria, nos colocamos con cinco puntos, que tenemos un d\u00e9ficit de puntos todav\u00eda, pero el primer paso era este, ganar y porter\u00eda a cero. <strong>Creo que la afici\u00f3n nos ha ayudado, no igual por la cantidad pero s\u00ed por la calidad<\/strong>. Los que han venido hoy nos han enchufado y espero que sea un punto de inflexi\u00f3n para seguir creciendo desde aqu\u00ed\u00bb, confirm\u00f3 Jagoba Arrasate.<\/p>\n<p>Jagoba Arrasate celebra la actuaci\u00f3n de los jugadores del Mallorca<\/p>\n<p>Una tensi\u00f3n que el de Berriatua tambi\u00e9n reconoce que ha podido afectar a los jugadores: \u00abEs que no es f\u00e1cil cuando est\u00e1s en esa situaci\u00f3n sacar tu mejor versi\u00f3n. <strong>La primera premisa era ser inc\u00f3modo para el rival<\/strong> y creo que lo hemos sido. No recuerdo grandes ocasiones del Alav\u00e9s, s\u00ed acercamientos. Creo que hemos hecho un buen gol. Es verdad que el bagaje ofensivo no ha sido bueno. En el segundo tiempo hemos salido por momentos y hemos tenido opciones. Eso lo tenemos que mejorar pero <strong>esa soltura te la dan los resultados tambi\u00e9n<\/strong> y estoy contento\u00bb.<\/p>\n<p><img loading=\"lazy\" decoding=\"async\" src=\"https:\/\/www.europesays.com\/es\/wp-content\/uploads\/2025\/09\/jagoba_arrasate_001.jpg\" width=\"660\" height=\"440\" alt=\"Jagoba Arrasate, en la banda durante el Mallorca-Alav\u00e9s en Son Moix (Foto: EFE).\"\/><br \/>\nJagoba Arrasate, en la banda durante el Mallorca-Alav\u00e9s en Son Moix (Foto: EFE).<\/p>\n<p>Jagoba Arrasate tambi\u00e9n ha recordado la \u00faltima reuni\u00f3n con los jugadores que pueda servir como punto de inflexi\u00f3n para que el Mallorca deje atr\u00e1s la amenaza del descenso: \u00abCreo que ayer dije que <strong>la madrugada del mi\u00e9rcoles fue positiva, la reuni\u00f3n con los jugadores tambi\u00e9n y acepto el partido<\/strong>, aunque hay que exigir m\u00e1s\u00bb, se\u00f1al\u00f3.<\/p>\n<p>Respecto a los cambios, <strong>valor\u00f3 positivamente que Morlanes aguantase a pesar de \u00abla deshidrataci\u00f3n<\/strong>\u00ab, aunque lament\u00f3 la lesi\u00f3n de Asano: \u00ab<strong>Ha notado un pinchazo<\/strong>, es un jugador de 60 minutos y veremos las pruebas\u00bb.<\/p>\n<p>Sobre la <strong>porter\u00eda a cero<\/strong>, el t\u00e9cnico la defini\u00f3 como \u00abfundamental\u00bb y considera que ser\u00e1 un empuj\u00f3n an\u00edmico para <strong>Leo Rom\u00e1n<\/strong>: \u00ab<strong>Para un portero es como hacer un gol<\/strong>\u00ab.<\/p>\n<p>Al final del choque, se vio a todo el equipo abrazarse por el triunfo, y Jagoba Arrasate destac\u00f3 que se trata \u00abde uni\u00f3n, porque pasan muchas horas juntas y en todos los momentos ser una familia\u00bb, a\u00f1adiendo que <strong>vio \u00abun esp\u00edritu colectivo\u00bb que hac\u00eda tiempo no se ve\u00eda<\/strong>.<\/p>\n<blockquote class=\"twitter-tweet\">\n<p lang=\"ca\" dir=\"ltr\">La seva felicitat \u00e9s la nostra felicitat \u2764\ufe0f\u200d\ud83d\udd25 <a href=\"https:\/\/t.co\/75LN3rDbtN\" rel=\"nofollow\">pic.twitter.com\/75LN3rDbtN<\/a><\/p>\n<p>\u2014 RCD Mallorca (@RCD_Mallorca) <a href=\"https:\/\/twitter.com\/RCD_Mallorca\/status\/1972019996193968368?ref_src=twsrc%5Etfw\" rel=\"nofollow noopener\" target=\"_blank\">September 27, 2025<\/a><\/p>\n<\/blockquote>\n<p><script async src=\"https:\/\/platform.twitter.com\/widgets.js\" charset=\"utf-8\"><\/script><\/p>\n","protected":false},"excerpt":{"rendered":"M\u00e1s noticias M\u00e1s de M\u00e1s noticias de RCD Mallorca El Mallorca ha logrado una victoria vital contra el&hellip;\n","protected":false},"author":2,"featured_media":143407,"comment_status":"","ping_status":"","sticky":false,"template":"","format":"standard","meta":{"footnotes":""},"categories":[5],"tags":[17,18,25,24,13,14,11,19,20,9,10,15,16,23,12,21,22],"class_list":{"0":"post-143406","1":"post","2":"type-post","3":"status-publish","4":"format-standard","5":"has-post-thumbnail","7":"category-titulares","8":"tag-breaking-news","9":"tag-breakingnews","10":"tag-es","11":"tag-espana","12":"tag-featured-news","13":"tag-featurednews","14":"tag-headlines","15":"tag-latest-news","16":"tag-latestnews","17":"tag-news","18":"tag-noticias","19":"tag-noticias-destacadas","20":"tag-noticiasdestacadas","21":"tag-spain","22":"tag-titulares","23":"tag-ultimas-noticias","24":"tag-ultimasnoticias"},"share_on_mastodon":{"url":"","error":""},"_links":{"self":[{"href":"https:\/\/www.europesays.com\/es\/wp-json\/wp\/v2\/posts\/143406","targetHints":{"allow":["GET"]}}],"collection":[{"href":"https:\/\/www.europesays.com\/es\/wp-json\/wp\/v2\/posts"}],"about":[{"href":"https:\/\/www.europesays.com\/es\/wp-json\/wp\/v2\/types\/post"}],"author":[{"embeddable":true,"href":"https:\/\/www.europesays.com\/es\/wp-json\/wp\/v2\/users\/2"}],"replies":[{"embeddable":true,"href":"https:\/\/www.europesays.com\/es\/wp-json\/wp\/v2\/comments?post=143406"}],"version-history":[{"count":0,"href":"https:\/\/www.europesays.com\/es\/wp-json\/wp\/v2\/posts\/143406\/revisions"}],"wp:featuredmedia":[{"embeddable":true,"href":"https:\/\/www.europesays.com\/es\/wp-json\/wp\/v2\/media\/143407"}],"wp:attachment":[{"href":"https:\/\/www.europesays.com\/es\/wp-json\/wp\/v2\/media?parent=143406"}],"wp:term":[{"taxonomy":"category","embeddable":true,"href":"https:\/\/www.europesays.com\/es\/wp-json\/wp\/v2\/categories?post=143406"},{"taxonomy":"post_tag","embeddable":true,"href":"https:\/\/www.europesays.com\/es\/wp-json\/wp\/v2\/tags?post=143406"}],"curies":[{"name":"wp","href":"https:\/\/api.w.org\/{rel}","templated":true}]}}