{"id":143416,"date":"2025-09-28T02:24:09","date_gmt":"2025-09-28T02:24:09","guid":{"rendered":"https:\/\/www.europesays.com\/es\/143416\/"},"modified":"2025-09-28T02:24:09","modified_gmt":"2025-09-28T02:24:09","slug":"el-staff-de-flick-muy-pendiente-de-ibrahim-diarra","status":"publish","type":"post","link":"https:\/\/www.europesays.com\/es\/143416\/","title":{"rendered":"El staff de Flick, muy pendiente de Ibrahim Diarra"},"content":{"rendered":"<p class=\"ft-text\">Dos meses despu\u00e9s de lesionarse, <a class=\"ft-link ft-link--decoration\" href=\"https:\/\/www.sport.es\/es\/noticias\/barca\/ibrahim-diarra-apunta-regreso-121208672\" rel=\"nofollow noopener\" target=\"_blank\">Ibrahim Diarra ya encara la recta final de su lesi\u00f3n<\/a>. El pasado 19 de julio, el joven futbolista sufri\u00f3 una ruptura muscular en el recto anterior de la pierna derecha durante un entrenamiento. Este contratiempo le impidi\u00f3 participar en la gira asi\u00e1tica del primer equipo en Jap\u00f3n y Corea del Sur, donde <strong>estaba previsto que tuviera minutos<\/strong> para intentar demostrar toda su val\u00eda y ganarse un puesto para trabajar en din\u00e1mica de primer equipo.<\/p>\n<p class=\"ft-text\">Ahora, 70 d\u00edas m\u00e1s tarde, las noticias son mucho m\u00e1s positivas. Seg\u00fan ha podido saber SPORT, Diarra ya realiza trabajo espec\u00edfico en el c\u00e9sped. Lo m\u00e1s llamativo es que todo el proceso de su recuperaci\u00f3n lo est\u00e1 haciendo junto a los fisioterapeutas del primer equipo. Flick lo quiere controlar de cerca, dado que es un jugador cuyo potencial ha despertado mucho inter\u00e9s a su staff.<\/p>\n<p class=\"ft-text\">Aunque todav\u00eda no est\u00e1 completamente recuperado, las sensaciones son buenas y se prev\u00e9 que regrese en un par de semanas, pues se considera que a\u00fan es muy pronto para que lo haga, dado que a\u00fan no ha completado ninguna sesi\u00f3n entera junto a sus compa\u00f1eros.<\/p>\n<p class=\"ft-text\">Aunque no hay fecha exacta para su lesi\u00f3n pues se trata de una lesi\u00f3n dif\u00edcil con riesgo de reca\u00edda, desde el club se quiere asegurar que est\u00e1 cien por cien recuperado. Su regreso ser\u00eda un <strong>chute de energ\u00eda <\/strong>para un filial muy joven que ha ganado 2 de los 3 partidos de liga y quiere seguir arriba en la tabla. Tras un verano complicado, al extremo le queda menos para volver a competir.<\/p>\n<p>La importancia de \u00c1frica en el Bar\u00e7a<\/p>\n<p class=\"ft-text\">Que el Bar\u00e7a de tanta importancia a su departamento de scouting en \u00c1frica<strong> no es casual<\/strong>. Se trata de un continente con much\u00edsimo talento que durante muchos a\u00f1os ha estado olvidado por los grandes clubes de Europa. Desde que se ha empezado a trabajar intensamente en \u00e9l, al club azulgrana han llegado talentos como Mika Faye, Ibrahim Diarra, David Oduro y Azziz. El coste de captar a estos jugadores es muy bajo <strong>y el potencial de crecimiento es enorme.<\/strong> Con una inversi\u00f3n casi irrisoria se pueden lograr beneficios muy altos, tanto deportivos como econ\u00f3micos. La buena prueba de ello es el fichaje de Mika Faye, que lleg\u00f3 por 1,5 millones de euros y se march\u00f3 traspasado al Rennes por 10,3.<\/p>\n<p class=\"ft-text\">Aunque Diarra ha pasado por una lesi\u00f3n complicada, los <strong>destellos que dej\u00f3 la temporada pasada invitan al optimismo.<\/strong> Su tramo final fue espectacular, firmando una gran final de la Youth League en Ginebra. Cuando est\u00e9 recuperado, el equipo ganar\u00e1 una pieza clave en el centro del campo que aportar\u00e1 velocidad y mucho desparpajo.<\/p>\n","protected":false},"excerpt":{"rendered":"Dos meses despu\u00e9s de lesionarse, Ibrahim Diarra ya encara la recta final de su lesi\u00f3n. El pasado 19&hellip;\n","protected":false},"author":2,"featured_media":143417,"comment_status":"","ping_status":"","sticky":false,"template":"","format":"standard","meta":{"footnotes":""},"categories":[268],"tags":[168,25,24,6077,4970,280,282,44353,21446,8252,6016,10896,281,23,167],"class_list":{"0":"post-143416","1":"post","2":"type-post","3":"status-publish","4":"format-standard","5":"has-post-thumbnail","7":"category-futbol","8":"tag-deportes","9":"tag-es","10":"tag-espana","11":"tag-filial","12":"tag-flick","13":"tag-football","14":"tag-futbol","15":"tag-ibrahim-diarra","16":"tag-la-masia","17":"tag-lesion","18":"tag-medicos","19":"tag-recuperacion","20":"tag-soccer","21":"tag-spain","22":"tag-sports"},"share_on_mastodon":{"url":"","error":""},"_links":{"self":[{"href":"https:\/\/www.europesays.com\/es\/wp-json\/wp\/v2\/posts\/143416","targetHints":{"allow":["GET"]}}],"collection":[{"href":"https:\/\/www.europesays.com\/es\/wp-json\/wp\/v2\/posts"}],"about":[{"href":"https:\/\/www.europesays.com\/es\/wp-json\/wp\/v2\/types\/post"}],"author":[{"embeddable":true,"href":"https:\/\/www.europesays.com\/es\/wp-json\/wp\/v2\/users\/2"}],"replies":[{"embeddable":true,"href":"https:\/\/www.europesays.com\/es\/wp-json\/wp\/v2\/comments?post=143416"}],"version-history":[{"count":0,"href":"https:\/\/www.europesays.com\/es\/wp-json\/wp\/v2\/posts\/143416\/revisions"}],"wp:featuredmedia":[{"embeddable":true,"href":"https:\/\/www.europesays.com\/es\/wp-json\/wp\/v2\/media\/143417"}],"wp:attachment":[{"href":"https:\/\/www.europesays.com\/es\/wp-json\/wp\/v2\/media?parent=143416"}],"wp:term":[{"taxonomy":"category","embeddable":true,"href":"https:\/\/www.europesays.com\/es\/wp-json\/wp\/v2\/categories?post=143416"},{"taxonomy":"post_tag","embeddable":true,"href":"https:\/\/www.europesays.com\/es\/wp-json\/wp\/v2\/tags?post=143416"}],"curies":[{"name":"wp","href":"https:\/\/api.w.org\/{rel}","templated":true}]}}