{"id":143426,"date":"2025-09-28T02:33:10","date_gmt":"2025-09-28T02:33:10","guid":{"rendered":"https:\/\/www.europesays.com\/es\/143426\/"},"modified":"2025-09-28T02:33:10","modified_gmt":"2025-09-28T02:33:10","slug":"una-pareja-de-supervivientes-del-holocausto-recurre-a-la-muerte-asistida-en-suiza-sociedad","status":"publish","type":"post","link":"https:\/\/www.europesays.com\/es\/143426\/","title":{"rendered":"Una pareja de supervivientes del Holocausto recurre a la muerte asistida en Suiza | Sociedad"},"content":{"rendered":"<p class=\"\">De ni\u00f1a la actriz Ruth Posner (Varsovia, Polonia, 1928-Basel, Suiza, 2025) logr\u00f3 escapar de un <a href=\"https:\/\/elpais.com\/noticias\/nazismo\/\" target=\"_self\" rel=\"nofollow noopener\" title=\"https:\/\/elpais.com\/noticias\/nazismo\/\">gueto nazi<\/a> durante la ocupaci\u00f3n de su pa\u00eds en la Segunda Guerra Mundial. Toda su familia pereci\u00f3 en las c\u00e1maras de gas, salvo la t\u00eda con la que sali\u00f3 de Varsovia y con quien pas\u00f3 tres en fuga. Ahora, a los 96 a\u00f1os ha recurrido a una cl\u00ednica de muerte asistida en Suiza junto a su esposo Michael, de 97 a\u00f1os, y ambos fallecieron este martes en Basel. Deseaban morir juntos, <a href=\"https:\/\/www.bbc.com\/news\/articles\/cp8j256l79go\" target=\"_self\" rel=\"nofollow noopener\" title=\"https:\/\/www.bbc.com\/news\/articles\/cp8j256l79go\">seg\u00fan las informaciones publicadas<\/a>, y ninguno de los dos padec\u00eda una enfermedad terminal. <\/p>\n<p class=\"\">Seg\u00fan ha trascendido en los medios brit\u00e1nicos, la artista y su esposo enviaron un correo a sus allegados y seres queridos. En el escrito se excusaban por no haber dicho nada antes y explicaban a los destinatarios que cuando recibieran esas l\u00edneas ellos ya no estar\u00edan vivos. \u201cLa decisi\u00f3n ha sido mutua y sin ninguna presi\u00f3n exterior. Hemos tenido una larga vida juntos desde hace casi 75 a\u00f1os. Ha llegado un momento en el que por la p\u00e9rdida de los sentidos, de la vista y el o\u00eddo, y la falta de energ\u00eda esto no era vida era solo existir y nada iba a mejorar\u201d, explica la carta. Afirmaban tambi\u00e9n haber tenido una vida interesante y mencionaban la tristeza que les caus\u00f3 la p\u00e9rdida de su \u00fanico hijo, Jeremy, a quien Ruth Posner dedic\u00f3 el libro My Son, The Addict [mi hijo el adicto]. Les sobrevive, un nieto.<\/p>\n<p class=\"\">Ruth Posner lleg\u00f3 a Reino Unido a los 16 a\u00f1os. En la capital brit\u00e1nica logr\u00f3 forjarse una carrera como bailarina, core\u00f3grafa y como actriz en la compa\u00f1\u00eda Royal Shakespeare Company y m\u00e1s adelante tambi\u00e9n en el cine. En las \u00faltimas d\u00e9cadas particip\u00f3 en pel\u00edculas como El \u00faltimo acto (2016) y, en 2022, recibi\u00f3 la medalla de la Orden del Imperio Brit\u00e1nico, por su trabajo en la educaci\u00f3n de los j\u00f3venes sobre el <a href=\"https:\/\/elpais.com\/noticias\/holocausto\/\" target=\"_self\" rel=\"nofollow noopener\" title=\"https:\/\/elpais.com\/noticias\/holocausto\/\">Holocausto<\/a>. <\/p>\n<p class=\"\">La pareja de nonagenarios, casados en 1950, acudieron a una cl\u00ednica en Basilea donde no se solicitan certificados sobre enfermedades terminales y tiempo de vida, como s\u00ed ocurre en Zurich.<\/p>\n","protected":false},"excerpt":{"rendered":"De ni\u00f1a la actriz Ruth Posner (Varsovia, Polonia, 1928-Basel, Suiza, 2025) logr\u00f3 escapar de un gueto nazi durante&hellip;\n","protected":false},"author":2,"featured_media":143427,"comment_status":"","ping_status":"","sticky":false,"template":"","format":"standard","meta":{"footnotes":""},"categories":[91],"tags":[1015,146,147,25,24,1663,38951,492,23,5321,6679],"class_list":{"0":"post-143426","1":"post","2":"type-post","3":"status-publish","4":"format-standard","5":"has-post-thumbnail","7":"category-entretenimiento","8":"tag-actrices","9":"tag-entertainment","10":"tag-entretenimiento","11":"tag-es","12":"tag-espana","13":"tag-holocausto-judio","14":"tag-muerte-digna","15":"tag-sociedad","16":"tag-spain","17":"tag-suicidio-asistido","18":"tag-suiza"},"share_on_mastodon":{"url":"","error":""},"_links":{"self":[{"href":"https:\/\/www.europesays.com\/es\/wp-json\/wp\/v2\/posts\/143426","targetHints":{"allow":["GET"]}}],"collection":[{"href":"https:\/\/www.europesays.com\/es\/wp-json\/wp\/v2\/posts"}],"about":[{"href":"https:\/\/www.europesays.com\/es\/wp-json\/wp\/v2\/types\/post"}],"author":[{"embeddable":true,"href":"https:\/\/www.europesays.com\/es\/wp-json\/wp\/v2\/users\/2"}],"replies":[{"embeddable":true,"href":"https:\/\/www.europesays.com\/es\/wp-json\/wp\/v2\/comments?post=143426"}],"version-history":[{"count":0,"href":"https:\/\/www.europesays.com\/es\/wp-json\/wp\/v2\/posts\/143426\/revisions"}],"wp:featuredmedia":[{"embeddable":true,"href":"https:\/\/www.europesays.com\/es\/wp-json\/wp\/v2\/media\/143427"}],"wp:attachment":[{"href":"https:\/\/www.europesays.com\/es\/wp-json\/wp\/v2\/media?parent=143426"}],"wp:term":[{"taxonomy":"category","embeddable":true,"href":"https:\/\/www.europesays.com\/es\/wp-json\/wp\/v2\/categories?post=143426"},{"taxonomy":"post_tag","embeddable":true,"href":"https:\/\/www.europesays.com\/es\/wp-json\/wp\/v2\/tags?post=143426"}],"curies":[{"name":"wp","href":"https:\/\/api.w.org\/{rel}","templated":true}]}}