{"id":143430,"date":"2025-09-28T02:37:09","date_gmt":"2025-09-28T02:37:09","guid":{"rendered":"https:\/\/www.europesays.com\/es\/143430\/"},"modified":"2025-09-28T02:37:09","modified_gmt":"2025-09-28T02:37:09","slug":"la-casa-blanca-distribuye-la-imagen-del-saludo-del-rey-y-trump-en-nueva-york","status":"publish","type":"post","link":"https:\/\/www.europesays.com\/es\/143430\/","title":{"rendered":"La Casa Blanca distribuye la imagen del saludo del rey y Trump en Nueva York"},"content":{"rendered":"<p>Madrid (EFE).- La Casa Blanca distribuy\u00f3 este s\u00e1bado la imagen del saludo entre el rey de Espa\u00f1a, Felipe VI, y el presidente de Estados Unidos, Donald Trump, durante la recepci\u00f3n que este ofreci\u00f3 a los cabezas de delegaci\u00f3n asistentes a la Asamblea de la ONU en Nueva York.<\/p>\n<p>La foto, en la que tambi\u00e9n aparece la esposa del presidente norteamericano, Melania Trump, fue tomada en el hotel neoyorquino donde en la noche del pasado martes se ofreci\u00f3 la recepci\u00f3n, a la que el rey asisti\u00f3 como cabeza de la delegaci\u00f3n espa\u00f1ola.<\/p>\n<p>Los tres aparecen en la imagen sonrientes, mientras el presidente Trump hace el gesto de aprobaci\u00f3n con el pulgar de su mano derecha hacia arriba.<\/p>\n<p>El monarca estuvo en la apertura del nuevo periodo de sesiones de la Asamblea General de la ONU, que coincidi\u00f3 con el 80 aniversario de Naciones Unidas, e intervino en la segunda jornada en representaci\u00f3n de Espa\u00f1a.<\/p>\n<p>En su discurso, <a href=\"https:\/\/efe.com\/espana\/2025-09-24\/rey-felipe-asamblea-onu-gaza\/\" rel=\"nofollow noopener\" target=\"_blank\">Felipe VI asegur\u00f3 ante la Asamblea General de la ONU <\/a>que a Espa\u00f1a le cuesta comprender lo que el Gobierno israel\u00ed est\u00e1 haciendo en Gaza, y ante ello, pidi\u00f3 que la comunidad internacional no mire para otro lado y a Israel que detenga la masacre de palestinos.<\/p>\n","protected":false},"excerpt":{"rendered":"Madrid (EFE).- La Casa Blanca distribuy\u00f3 este s\u00e1bado la imagen del saludo entre el rey de Espa\u00f1a, Felipe&hellip;\n","protected":false},"author":2,"featured_media":143431,"comment_status":"","ping_status":"","sticky":false,"template":"","format":"standard","meta":{"footnotes":""},"categories":[8],"tags":[17,18,115,25,24,13,14,11,19,20,6041,9,10,15,16,23,12,21,22],"class_list":{"0":"post-143430","1":"post","2":"type-post","3":"status-publish","4":"format-standard","5":"has-post-thumbnail","7":"category-espana","8":"tag-breaking-news","9":"tag-breakingnews","10":"tag-eeuu","11":"tag-es","12":"tag-espana","13":"tag-featured-news","14":"tag-featurednews","15":"tag-headlines","16":"tag-latest-news","17":"tag-latestnews","18":"tag-monarquia","19":"tag-news","20":"tag-noticias","21":"tag-noticias-destacadas","22":"tag-noticiasdestacadas","23":"tag-spain","24":"tag-titulares","25":"tag-ultimas-noticias","26":"tag-ultimasnoticias"},"share_on_mastodon":{"url":"","error":""},"_links":{"self":[{"href":"https:\/\/www.europesays.com\/es\/wp-json\/wp\/v2\/posts\/143430","targetHints":{"allow":["GET"]}}],"collection":[{"href":"https:\/\/www.europesays.com\/es\/wp-json\/wp\/v2\/posts"}],"about":[{"href":"https:\/\/www.europesays.com\/es\/wp-json\/wp\/v2\/types\/post"}],"author":[{"embeddable":true,"href":"https:\/\/www.europesays.com\/es\/wp-json\/wp\/v2\/users\/2"}],"replies":[{"embeddable":true,"href":"https:\/\/www.europesays.com\/es\/wp-json\/wp\/v2\/comments?post=143430"}],"version-history":[{"count":0,"href":"https:\/\/www.europesays.com\/es\/wp-json\/wp\/v2\/posts\/143430\/revisions"}],"wp:featuredmedia":[{"embeddable":true,"href":"https:\/\/www.europesays.com\/es\/wp-json\/wp\/v2\/media\/143431"}],"wp:attachment":[{"href":"https:\/\/www.europesays.com\/es\/wp-json\/wp\/v2\/media?parent=143430"}],"wp:term":[{"taxonomy":"category","embeddable":true,"href":"https:\/\/www.europesays.com\/es\/wp-json\/wp\/v2\/categories?post=143430"},{"taxonomy":"post_tag","embeddable":true,"href":"https:\/\/www.europesays.com\/es\/wp-json\/wp\/v2\/tags?post=143430"}],"curies":[{"name":"wp","href":"https:\/\/api.w.org\/{rel}","templated":true}]}}