{"id":143434,"date":"2025-09-28T02:39:22","date_gmt":"2025-09-28T02:39:22","guid":{"rendered":"https:\/\/www.europesays.com\/es\/143434\/"},"modified":"2025-09-28T02:39:22","modified_gmt":"2025-09-28T02:39:22","slug":"el-aula-sigue-sin-ganar-en-huerta-del-rey","status":"publish","type":"post","link":"https:\/\/www.europesays.com\/es\/143434\/","title":{"rendered":"El Aula sigue sin ganar en Huerta del Rey"},"content":{"rendered":"<p class=\"paragraph\">Huerta del Rey se convirti\u00f3 en un manicomio de emociones. El Aula arranc\u00f3 como una apisonadora, fue remontado al descanso y despu\u00e9s de remar a contracorriente en el segundo tiempo acab\u00f3 rescatando un punto sobre la bocina con un gol de Naroa Baquedano que junto a Amaia emergieron como figuras claves en la anotaci\u00f3n (la mitad de goles del equipo). No obstante, las de Salva Puig siguen sin ganar en Huerta tras la dura derrota ante Beti-Onak y el empate ante Elda y se quedan con cuatro puntos en la clasificaci\u00f3n.<\/p>\n<p>            <a href=\"#\" title=\"\"><\/p>\n<p>                    <img loading=\"lazy\" decoding=\"async\" data-index=\"\" width=\"140\" height=\"140\" alt=\"Im\u00e1genes del partido entre el Costa del Sol M\u00e1laga y el Caja Rural Aula.\" data-full=\"[object Object]\" data-original=\"[object Object]\" src=\"https:\/\/imagenes.diariodevalladolid.es\/files\/related_image\/uploads\/2025\/09\/13\/68c5c9f692e33.jpeg\" data-full-src=\"https:\/\/www.europesays.com\/es\/wp-content\/uploads\/2025\/09\/1759027162_557_68c5c9f692e33.jpeg\"\/><\/p>\n<p>            <\/a><\/p>\n<p class=\"paragraph\">El Aula de Salva Puig comenz\u00f3 el partido como una apisonadora con un 3-0 en los primeros siete minutos de partido, lo que oblig\u00f3 a las visitantes a pedir tiempo muerto para frenar ese mal arranque. Tras esto, Elda despert\u00f3 y apareci\u00f3 en el Polideportivo Huerta del Rey para remontar el encuentro en la primera parte. Elda inauguraba su casillero con un gol de Malena Valles desde los siete metros y tras los tantos de Elena Cuadrado y Madi Bengoechea, el marcador volvi\u00f3 a apretarse con 4-3. No obstante, el partido pas\u00f3 de los tres de ventaja a empate con goles de Malena y Heillman, que volvi\u00f3 a igualar tras un gol de una muy inspirada Amaia de cara a gol.<\/p>\n<p class=\"paragraph\">La desventaja lleg\u00f3 a ser de hasta tres goles cuando se empez\u00f3 ganando de tres y el Aula consigui\u00f3 marcharse al descanso vivo en el partido con un 13-15, aunque con alguna cosa que mejorar de cara al segundo acto, tanto en labores defensivas como ofensivas.<\/p>\n<p>Igualdad hasta el final<\/p>\n<p class=\"paragraph\">El segundo tiempo arranc\u00f3 con dos dianas visitantes que pusieron la m\u00e1xima ventaja del partido, +4 y despu\u00e9s cinco goles locales propiciaron la remontada para ver el 18-17 en el luminoso de Huerta. Adem\u00e1s, cabe destacar las molestias de Marisol Carrat\u00fa, tocada de su rodilla derecha tras un mal gesto. El Aula se aplic\u00f3 en defensa y consigui\u00f3 no encajar durante m\u00e1s de cinco minutos, el problema es que tampoco anot\u00f3. Sandra Monteagudo anot\u00f3 y el choque fue por el cauce de la igualdad, hasta el 20-20, en el que la balanza se desbarat\u00f3 del lado visitante.\u00a0<\/p>\n<p class=\"paragraph\">A ocho minutos del final el 20-23 imperaba en el electr\u00f3nico y las de Jos\u00e9 Ignacio Prades estaban cerca del triunfo llegando a ponerse 21-25 a cinco minutos del final. Sin embargo, el Aula apret\u00f3 y los goles de Savina y Naroa rescataron un empate ag\u00f3nico en casa tras ir perdiendo casi todo el duelo. Cuatro puntos para las de Salva Puig que se quedan en mitad de la tabla de la Liga Guerreras Iberdrola.<\/p>\n<p>Aula 27; Elda Prestigio 27<\/p>\n<ul>\n<li><b>Exclusiones<\/b>: A las locales Polina, Kadi Jallow, Amaia, Carrat\u00fa, Naroa y Valeska, y a las visitantes, Madi Bengoechea, Marina Gonz\u00e1lez y a Jos\u00e9 Ignacio Prades (entrenador). Amonestaci\u00f3n a Salva Puig.<\/li>\n<li><b>Parciales cada 5 minutos<\/b>: 2-0, 4-3, 7-7, 8-10, 11-11, 13-15 (descanso); 15-17, 18-17, 18-17, 20-21, 22-25 y 27-27 (final)<\/li>\n<li><b>Caja Rural Aula<\/b>: Marisol Carrat\u00fa (11 paradas), Inoa Lucio (), Naroa Baquedano (7), Valeska Lovera (1), Sandra Monteagudo (2), Savina Bergara (4), Amaia Gonz\u00e1lez de Garibay (7) -Siete inicial- Polina (2), Mar\u00eda Guerra (-), Mon\u00edca Guti\u00e9rrez (), Jimena Arriaga (-), Kadi Jallow (1) y \u00c1ngela Zurni (3).<\/li>\n<li><b>Elda Prestigio<\/b>: Virgina Fern\u00e1ndez (4 paradas) Elena Cuadrado (1), Madi Bengoechea (2), Malena Valles (4), Emiliana Heilman (3), Agda Rafaela (4), Marina Gonz\u00e1lez (2), Aitana Pastor (3), Lora Sarandeva (2), Julia Terrado (1), Sol Ariadna (4), Julia Terrado (1), Paula Lluch (1).<\/li>\n<\/ul>\n","protected":false},"excerpt":{"rendered":"Huerta del Rey se convirti\u00f3 en un manicomio de emociones. El Aula arranc\u00f3 como una apisonadora, fue remontado&hellip;\n","protected":false},"author":2,"featured_media":143435,"comment_status":"","ping_status":"","sticky":false,"template":"","format":"standard","meta":{"footnotes":""},"categories":[278],"tags":[376,7130,168,25,24,375,18618,23,167],"class_list":{"0":"post-143434","1":"post","2":"type-post","3":"status-publish","4":"format-standard","5":"has-post-thumbnail","7":"category-balonmano","8":"tag-balonmano","9":"tag-cd-balonmano-aula","10":"tag-deportes","11":"tag-es","12":"tag-espana","13":"tag-handball","14":"tag-polideportivo-huerta-del-rey","15":"tag-spain","16":"tag-sports"},"share_on_mastodon":{"url":"","error":""},"_links":{"self":[{"href":"https:\/\/www.europesays.com\/es\/wp-json\/wp\/v2\/posts\/143434","targetHints":{"allow":["GET"]}}],"collection":[{"href":"https:\/\/www.europesays.com\/es\/wp-json\/wp\/v2\/posts"}],"about":[{"href":"https:\/\/www.europesays.com\/es\/wp-json\/wp\/v2\/types\/post"}],"author":[{"embeddable":true,"href":"https:\/\/www.europesays.com\/es\/wp-json\/wp\/v2\/users\/2"}],"replies":[{"embeddable":true,"href":"https:\/\/www.europesays.com\/es\/wp-json\/wp\/v2\/comments?post=143434"}],"version-history":[{"count":0,"href":"https:\/\/www.europesays.com\/es\/wp-json\/wp\/v2\/posts\/143434\/revisions"}],"wp:featuredmedia":[{"embeddable":true,"href":"https:\/\/www.europesays.com\/es\/wp-json\/wp\/v2\/media\/143435"}],"wp:attachment":[{"href":"https:\/\/www.europesays.com\/es\/wp-json\/wp\/v2\/media?parent=143434"}],"wp:term":[{"taxonomy":"category","embeddable":true,"href":"https:\/\/www.europesays.com\/es\/wp-json\/wp\/v2\/categories?post=143434"},{"taxonomy":"post_tag","embeddable":true,"href":"https:\/\/www.europesays.com\/es\/wp-json\/wp\/v2\/tags?post=143434"}],"curies":[{"name":"wp","href":"https:\/\/api.w.org\/{rel}","templated":true}]}}