{"id":143460,"date":"2025-09-28T03:13:08","date_gmt":"2025-09-28T03:13:08","guid":{"rendered":"https:\/\/www.europesays.com\/es\/143460\/"},"modified":"2025-09-28T03:13:08","modified_gmt":"2025-09-28T03:13:08","slug":"a-mi-la-vida-me-ha-sonreido-mucho-asi-que-entiendo-que-debo-devolver-esas-sonrisas","status":"publish","type":"post","link":"https:\/\/www.europesays.com\/es\/143460\/","title":{"rendered":"\u00abA m\u00ed la vida me ha sonre\u00eddo mucho, as\u00ed que entiendo que debo devolver esas sonrisas\u00bb"},"content":{"rendered":"<p>\t\t\t\t\t\tJos\u00e9 Mar\u00eda Fandi\u00f1o publica un libro con historias de Santiago cuya recaudaci\u00f3n ir\u00e1 a beneficio de Asanog<br \/>\n\t\t\t\t\t\t\t\t\t\t\t\t<strong>28 sep 2025<\/strong> . Actualizado a las 05:00 h.\t\t\t\t\t\t<\/p>\n<p class=\"first-paragraph txt\">EntreMitos, leyendas, historias&#8230; <strong>Jos\u00e9 Mar\u00eda Fandi\u00f1o Fern\u00e1ndez<\/strong> publica un libro que incluye 26 relatos sobre Santiago, as\u00ed como cuentos que forman parte del imaginario popular. \u00abEs una recopilaci\u00f3n de historietas divertidas de la ciudad. Hay narraciones referidas a los conventos, las fuentes, la Alameda, las pasteler\u00edas, el Casino, las r\u00faas de A Balconada, O Franco, A Ra\u00ed\u00f1a, A R\u00faa do Vilar, en cuya calle sigue existiendo la sombrerer\u00eda, el azabache, la portera de Santa Clara, etc\u00e9tera. Es una publicaci\u00f3n para pasar un rato agradable, no es un libro cient\u00edfico\u00bb, tal como explica Fandi\u00f1o, un compostelano \u00abapasionado\u00bb que posee una buena biblioteca con <a href=\"https:\/\/www.lavozdegalicia.es\/temas\/libros\" rel=\"nofollow noopener\" target=\"_blank\">libros<\/a> sobre la ciudad. \u00abTambi\u00e9n escribo aqu\u00ed sobre la historia del agua y c\u00f3mo los monjes de San Marti\u00f1o Pinario la cobraban; sobre el orden del paseo en la Herradura, las mujeres iban por un lado y los hombres por otro; o la leyenda del obispo nigromante que vino por el aire de Roma a misar a Santiago\u00bb, a\u00f1ade el autor, que dice haber le\u00eddo mucho sobre Compostela. \u00abCuando paseo te puedo contar la historia de las piedras, las g\u00e1rgolas, las iglesias. Mis hijos dicen que soy un gu\u00eda muy divertido\u00bb, concluye. La publicaci\u00f3n, de la que se han impreso 500 ejemplares, estar\u00e1 disponible en las librer\u00edas y su recaudaci\u00f3n \u00edntegra se donar\u00e1 a la Asociaci\u00f3n de <a href=\"https:\/\/www.lavozdegalicia.es\/temas\/cancer\" rel=\"nofollow noopener\" target=\"_blank\">C\u00e1ncer<\/a> Infantil y Juvenil de Galicia (Asanog). \u00abEs una entidad que hace una labor excepcional ayudando a las familias de pacientes y a mejorar la calidad de vida de los menores afectados por un c\u00e1ncer\u00bb, apunta Fandi\u00f1o, que lleva toda la vida simpatizando e implic\u00e1ndose en acciones solidarias. \u00abA m\u00ed la vida me ha sonre\u00eddo mucho, as\u00ed que entiendo que debo devolver esas sonrisas\u00bb, apostilla. Su rinc\u00f3n favorito es la Praza de San Roque: \u00abSigue teniendo ese aire provinciano, los \u00e1rboles, la fuente; me trae muchos recuerdos de cuando era chaval e iba al colegio La Salle. Vivir\u00eda all\u00ed si pudiese\u00bb. Fandi\u00f1o es oculista y profesor de la Facultade de Medicina. \u00abNuestra facultad debe seguir siendo \u00fanica en Galicia por motivos estrat\u00e9gicos. No podemos diversificar y repetir el caos de los aeropuertos. Tres facultades ser\u00eda una locura, pasar\u00edamos de tener una en la Champions a tres en regional. Pero s\u00ed soy partidario de descentralizar a\u00fan m\u00e1s la pr\u00e1ctica cl\u00ednica\u00bb, seg\u00fan advierte.<\/p>\n<p>&#13;<br \/>\n\tArchivado en:&#13;<br \/>\n\t\t\t\t\t<a href=\"https:\/\/www.lavozdegalicia.es\/temas\/libros\/\" target=\"_blank\" class=\"mg-l\" rel=\"nofollow noopener\">Libros<\/a>&#13;<br \/>\n\t\t\t\t\t<a href=\"https:\/\/www.lavozdegalicia.es\/temas\/politica-social\/\" target=\"_blank\" class=\"mg-l\" rel=\"nofollow noopener\">Pol\u00edtica social<\/a>&#13;<br \/>\n\t\t\t\t\t<a href=\"https:\/\/www.lavozdegalicia.es\/temas\/santiago-ciudad\/\" target=\"_blank\" class=\"mg-l\" rel=\"nofollow noopener\">Santiago ciudad<\/a>&#13;<br \/>\n\t\t\t\t\t<a href=\"https:\/\/www.lavozdegalicia.es\/temas\/cancer\/\" target=\"_blank\" class=\"mg-l\" rel=\"nofollow noopener\">C\u00e1ncer<\/a>&#13;<br \/>\n\t\t\t\t\t<a href=\"https:\/\/www.lavozdegalicia.es\/temas\/cuento\/\" target=\"_blank\" class=\"mg-l\" rel=\"nofollow noopener\">Cuento<\/a>&#13;<br \/>\n\t\t\t        \t&#13;<\/p>\n","protected":false},"excerpt":{"rendered":"Jos\u00e9 Mar\u00eda Fandi\u00f1o publica un libro con historias de Santiago cuya recaudaci\u00f3n ir\u00e1 a beneficio de Asanog 28&hellip;\n","protected":false},"author":2,"featured_media":143461,"comment_status":"","ping_status":"","sticky":false,"template":"","format":"standard","meta":{"footnotes":""},"categories":[172],"tags":[224,1066,3831,146,147,25,24,38468,32761,225,399,1802,30524,23,403],"class_list":{"0":"post-143460","1":"post","2":"type-post","3":"status-publish","4":"format-standard","5":"has-post-thumbnail","7":"category-libros","8":"tag-books","9":"tag-cancer","10":"tag-cuento","11":"tag-entertainment","12":"tag-entretenimiento","13":"tag-es","14":"tag-espana","15":"tag-fabiola-garcia","16":"tag-leon-xiv","17":"tag-libros","18":"tag-papa-francisco","19":"tag-politica-social","20":"tag-santiago-ciudad","21":"tag-spain","22":"tag-vaticano"},"share_on_mastodon":{"url":"","error":""},"_links":{"self":[{"href":"https:\/\/www.europesays.com\/es\/wp-json\/wp\/v2\/posts\/143460","targetHints":{"allow":["GET"]}}],"collection":[{"href":"https:\/\/www.europesays.com\/es\/wp-json\/wp\/v2\/posts"}],"about":[{"href":"https:\/\/www.europesays.com\/es\/wp-json\/wp\/v2\/types\/post"}],"author":[{"embeddable":true,"href":"https:\/\/www.europesays.com\/es\/wp-json\/wp\/v2\/users\/2"}],"replies":[{"embeddable":true,"href":"https:\/\/www.europesays.com\/es\/wp-json\/wp\/v2\/comments?post=143460"}],"version-history":[{"count":0,"href":"https:\/\/www.europesays.com\/es\/wp-json\/wp\/v2\/posts\/143460\/revisions"}],"wp:featuredmedia":[{"embeddable":true,"href":"https:\/\/www.europesays.com\/es\/wp-json\/wp\/v2\/media\/143461"}],"wp:attachment":[{"href":"https:\/\/www.europesays.com\/es\/wp-json\/wp\/v2\/media?parent=143460"}],"wp:term":[{"taxonomy":"category","embeddable":true,"href":"https:\/\/www.europesays.com\/es\/wp-json\/wp\/v2\/categories?post=143460"},{"taxonomy":"post_tag","embeddable":true,"href":"https:\/\/www.europesays.com\/es\/wp-json\/wp\/v2\/tags?post=143460"}],"curies":[{"name":"wp","href":"https:\/\/api.w.org\/{rel}","templated":true}]}}