{"id":143462,"date":"2025-09-28T03:14:16","date_gmt":"2025-09-28T03:14:16","guid":{"rendered":"https:\/\/www.europesays.com\/es\/143462\/"},"modified":"2025-09-28T03:14:16","modified_gmt":"2025-09-28T03:14:16","slug":"que-no-se-juegue-con-mi-silencio","status":"publish","type":"post","link":"https:\/\/www.europesays.com\/es\/143462\/","title":{"rendered":"Que no se juegue con mi silencio"},"content":{"rendered":"<p class=\"paragraph\" id=\"paragraph_1\">La tensi\u00f3n entre<strong> <a href=\"https:\/\/www.elespanol.com\/corazon\/famosos\/20250926\/jose-maria-hermano-secreto-terelu-campos-fiesta-cumpleanos-vida-actual-relacion-familiar\/1003743942189_0.html?utm_cmp_rs=linksinline\" rel=\"nofollow noopener\" target=\"_blank\">Terelu Campos<\/a> <\/strong>(60 a\u00f1os) y <strong>Mar Flores<\/strong> (56) ha alcanzado un nuevo punto \u00e1lgido tras las declaraciones de la colaboradora, este pasado viernes, d\u00eda 26, en \u00a1De Viernes! La hija de <strong>Teresa Campos<\/strong> ha respondido <strong>con firmeza<\/strong> a los \u00faltimos comentarios de la modelo.<\/p>\n<p class=\"paragraph\" id=\"paragraph_2\">Lo que comenz\u00f3 como un cruce de declaraciones indirectas ha derivado en una <strong>advertencia clara <\/strong>por parte de Terelu, que ha decidido romper su silencio -aunque s\u00f3lo parcialmente- para defender su posici\u00f3n y la de su hija, <strong>Alejandra Rubio<\/strong> (25), en medio de un conflicto que, seg\u00fan ella, no les pertenece.<\/p>\n<p class=\"paragraph\" id=\"paragraph_3\">El detonante de este nuevo cap\u00edtulo ha sido la reacci\u00f3n de Mar Flores ante el posado familiar en el cumplea\u00f1os de Terelu, donde <strong>Carlo Costanzia padre<\/strong>, exmarido de la modelo y padre del actual novio de Alejandra, apareci\u00f3 junto a la presentadora y su hija.<\/p>\n<p><img loading=\"lazy\" decoding=\"async\" alt=\"Terelu Campos, en la fiesta de su 60\u00ba cumplea\u00f1os: No voy a decir si me he le\u00eddo el libro de Mar Flores. No voy a hablar de ella\" height=\"180\" src=\"https:\/\/www.europesays.com\/es\/wp-content\/uploads\/2025\/09\/1003743930222_259028838_320x180.jpg\" width=\"320\" data-lazy-status=\"processed\" data-lazy-info=\"remove loading item 1\"\/><\/p>\n<p><img decoding=\"async\" alt=\"Terelu Campos, en el plat\u00f3 de '\u00a1De Viernes!'.\" data-imgm=\"true\" height=\"180\" loading=\"lazy\"  src=\"https:\/\/www.europesays.com\/es\/wp-content\/uploads\/2025\/09\/1003743943958_259028867_1024x576.jpg\"  width=\"320\"\/><\/p>\n<p>                                                            Terelu Campos, en el plat\u00f3 de &#8216;\u00a1De Viernes!&#8217;.<\/p>\n<p class=\"paragraph\" id=\"paragraph_4\">Mar, <strong>visiblemente molesta<\/strong>, ha asegurado en las \u00faltimas horas que no necesita una foto para demostrar el cari\u00f1o que existe en su familia. Una frase que muchos interpretaron como un dardo directo a Terelu. Tambi\u00e9n ha reconocido Mar que<strong> no le sent\u00f3 bien<\/strong> ese gesto.<\/p>\n<p class=\"paragraph\" id=\"paragraph_5\">Desde el plat\u00f3 de Telecinco, Terelu no ha esquivado el tema. Con tono sereno pero firme, Terelu ha comenzado aclarando que<strong> no tiene intenci\u00f3n de hablar de Mar Flores<\/strong>, respetando as\u00ed el deseo que la propia modelo habr\u00eda manifestado p\u00fablicamente.<\/p>\n<p class=\"paragraph\" id=\"paragraph_6\">\u00ab<strong>Soy una persona muy respetuosa<\/strong>, much\u00edsimo, e intento hacer lo que me piden\u00bb, afirma. Sin embargo, deja claro que esa misma exigencia de respeto debe ser rec\u00edproca: \u00abTambi\u00e9n soy una persona muy respetable, <strong>porque me he ganado el respeto en mi profesi\u00f3n<\/strong>\u00ab.<\/p>\n<p class=\"paragraph\" id=\"paragraph_7\">Terelu quiere desmarcarse por completo del conflicto entre Mar Flores y Carlo Costanzia padre, asegurando que ni ella ni su hija tienen relaci\u00f3n alguna con los hechos que ocurrieron en el pasado entre ambos.<\/p>\n<p class=\"paragraph\" id=\"paragraph_8\">\u00ab<strong>Nosotros no exist\u00edamos entonces<\/strong>, no \u00e9ramos amigos, no ten\u00edamos amigos comunes ni nada de nada\u00bb, ha explicado. Adem\u00e1s, subraya Terelu que nunca ha participado en exclusivas ni entrevistas para hablar de otras personas, y que <strong>su presencia en los medios siempre ha estado centrada en su propia vida<\/strong>.<\/p>\n<p class=\"paragraph\" id=\"paragraph_9\">La colaboradora insiste en que <strong>no quiere formar parte de ninguna batalla medi\u00e1tica<\/strong>, y que su \u00fanica preocupaci\u00f3n es proteger a su hija de una situaci\u00f3n que considera ajena. \u00abSufro mucho por Alejandra cuando la veo acorralada por algo que no le pertenece\u00bb, confiesa.<\/p>\n<p>\u00abQue no juegue con mi silencio\u00bb<\/p>\n<p class=\"paragraph\" id=\"paragraph_10\">El momento m\u00e1s tenso de la intervenci\u00f3n ha llegado cuando Terelu lanza una advertencia directa a Mar Flores: \u00abMe piden silencio, <strong>yo lo cumplo<\/strong>, pero <strong>que no se juegue con mi silencio<\/strong>\u00ab.<\/p>\n<p class=\"paragraph\" id=\"paragraph_11\">Con esta frase, la presentadora deja entrever que, si la modelo contin\u00faa haciendo declaraciones que la involucren, <strong>ella tambi\u00e9n podr\u00eda hablar y revelar aspectos que hasta ahora ha preferido mantener en privado<\/strong>.<\/p>\n<p class=\"paragraph\" id=\"paragraph_12\">Con esta intervenci\u00f3n, Terelu Campos ha marcado un l\u00edmite claro en el conflicto que rodea a su familia pol\u00edtica. Ha defendido su trayectoria, ha protegido a su hija y ha dejado claro que <strong>no est\u00e1 dispuesta a tolerar insinuaciones ni faltas de respeto<\/strong>.<\/p>\n<p class=\"paragraph\" id=\"paragraph_13\">El mensaje a Mar Flores ha sido rotundo: <strong>si se exige silencio<\/strong>,<strong> debe respetarse en ambos sentidos<\/strong>.<\/p>\n","protected":false},"excerpt":{"rendered":"La tensi\u00f3n entre Terelu Campos (60 a\u00f1os) y Mar Flores (56) ha alcanzado un nuevo punto \u00e1lgido tras&hellip;\n","protected":false},"author":2,"featured_media":143463,"comment_status":"","ping_status":"","sticky":false,"template":"","format":"standard","meta":{"footnotes":""},"categories":[171],"tags":[146,147,25,24,256,31371,9892,23,1145,214],"class_list":{"0":"post-143462","1":"post","2":"type-post","3":"status-publish","4":"format-standard","5":"has-post-thumbnail","7":"category-tv","8":"tag-entertainment","9":"tag-entretenimiento","10":"tag-es","11":"tag-espana","12":"tag-famosos","13":"tag-libros-de-texto","14":"tag-mar-flores","15":"tag-spain","16":"tag-terelu-campos","17":"tag-tv"},"share_on_mastodon":{"url":"","error":""},"_links":{"self":[{"href":"https:\/\/www.europesays.com\/es\/wp-json\/wp\/v2\/posts\/143462","targetHints":{"allow":["GET"]}}],"collection":[{"href":"https:\/\/www.europesays.com\/es\/wp-json\/wp\/v2\/posts"}],"about":[{"href":"https:\/\/www.europesays.com\/es\/wp-json\/wp\/v2\/types\/post"}],"author":[{"embeddable":true,"href":"https:\/\/www.europesays.com\/es\/wp-json\/wp\/v2\/users\/2"}],"replies":[{"embeddable":true,"href":"https:\/\/www.europesays.com\/es\/wp-json\/wp\/v2\/comments?post=143462"}],"version-history":[{"count":0,"href":"https:\/\/www.europesays.com\/es\/wp-json\/wp\/v2\/posts\/143462\/revisions"}],"wp:featuredmedia":[{"embeddable":true,"href":"https:\/\/www.europesays.com\/es\/wp-json\/wp\/v2\/media\/143463"}],"wp:attachment":[{"href":"https:\/\/www.europesays.com\/es\/wp-json\/wp\/v2\/media?parent=143462"}],"wp:term":[{"taxonomy":"category","embeddable":true,"href":"https:\/\/www.europesays.com\/es\/wp-json\/wp\/v2\/categories?post=143462"},{"taxonomy":"post_tag","embeddable":true,"href":"https:\/\/www.europesays.com\/es\/wp-json\/wp\/v2\/tags?post=143462"}],"curies":[{"name":"wp","href":"https:\/\/api.w.org\/{rel}","templated":true}]}}