{"id":143466,"date":"2025-09-28T03:17:13","date_gmt":"2025-09-28T03:17:13","guid":{"rendered":"https:\/\/www.europesays.com\/es\/143466\/"},"modified":"2025-09-28T03:17:13","modified_gmt":"2025-09-28T03:17:13","slug":"el-atletico-de-madrid-corta-la-racha-triunfal-del-real-madrid-con-una-goleada","status":"publish","type":"post","link":"https:\/\/www.europesays.com\/es\/143466\/","title":{"rendered":"El Atl\u00e9tico de Madrid corta la racha triunfal del Real Madrid con una goleada"},"content":{"rendered":"<p>      EFE<br \/>\n        \u00a0\u2014\u00a0<\/p>\n<p class=\"paragraph inline-placeholder vossi-paragraph\" data-uri=\"es.cms.cnn.com\/_components\/paragraph\/instances\/cmg2ihx0l004h27ns89oifons@published\" data-editable=\"text\" data-component-name=\"paragraph\" data-article-gutter=\"true\">\n            El Atl\u00e9tico de Madrid recuper\u00f3 la mejor de sus im\u00e1genes para golear 5-2 al Real Madrid en el derbi del Metropolitano, fulminando la racha de siete triunfos en la temporada de Xabi Alonso, con un doblete de Juli\u00e1n \u00c1lvarez m\u00e1s los goles de Robin Le Normand, Alexander Sorloth y Antoine Griezmann.\n    <\/p>\n<p class=\"paragraph inline-placeholder vossi-paragraph\" data-uri=\"es.cms.cnn.com\/_components\/paragraph\/instances\/cmg2iijuk0005356nb1317vnm@published\" data-editable=\"text\" data-component-name=\"paragraph\" data-article-gutter=\"true\">\n            El Barcelona tiene en su mano convertirse en el nuevo l\u00edder de LaLiga EA Sports, en su encuentro en Montjuic ante la Real Sociedad, tras la primera derrota del Real Madrid. El equipo de Xabi Alonso levant\u00f3 en el primer acto un tanto inicial de Le Normand, con pleno de efectividad en dos tiros a puerta de Kylian Mbapp\u00e9 y Arda G\u00fcler, antes de ser igualado en el a\u00f1adido con un testarazo de Sorloth.\n    <\/p>\n<p class=\"paragraph inline-placeholder vossi-paragraph\" data-uri=\"es.cms.cnn.com\/_components\/paragraph\/instances\/cmg2iijuk0006356ncqiys6eu@published\" data-editable=\"text\" data-component-name=\"paragraph\" data-article-gutter=\"true\">\n            La segunda parte la domin\u00f3 el Atl\u00e9tico de Madrid, que aprovech\u00f3 un penal de G\u00fcler para adelantarse en el marcador a los 51 minutos con el lanzamiento de Juli\u00e1n \u00c1lvarez, que cerr\u00f3 su doblete con un gran gol de falta en el 63 para desatar la fiesta en la afici\u00f3n rojiblanca, euf\u00f3rica con el broche a la goleada en el a\u00f1adido marcado por Griezmann.\n    <\/p>\n<p class=\"paragraph inline-placeholder vossi-paragraph\" data-uri=\"es.cms.cnn.com\/_components\/paragraph\/instances\/cmg2io8jf000b356ne4rxa4qj@published\" data-editable=\"text\" data-component-name=\"paragraph\" data-article-gutter=\"true\">\n            El equipo rojiblanco recorta a 6 puntos la distancia con el Real Madrid en la clasificaci\u00f3n.\n    <\/p>\n","protected":false},"excerpt":{"rendered":"EFE \u00a0\u2014\u00a0 El Atl\u00e9tico de Madrid recuper\u00f3 la mejor de sus im\u00e1genes para golear 5-2 al Real Madrid&hellip;\n","protected":false},"author":2,"featured_media":143467,"comment_status":"","ping_status":"","sticky":false,"template":"","format":"standard","meta":{"footnotes":""},"categories":[93],"tags":[31900,168,25,24,282,2918,44356,23,167],"class_list":{"0":"post-143466","1":"post","2":"type-post","3":"status-publish","4":"format-standard","5":"has-post-thumbnail","7":"category-deportes","8":"tag-atletico-madrid","9":"tag-deportes","10":"tag-es","11":"tag-espana","12":"tag-futbol","13":"tag-la-liga","14":"tag-rael-madrid","15":"tag-spain","16":"tag-sports"},"share_on_mastodon":{"url":"","error":""},"_links":{"self":[{"href":"https:\/\/www.europesays.com\/es\/wp-json\/wp\/v2\/posts\/143466","targetHints":{"allow":["GET"]}}],"collection":[{"href":"https:\/\/www.europesays.com\/es\/wp-json\/wp\/v2\/posts"}],"about":[{"href":"https:\/\/www.europesays.com\/es\/wp-json\/wp\/v2\/types\/post"}],"author":[{"embeddable":true,"href":"https:\/\/www.europesays.com\/es\/wp-json\/wp\/v2\/users\/2"}],"replies":[{"embeddable":true,"href":"https:\/\/www.europesays.com\/es\/wp-json\/wp\/v2\/comments?post=143466"}],"version-history":[{"count":0,"href":"https:\/\/www.europesays.com\/es\/wp-json\/wp\/v2\/posts\/143466\/revisions"}],"wp:featuredmedia":[{"embeddable":true,"href":"https:\/\/www.europesays.com\/es\/wp-json\/wp\/v2\/media\/143467"}],"wp:attachment":[{"href":"https:\/\/www.europesays.com\/es\/wp-json\/wp\/v2\/media?parent=143466"}],"wp:term":[{"taxonomy":"category","embeddable":true,"href":"https:\/\/www.europesays.com\/es\/wp-json\/wp\/v2\/categories?post=143466"},{"taxonomy":"post_tag","embeddable":true,"href":"https:\/\/www.europesays.com\/es\/wp-json\/wp\/v2\/tags?post=143466"}],"curies":[{"name":"wp","href":"https:\/\/api.w.org\/{rel}","templated":true}]}}