{"id":143468,"date":"2025-09-28T03:18:11","date_gmt":"2025-09-28T03:18:11","guid":{"rendered":"https:\/\/www.europesays.com\/es\/143468\/"},"modified":"2025-09-28T03:18:11","modified_gmt":"2025-09-28T03:18:11","slug":"el-virologo-estanislao-nistal-y-un-grupo-de-la-ule-lideran-una-importante-investigacion-sobre-los-efectos-de-la-gripe","status":"publish","type":"post","link":"https:\/\/www.europesays.com\/es\/143468\/","title":{"rendered":"El vir\u00f3logo Estanislao Nistal y un grupo de la ULE lideran una importante investigaci\u00f3n sobre los efectos de la gripe"},"content":{"rendered":"<p><a class=\"v-mdl-ath__fig-a\" href=\"https:\/\/www.leonoticias.com\/autor\/ana-g-barriada-4833.html\" title=\"Ana G. Barriada\" rel=\"nofollow noopener\" target=\"_blank\"><br \/>\n<img decoding=\"async\" class=\"v-mdl-ath__img\" src=\"https:\/\/www.europesays.com\/es\/wp-content\/uploads\/2025\/09\/autor-4833-foto-4.jpeg\" alt=\"Ana G. Barriada\"\/><br \/>\n<\/a><\/p>\n<p class=\"v-mdl-ath__p v-mdl-ath__p--6\">\nViernes, 26 de septiembre 2025, 08:17<\/p>\n<p class=\"v-p\">Investigadores leoneses participan en un importante trabajo coordinado por la Universidad CEU San Pablo que ha demostrado que una infecci\u00f3n por gripe en cerdos provoca \u00abimportantes cambios\u00bb en la microbiota pulmonar, adem\u00e1s de aumentar la presencia de bacterias \u00abpotencialmente pat\u00f3genas\u00bb y la diversidad de g\u00e9neros bacterianos, en comparaci\u00f3n con animales sanos.<\/p>\n<p class=\"v-p\">En el trabajo que ha sido publicado en la prestigiosa revista &#8216;Frontiers in Cellular and Infection Microbiology&#8217;, han participado <a href=\"https:\/\/www.leonoticias.com\/aniversario-pandemia-covid\/era-esceptico-vacunas-rapido-salieron-demostrado-funcionan-20250310081010-nt.html\" data-voc-vtm-id=\"in-text-traffic\" title=\"el vir\u00f3logo leon\u00e9s Estanislao Nistal\" data-mrf-link=\"www.leonoticias.com\" rel=\"nofollow noopener\" target=\"_blank\">el vir\u00f3logo leon\u00e9s Estanislao Nistal<\/a>, investigador de la propia CEU San Pablo, y el grupo BACRESPI (de pat\u00f3genos respiratorios porcinos) de la Universidad de Le\u00f3n (ULE), dirigido por C\u00e9sar B. Guti\u00e9rrez Mart\u00edn.<\/p>\n<p class=\"v-p\">Los <a href=\"https:\/\/www.frontiersin.org\/journals\/cellular-and-infection-microbiology\/articles\/10.3389\/fcimb.2025.1634469\/full\" target=\"_blank\" data-voc-vtm-id=\"in-text-traffic\" title=\"resultados del estudio \" data-mrf-link=\"www.frontiersin.org\" rel=\"nofollow noopener\">resultados del estudio <\/a>advierten sobre los riesgos de complicaciones bacterianas secundarias, m\u00e1s all\u00e1 de las bacterias m\u00e1s comunes que causan neumon\u00edas respiratorias asociadas a infecciones gripales. La aparici\u00f3n de estos pat\u00f3genos oportunistas tras la infecci\u00f3n viral tambi\u00e9n supondr\u00eda una complicaci\u00f3n del curso cl\u00ednico y la recuperaci\u00f3n, lo que contribuye a explicar c\u00f3mo las complicaciones asociadas a la gripe pueden dar lugar a infecciones y neumon\u00edas bacterianas secundarias.<\/p>\n<p><img decoding=\"async\" loading=\"lazy\" src=\"https:\/\/www.europesays.com\/es\/wp-content\/uploads\/2025\/09\/integrantes-kenE-U2303186295136V9D-650x455@Leonoticias.jpg\" class=\"v-a-img\" width=\"650\" height=\"455\" alt=\"El equipo de la ULE.\" data-voc-vtm-id=\"in-text-traffic\"\/><\/p>\n<p>El equipo de la ULE.<\/p>\n<p><img loading=\"lazy\" decoding=\"async\" src=\"https:\/\/www.europesays.com\/es\/wp-content\/uploads\/2025\/09\/integrantes-kenE-U2303186295136L1B-1920x1344@Leonoticias.jpg\" class=\"v-mdl__img-z\" width=\"1920\" height=\"1344\" alt=\"\"\/><\/p>\n<p class=\"v-p\">Se trata de un estudio importante para comprender la <a href=\"https:\/\/www.leonoticias.com\/leon\/virologo-leones-estanislao-nistal-demuestra-gripe-altera-20240111080834-nt.html\" data-voc-vtm-id=\"in-text-traffic\" title=\"complejidad de la microbiota\" data-mrf-link=\"www.leonoticias.com\" rel=\"nofollow noopener\" target=\"_blank\">complejidad de la microbiota<\/a> en la evoluci\u00f3n de las infecciones respiratorias asociadas a la gripe. Estos resultados abren la puerta a estudios similares en humanos y a posibles aplicaciones diagn\u00f3sticas y terap\u00e9uticas, lo que permitir\u00eda anticipar complicaciones asociadas a la gripe y otras enfermedades respiratorias causadas por virus.<\/p>\n<p>53 cerdos de diferentes partes de Espa\u00f1a a estudio<\/p>\n<p class=\"v-p\">El trabajo ha sido realizado con muestras de necropsias de pulmones de 53 cerdos infectados y 39 sanos de distintas zonas espa\u00f1olas, y los cient\u00edficos han usado tecnolog\u00eda de secuenciaci\u00f3n de tercera generaci\u00f3n de nanoporos, lo que ha aportado un <a href=\"https:\/\/www.leonoticias.com\/leon\/virologo-leones-estanislao-nistal-confirma-vacuna-gripe-20250110130837-nt.html\" data-voc-vtm-id=\"in-text-traffic\" title=\"m\u00e9todo \" data-mrf-link=\"www.leonoticias.com\" rel=\"nofollow noopener\" target=\"_blank\">m\u00e9todo <\/a>\u00abr\u00e1pido y pr\u00e1ctico\u00bb para diagnosticar modificaciones en la microbiota respiratoria.<\/p>\n<p class=\"v-p\">Los resultados obtenidos mediante esta metodolog\u00eda permitir\u00e1n avanzar en la realizaci\u00f3n de estudios similares en seres humanos y en el desarrollo de posibles aplicaciones diagn\u00f3sticas y terap\u00e9uticas, lo que permitir\u00e1 anticipar las complicaciones asociadas a la gripe humana y otras enfermedades respiratorias de etiolog\u00eda v\u00edrica. <\/p>\n<p class=\"v-p\">En el estudio tambi\u00e9n han participado el Instituto Nacional de Investigaci\u00f3n y Tecnolog\u00eda Agraria y Alimentaria (INIA), la Universidad de Le\u00f3n, el Centro de Investigaciones Biol\u00f3gicas Margarita Salas, la Escuela Icahn de Medicina en Monte Sina\u00ed (Estados Unidos), la Universidad Estatal de Kansas (Estados Unidos) y la Universdidad de Alaska (Estados Unidos); y forma parte del trabajo del programa de Centros de Excelencia para la Investigaci\u00f3n y Respuesta a la Influenza (CEIRR), financiado por el Instituto Nacional de Alergias y Enfermedades Infecciosas (NIAID) de Estados Unidos.<\/p>\n<p>Comenta<\/p>\n<p>Reporta un error<\/p>\n","protected":false},"excerpt":{"rendered":"Viernes, 26 de septiembre 2025, 08:17 Investigadores leoneses participan en un importante trabajo coordinado por la Universidad CEU&hellip;\n","protected":false},"author":2,"featured_media":143469,"comment_status":"","ping_status":"","sticky":false,"template":"","format":"standard","meta":{"footnotes":""},"categories":[92],"tags":[3273,25,24,44358,7749,100,165,908,1294,10056,5554,166,57,23,6806,44357],"class_list":{"0":"post-143468","1":"post","2":"type-post","3":"status-publish","4":"format-standard","5":"has-post-thumbnail","7":"category-salud","8":"tag-efectos","9":"tag-es","10":"tag-espana","11":"tag-estanislao","12":"tag-gripe","13":"tag-grupo","14":"tag-health","15":"tag-importante","16":"tag-investigacion","17":"tag-lideran","18":"tag-nistal","19":"tag-salud","20":"tag-sobre","21":"tag-spain","22":"tag-ule","23":"tag-virologo"},"share_on_mastodon":{"url":"","error":""},"_links":{"self":[{"href":"https:\/\/www.europesays.com\/es\/wp-json\/wp\/v2\/posts\/143468","targetHints":{"allow":["GET"]}}],"collection":[{"href":"https:\/\/www.europesays.com\/es\/wp-json\/wp\/v2\/posts"}],"about":[{"href":"https:\/\/www.europesays.com\/es\/wp-json\/wp\/v2\/types\/post"}],"author":[{"embeddable":true,"href":"https:\/\/www.europesays.com\/es\/wp-json\/wp\/v2\/users\/2"}],"replies":[{"embeddable":true,"href":"https:\/\/www.europesays.com\/es\/wp-json\/wp\/v2\/comments?post=143468"}],"version-history":[{"count":0,"href":"https:\/\/www.europesays.com\/es\/wp-json\/wp\/v2\/posts\/143468\/revisions"}],"wp:featuredmedia":[{"embeddable":true,"href":"https:\/\/www.europesays.com\/es\/wp-json\/wp\/v2\/media\/143469"}],"wp:attachment":[{"href":"https:\/\/www.europesays.com\/es\/wp-json\/wp\/v2\/media?parent=143468"}],"wp:term":[{"taxonomy":"category","embeddable":true,"href":"https:\/\/www.europesays.com\/es\/wp-json\/wp\/v2\/categories?post=143468"},{"taxonomy":"post_tag","embeddable":true,"href":"https:\/\/www.europesays.com\/es\/wp-json\/wp\/v2\/tags?post=143468"}],"curies":[{"name":"wp","href":"https:\/\/api.w.org\/{rel}","templated":true}]}}