{"id":143478,"date":"2025-09-28T03:26:08","date_gmt":"2025-09-28T03:26:08","guid":{"rendered":"https:\/\/www.europesays.com\/es\/143478\/"},"modified":"2025-09-28T03:26:08","modified_gmt":"2025-09-28T03:26:08","slug":"caballero-gana-el-premio-pedres-al-mejor-toreo-de-capote","status":"publish","type":"post","link":"https:\/\/www.europesays.com\/es\/143478\/","title":{"rendered":"Caballero gana el premio &#8216;Pedr\u00e9s&#8217; al mejor toreo de capote"},"content":{"rendered":"<p>La d\u00e9cima edici\u00f3n del t\u00edtulo al cada vez m\u00e1s desaparecido toreo con el percal tiene al m\u00e1s joven ganador de su historia. Ya que este trofeo que concede la Asociaci\u00f3n Cultural Albacete en Madrid a los coletudos paisanos en la pasada Feria, va a ir a las manos de Manuel Caballero, seg\u00fan ha decidido, tras la votaci\u00f3n, el jurado del Premio bautizado con el nombre del legendario matador albacetense Pedro Mart\u00ednez Pedr\u00e9s. El ya vencedor llev\u00f3 a cabo un en principio no previsto doblete en el abono, ya que s\u00f3lo se anunciaba en la primera novillada, el lunes 9 -en lo que era su despedida de su categor\u00eda-, junto a Aar\u00f3n Palacios y Nicol\u00e1s Cortijo. Pero, cuatro d\u00edas despu\u00e9s, ocupando la sustituci\u00f3n del lesionado Morante de la Puebla, y doctor\u00e1ndose en un cartel con Paco Ure\u00f1a y Roca Rey, una actuaci\u00f3n en la que brill\u00f3 con el capote y le ha valido para apuntarse el galard\u00f3n. \u00a0<\/p>\n<p>Una vez recibidos y sumados todos los votos, el nuevo matador de toros y seguidor de la dinast\u00eda de su padre -quien le entreg\u00f3 los trastos en la ceremonia, previamente cedidos por Ure\u00f1a, result\u00f3 el triunfador de galard\u00f3n, quedando en segundo lugar precisamente su te\u00f3rico padrino del doctorado. Todos los votos recibidos por ambos se refieren a ese festejo triunfal, y triunfalista, del s\u00e1bado,13, en el que el lorquino con residencia en Albacete indult\u00f3 a un toro de Daniel Ruiz y en el que la terna y el ganadero salieron a hombros.<\/p>\n<p>Se da la circunstancia de que la mayor\u00eda de los apoyos obtenidos por Caballero han sido por su labor con el percal en el sexto de la tarde, con el que brill\u00f3 tanto al recibirlo con una buena tanda de ver\u00f3nicas, y despu\u00e9s, tras ser picado el animal, con chicuelinas y una serie de improvisadas largas \u00a0-suerte en el que siempre destac\u00f3 su padre en sus trayectoria-Su labor frente al burel de la alternativa, tambi\u00e9n con un par de votos, se ha centrado tambi\u00e9n en el quite iniciado igualmente por chicuelinas a la que sigui\u00f3 una tafallera y media ver\u00f3nica de cierre.\u00a0<\/p>\n<p>Tambi\u00e9n en los comentarios de la mayor\u00eda de los miembros del jurado ha habido un denominador com\u00fan: lo poco destacable con el capote, no s\u00f3lo entre los paisanos, sino en general a lo largo del abono, lo que revaloriza un trofeo que se centra en esta suerte.<\/p>\n<p>En conjunto eran ocho los coletudos, cinco matadores -que luego, al doctorarse Caballero pasaron a seis- y tres novilleros que pod\u00edan incluir en sus respectivos historiales este galard\u00f3n, incluyendo adem\u00e1s de a los nacidos en Albacete a aquellos con especiales vinculaciones con la tierra. Entre los primeros, adem\u00e1s del triunfador, tambi\u00e9n estaban Jos\u00e9 Fernando Molina y Rub\u00e9n Pinar, a\u00f1adi\u00e9ndose en los vinculados Paco Ure\u00f1a, Samuel Naval\u00f3n y Alejandro Pe\u00f1aranda. \u00a0En cuanto a los no doctorados al principio del abono, adem\u00e1s de Caballero, figuraban Nicol\u00e1s Cortijo y Alejandro Quesada.<\/p>\n<p>La entrega del galard\u00f3n queda todav\u00eda con fecha abierta a la espera de que, una vez concluida la temporada y los compromisos que albergue todav\u00eda Caballero, se acuerde con \u00e9l y tambi\u00e9n con la familia Pedr\u00e9s que nunca falta al acto, como m\u00ednimo con presencia de su hijo Pedro Mart\u00ednez Jare\u00f1o -encargado de la ganader\u00eda que fund\u00f3 su padre- y de quien fuera su esposa Teresa Jare\u00f1o, ambos encargados de hacer llegar la placa al vencedor. El propio matador, fallecido en 2021, lo entreg\u00f3 en las cuatro primeras ediciones.<\/p>\n<p>Dado el generalizado amor por la tauromaquia de la familia, es habitual tambi\u00e9n la presencia de otros componentes de la misma, como nietas del legendario coletudo, que son muy aficionadas. Habitualmente este evento tiene lugar en la sede de la Asociaci\u00f3n en los meses de octubre o noviembre y a \u00e9l se invitan a otros personajes y cr\u00edticos del mundo del toro a fin de que tenga, como as\u00ed sucede, mucha relevancia y repercusi\u00f3n.\u00a0<\/p>\n<p>Igualmente se procura que, si le es posible, se desplacen a Madrid para la entrega los miembros del jurado, aunque todos ellos residan en Albacete. Son los cr\u00edticos Pedro J. Garc\u00eda y Pedro Belmonte; -de este peri\u00f3dico- Lorenzo de Rey y Emilio del Rey. Adem\u00e1s de los m\u00fasicos Manuel Garc\u00eda S\u00e1nchez y Alberto Nevado, y los aficionados Isidoro Ruiz y Mar\u00eda Jos\u00e9 Castillo.\u00a0<\/p>\n<p>Caballero sucede en el premio a su padrino de alternativa, Paco Ure\u00f1a, quien se uni\u00f3 en 2024 a una lista en la que est\u00e1n la mayor\u00eda de los coletudos albacetenses en activo con m\u00e1s o menos festejos. Como Rub\u00e9n Pinar y Sergio Serrano, ambos ganadores en un par de ocasiones, Andr\u00e9s Palacios y Cristi\u00e1n P\u00e9rez.\u00a0<\/p>\n","protected":false},"excerpt":{"rendered":"La d\u00e9cima edici\u00f3n del t\u00edtulo al cada vez m\u00e1s desaparecido toreo con el percal tiene al m\u00e1s joven&hellip;\n","protected":false},"author":2,"featured_media":143479,"comment_status":"","ping_status":"","sticky":false,"template":"","format":"standard","meta":{"footnotes":""},"categories":[277],"tags":[2545,373,44362,44360,168,25,24,1949,4674,4317,205,1392,4316,44361,23,167,625,374,444],"class_list":{"0":"post-143478","1":"post","2":"type-post","3":"status-publish","4":"format-standard","5":"has-post-thumbnail","7":"category-toreo","8":"tag-albacete","9":"tag-bullfighting","10":"tag-cristian-perez","11":"tag-cultural-albacete","12":"tag-deportes","13":"tag-es","14":"tag-espana","15":"tag-ganaderia","16":"tag-jose-fernando-molina","17":"tag-la-puebla-de-montalban","18":"tag-madrid","19":"tag-morante-de-la-puebla","20":"tag-roca-rey","21":"tag-sergio-serrano","22":"tag-spain","23":"tag-sports","24":"tag-tauromaquia","25":"tag-toreo","26":"tag-toros"},"share_on_mastodon":{"url":"","error":""},"_links":{"self":[{"href":"https:\/\/www.europesays.com\/es\/wp-json\/wp\/v2\/posts\/143478","targetHints":{"allow":["GET"]}}],"collection":[{"href":"https:\/\/www.europesays.com\/es\/wp-json\/wp\/v2\/posts"}],"about":[{"href":"https:\/\/www.europesays.com\/es\/wp-json\/wp\/v2\/types\/post"}],"author":[{"embeddable":true,"href":"https:\/\/www.europesays.com\/es\/wp-json\/wp\/v2\/users\/2"}],"replies":[{"embeddable":true,"href":"https:\/\/www.europesays.com\/es\/wp-json\/wp\/v2\/comments?post=143478"}],"version-history":[{"count":0,"href":"https:\/\/www.europesays.com\/es\/wp-json\/wp\/v2\/posts\/143478\/revisions"}],"wp:featuredmedia":[{"embeddable":true,"href":"https:\/\/www.europesays.com\/es\/wp-json\/wp\/v2\/media\/143479"}],"wp:attachment":[{"href":"https:\/\/www.europesays.com\/es\/wp-json\/wp\/v2\/media?parent=143478"}],"wp:term":[{"taxonomy":"category","embeddable":true,"href":"https:\/\/www.europesays.com\/es\/wp-json\/wp\/v2\/categories?post=143478"},{"taxonomy":"post_tag","embeddable":true,"href":"https:\/\/www.europesays.com\/es\/wp-json\/wp\/v2\/tags?post=143478"}],"curies":[{"name":"wp","href":"https:\/\/api.w.org\/{rel}","templated":true}]}}