{"id":143493,"date":"2025-09-28T03:40:11","date_gmt":"2025-09-28T03:40:11","guid":{"rendered":"https:\/\/www.europesays.com\/es\/143493\/"},"modified":"2025-09-28T03:40:11","modified_gmt":"2025-09-28T03:40:11","slug":"el-1x1-del-deportivo-en-el-empate-ante-el-eibar","status":"publish","type":"post","link":"https:\/\/www.europesays.com\/es\/143493\/","title":{"rendered":"El \u00ab1&#215;1\u00bb del Deportivo en el empate ante el Eibar"},"content":{"rendered":"<p>\t\t\t \t\t \t\t\t\t\t\t\t <strong class=\"pd-l\">Arnaitz Rubio Aprea | LOF  <\/strong><\/p>\n<p>\t\t\t\t\t\tParre\u00f1o, Quagliatta, Yeremay y Stoichkov alcanzaron el notable en un partido de mucho trabajo en Ipurua<br \/>\n\t\t\t\t\t\t\t\t\t\t\t\t<strong>27 sep 2025<\/strong> . Actualizado a las 20:35 h.\t\t\t\t\t\t<\/p>\n<p>\t\t\t\t\t\t\t\t\t\t\t\t\t\t\t\t\t\t\tGerm\u00e1n Parre\u00f1o | 7<\/p>\n<p class=\"txt\">Seguro bajo palos, en la primera parte apenas tuvo que intervenir. En la segunda, salv\u00f3 el empate con una gran parada, antes de que acabara llegando el 1-1.<\/p>\n<p>\t\t\t\t           \t\t\t\t\t\t\t\t\t\t\t\t\t\t\t\t\t\t\t\t\tXimo Navarro | 6<\/p>\n<p class=\"txt\">Sac\u00f3 un mayor lustre a su faceta defensiva, ya que el contexto del partido requer\u00eda subir menos. Tir\u00f3 de experiencia.<\/p>\n<p>\t\t\t\t\t\t \t\t\t\t\t\t\t\t\t\t\t\t\t\t\t\t\t\t\t\t\t\t\tLoureiro | 6<\/p>\n<p class=\"txt\">Impecable a la hora de corregir situaciones de peligro local. Achic\u00f3 balones. El gol local peg\u00f3 en \u00e9l antes de entrar.<\/p>\n<p>\t\t\t\t           \t\t\t\t\t\t\t\t\t\t\t\t\t\t\t\t\t\t\t\t\tDani Barcia | 6<\/p>\n<p class=\"txt\">Gan\u00f3 duelos y firm\u00f3 varios despejes de m\u00e9rito (seis en total, al t\u00e9rmino del encuentro), entre otras intervenciones defensivas.<\/p>\n<p>\t\t\t\t\t\t \t\t\t\t\t\t\t\t\t\t\t\t\t\t\t\t\t\t\t\t\t\t\tQuagliatta | 7<\/p>\n<p class=\"txt\">Agresivo, siempre al l\u00edmite, dot\u00f3 de car\u00e1cter al equipo desde el flanco izquierdo.<\/p>\n<p>Stoichkov | 7<\/p>\n<p class=\"txt\">Fue la novedad en el once y forz\u00f3 un penalti al poco de comenzar. Jug\u00f3 sobre el perfil derecho. Lo hizo casi todo bien.<\/p>\n<p>\t\t\t\t           \t\t\t\t\t\t\t\t\t\t\t\t\t\t\t\t\t\t\t\t\tDiego Villares | 5<\/p>\n<p class=\"txt\">Atento a la hora de cortar balones. Tambi\u00e9n tuvo alguna p\u00e9rdida conflictiva.<\/p>\n<p>Mario Soriano | 5<\/p>\n<p class=\"txt\">Entr\u00f3 poco en juego tanto en la primera mitad como en la segunda, hasta que fue cambiado.<\/p>\n<p>\t\t\t\t\t\t \t\t\t\t\t\t\t\t\t\t\t\t\t\t\t\t\t\t\t\t\t\t\tLuismi Cruz | 6<\/p>\n<p class=\"txt\">Situado de inicio en la banda izquierda, dirigi\u00f3 varios contragolpes peligrosos. Fue a menos con el paso de los minutos.<\/p>\n<p>\t\t\t\t           \t\t\t\t\t\t\t\t\t\t\t\t\t\t\t\t\t\t\t\t\tYeremay | 7<\/p>\n<p class=\"txt\">Dos carreras suyas en los primeros compases merecieron acabar en gol. Marc\u00f3 de penalti y perdon\u00f3 el 0-2, en un mano a mano en el que adem\u00e1s ten\u00eda solo a Ximo como acompa\u00f1ante.<\/p>\n<p>\t\t\t\t\t\t \t\t\t\t\t\t\t\t\t\t\t\t\t\t\t\t\t\t\t\t\t\t\tMulattieri | 5<\/p>\n<p class=\"txt\">Err\u00f3 en boca de gol en el inicio del duelo. Ofreci\u00f3 trabajo, pero fue menos incisivo que en la \u00faltima jornada ante el Huesca.<\/p>\n<p>\t\t\t\t           \t\t\t\t\t\t\t\t\t\t\t\t\t\t\t\t\t\t\t\t\tZakaria | 5<\/p>\n<p class=\"txt\">Relev\u00f3 a Mulattieri en el 60. Dio ox\u00edgeno al equipo con alguna carrera sin demasiada fortuna.<\/p>\n<p>Charlie Pati\u00f1o | 6<\/p>\n<p class=\"txt\">Sali\u00f3 en el 60 por Stoichkov. Salv\u00f3 un gol sobre la l\u00ednea al poco de salir.<\/p>\n<p>\t\t\t\t\t\t \t\t\t\t\t\t\t\t\t\t\t\t\t\t\t\t\t\t\t\t\t\t\tArnau Comas | 6<\/p>\n<p class=\"txt\">Sustituy\u00f3 a Soriano en el 72. Se situ\u00f3 en el centro de la defensa, en donde firm\u00f3 dos despejes y dos bloqueos.<\/p>\n<p>\t\t\t\t           \t\t\t\t\t\t\t\t\t\t\t\t\t\t\t\t\t\t\t\t\tRub\u00e9n L\u00f3pez | &#8211;<\/p>\n<p class=\"txt\">Entr\u00f3 por Villares en el 80. Hizo su debut esta temporada. Sali\u00f3 en el peor momento, con el Eibar ya volcado.<\/p>\n<p>\t\t\t\t\t\t \t\t\t\t\t\t\t\t\t\t\t\t\t\t\t\t\t\t\t\t\t\t\tCristian Herrera | &#8211;<\/p>\n<p class=\"txt\">Reemplaz\u00f3 en el 80 a Yeremay. Apenas toc\u00f3 tres balones.<\/p>\n<p>&#13;<br \/>\n\tArchivado en:&#13;<br \/>\n\t\t\t\t\t<a href=\"https:\/\/www.lavozdegalicia.es\/temas\/deportivo\/\" target=\"_blank\" class=\"mg-l\" rel=\"nofollow noopener\">Deportivo<\/a>&#13;<br \/>\n\t&#13;<\/p>\n","protected":false},"excerpt":{"rendered":"Arnaitz Rubio Aprea | LOF Parre\u00f1o, Quagliatta, Yeremay y Stoichkov alcanzaron el notable en un partido de mucho&hellip;\n","protected":false},"author":2,"featured_media":143494,"comment_status":"","ping_status":"","sticky":false,"template":"","format":"standard","meta":{"footnotes":""},"categories":[93],"tags":[168,412,25,24,23,167],"class_list":{"0":"post-143493","1":"post","2":"type-post","3":"status-publish","4":"format-standard","5":"has-post-thumbnail","7":"category-deportes","8":"tag-deportes","9":"tag-deportivo","10":"tag-es","11":"tag-espana","12":"tag-spain","13":"tag-sports"},"share_on_mastodon":{"url":"","error":""},"_links":{"self":[{"href":"https:\/\/www.europesays.com\/es\/wp-json\/wp\/v2\/posts\/143493","targetHints":{"allow":["GET"]}}],"collection":[{"href":"https:\/\/www.europesays.com\/es\/wp-json\/wp\/v2\/posts"}],"about":[{"href":"https:\/\/www.europesays.com\/es\/wp-json\/wp\/v2\/types\/post"}],"author":[{"embeddable":true,"href":"https:\/\/www.europesays.com\/es\/wp-json\/wp\/v2\/users\/2"}],"replies":[{"embeddable":true,"href":"https:\/\/www.europesays.com\/es\/wp-json\/wp\/v2\/comments?post=143493"}],"version-history":[{"count":0,"href":"https:\/\/www.europesays.com\/es\/wp-json\/wp\/v2\/posts\/143493\/revisions"}],"wp:featuredmedia":[{"embeddable":true,"href":"https:\/\/www.europesays.com\/es\/wp-json\/wp\/v2\/media\/143494"}],"wp:attachment":[{"href":"https:\/\/www.europesays.com\/es\/wp-json\/wp\/v2\/media?parent=143493"}],"wp:term":[{"taxonomy":"category","embeddable":true,"href":"https:\/\/www.europesays.com\/es\/wp-json\/wp\/v2\/categories?post=143493"},{"taxonomy":"post_tag","embeddable":true,"href":"https:\/\/www.europesays.com\/es\/wp-json\/wp\/v2\/tags?post=143493"}],"curies":[{"name":"wp","href":"https:\/\/api.w.org\/{rel}","templated":true}]}}