{"id":143505,"date":"2025-09-28T03:48:10","date_gmt":"2025-09-28T03:48:10","guid":{"rendered":"https:\/\/www.europesays.com\/es\/143505\/"},"modified":"2025-09-28T03:48:10","modified_gmt":"2025-09-28T03:48:10","slug":"el-balonmano-gijon-cede-un-punto-al-final-ante-el-rocasa","status":"publish","type":"post","link":"https:\/\/www.europesays.com\/es\/143505\/","title":{"rendered":"El Balonmano Gij\u00f3n cede un punto al final ante el Rocasa"},"content":{"rendered":"<p class=\"ft-text\">Empate amargo para el Balonmano Gij\u00f3n en el comienzo de la competici\u00f3n en Plata Femenina. El conjunto gijon\u00e9s, que fue dominando al filial del Rocasa Gran Canaria durante la mayor parte del encuentro, con diferencias que fueron hasta de seis goles, termin\u00f3 cediendo una igualada a 26 tras encajar el \u00faltimo gol canario a falta de un minuto para la conclusi\u00f3n.<\/p>\n<p class=\"ft-text\">Marta Dur\u00e1n, con cinco goles, y Lorena Garc\u00eda, con cuatro, fueron las m\u00e1s efectivas de cara a la porter\u00eda por parte del equipo dirigido por \u00c1ngel Gul\u00edn, que se medir\u00e1 ahora al Romade.<\/p>\n<p><a id=\"comments\" name=\"comments\" title=\"\" class=\"ft-anchor ft-anchor--absolute ft-helper-spacer-voffset-xlg\" rel=\"\"><\/a><\/p>\n","protected":false},"excerpt":{"rendered":"Empate amargo para el Balonmano Gij\u00f3n en el comienzo de la competici\u00f3n en Plata Femenina. El conjunto gijon\u00e9s,&hellip;\n","protected":false},"author":2,"featured_media":32896,"comment_status":"","ping_status":"","sticky":false,"template":"","format":"standard","meta":{"footnotes":""},"categories":[278],"tags":[376,3226,168,25,24,1058,6023,5815,1897,375,2525,2320,23,167],"class_list":{"0":"post-143505","1":"post","2":"type-post","3":"status-publish","4":"format-standard","5":"has-post-thumbnail","7":"category-balonmano","8":"tag-balonmano","9":"tag-cede","10":"tag-deportes","11":"tag-es","12":"tag-espana","13":"tag-final","14":"tag-gijon","15":"tag-goles","16":"tag-gran-canaria","17":"tag-handball","18":"tag-plata","19":"tag-punto","20":"tag-spain","21":"tag-sports"},"share_on_mastodon":{"url":"","error":""},"_links":{"self":[{"href":"https:\/\/www.europesays.com\/es\/wp-json\/wp\/v2\/posts\/143505","targetHints":{"allow":["GET"]}}],"collection":[{"href":"https:\/\/www.europesays.com\/es\/wp-json\/wp\/v2\/posts"}],"about":[{"href":"https:\/\/www.europesays.com\/es\/wp-json\/wp\/v2\/types\/post"}],"author":[{"embeddable":true,"href":"https:\/\/www.europesays.com\/es\/wp-json\/wp\/v2\/users\/2"}],"replies":[{"embeddable":true,"href":"https:\/\/www.europesays.com\/es\/wp-json\/wp\/v2\/comments?post=143505"}],"version-history":[{"count":0,"href":"https:\/\/www.europesays.com\/es\/wp-json\/wp\/v2\/posts\/143505\/revisions"}],"wp:featuredmedia":[{"embeddable":true,"href":"https:\/\/www.europesays.com\/es\/wp-json\/wp\/v2\/media\/32896"}],"wp:attachment":[{"href":"https:\/\/www.europesays.com\/es\/wp-json\/wp\/v2\/media?parent=143505"}],"wp:term":[{"taxonomy":"category","embeddable":true,"href":"https:\/\/www.europesays.com\/es\/wp-json\/wp\/v2\/categories?post=143505"},{"taxonomy":"post_tag","embeddable":true,"href":"https:\/\/www.europesays.com\/es\/wp-json\/wp\/v2\/tags?post=143505"}],"curies":[{"name":"wp","href":"https:\/\/api.w.org\/{rel}","templated":true}]}}