{"id":143516,"date":"2025-09-28T04:03:08","date_gmt":"2025-09-28T04:03:08","guid":{"rendered":"https:\/\/www.europesays.com\/es\/143516\/"},"modified":"2025-09-28T04:03:08","modified_gmt":"2025-09-28T04:03:08","slug":"mavi-garcia-y-el-despertar-de-las-ciclistas-espanolas-ciclismo-deportes","status":"publish","type":"post","link":"https:\/\/www.europesays.com\/es\/143516\/","title":{"rendered":"Mavi Garc\u00eda y el despertar de las ciclistas espa\u00f1olas | Ciclismo | Deportes"},"content":{"rendered":"<p class=\"\">\u201cYa est\u00e1 todo hecho\u201d, dice Mavi Garc\u00eda, que tiene 41 a\u00f1os y ha estado 10 buscando la que ya se bambolea en su pecho colgada del cuello sudado<a href=\"https:\/\/elpais.com\/deportes\/ciclismo\/2025-09-27\/mavi-garcia-medalla-de-bronce-en-el-mundial-de-ciclismo-a-los-41-anos.html\" target=\"_self\" rel=\"nofollow noopener\" title=\"https:\/\/elpais.com\/deportes\/ciclismo\/2025-09-27\/mavi-garcia-medalla-de-bronce-en-el-mundial-de-ciclismo-a-los-41-anos.html\">, una medalla en un Mundial de ciclismo<\/a>. \u201cYa lo he hecho todo\u201d, repite la mallorquina, que ha terminado tercera en la colina de Kimihurura, meta del circuito del Mundial de ciclismo que ha invadido Kigali, la capital de Ruanda. \u201cQuiero disfrutar el a\u00f1o que viene haciendo bici, que es lo que m\u00e1s me gusta, ayudando a otras\u2026\u201d Mavi Garc\u00eda, la \u00fanica luz durante una d\u00e9cada del mortecino ciclismo femenino espa\u00f1ol, quiz\u00e1s no es consciente de que, en realidad, ya ha ayudado a otras, y solo tiene que mirar alrededor para verlo. Su bronce es la cuarta medalla del ciclismo femenino espa\u00f1ol esta semana. Las otras tres, y un arco\u00edris, las han ganado dos j\u00f3venes con edad para ser sus hijas casi, y si no biol\u00f3gicas, s\u00ed hijas deportivas, pues quiz\u00e1s no ser\u00edan ciclistas si ella no hubiera existido. Es su mayor contribuci\u00f3n a un ciclismo espa\u00f1ol que, falto de grandes estructuras, equipos, carreras, falto de casi todo, da a la luz regularmente a genios surgidos de la nada.<\/p>\n<p class=\"\">Unas horas antes, al amanecer del s\u00e1bado casi,<a href=\"https:\/\/elpais.com\/deportes\/ciclismo\/2025-09-27\/paula-ostiz-campeona-del-mundo-junior-en-el-mundial-de-ciclismo.html\" target=\"_self\" rel=\"nofollow noopener\" title=\"https:\/\/elpais.com\/deportes\/ciclismo\/2025-09-27\/paula-ostiz-campeona-del-mundo-junior-en-el-mundial-de-ciclismo.html\"> Paula Ostiz, navarra de 18 a\u00f1os, rizos y rabia competitiva \u00fanica, conquist\u00f3 la medalla de oro<\/a> y el jersey arco\u00edris de campeona del mundo \u2014el azul, el amarillo y el verde de la bandera de Ruanda m\u00e1s el rojo y el negro, cinco franjas con los colores de los aros ol\u00edmpicos\u2014 en la carrera en l\u00ednea j\u00fanior. Es su segundo podio, despu\u00e9s del segundo lugar alcanzado el mi\u00e9rcoles en la contrarreloj de su categor\u00eda. Y otra Paula,<a href=\"https:\/\/elpais.com\/deportes\/ciclismo\/2025-09-26\/paula-blasi-y-benjamin-noval-perlas-del-ciclismo-espanol-en-el-mundial-de-ruanda.html\" target=\"_self\" rel=\"nofollow noopener\" title=\"https:\/\/elpais.com\/deportes\/ciclismo\/2025-09-26\/paula-blasi-y-benjamin-noval-perlas-del-ciclismo-espanol-en-el-mundial-de-ruanda.html\"> la catalana Blasi, de 22 a\u00f1os, consigui\u00f3 el jueves el bronce<\/a> en la carrera en l\u00ednea sub-23. <\/p>\n<p class=\"\">Cada una de las tres es una historia diferente.Paula Ostiz, que encarna el futuro m\u00e1s brillante, alma de clasic\u00f3mana, clase para contrarrelojear en un cuerpo compacto de apenas 1,56m, es ciclista pura sangre desde los seis a\u00f1os que en la escuela compet\u00eda con los chicos y los desazonaba. Es de Orkoien y vive en San Jorge, a las afueras de Pamplona, con su madre, Jennifer, ecuatoriana de Guayaquil, y sus dos hermanos son tambi\u00e9n ciclistas. Ninguno como ella, un diablo en bicicleta. Corre en el Movistar. Gana el Mundial un a\u00f1o despu\u00e9s de ser segunda en la cita de Z\u00farich. Predestinada. Son 73,8 kil\u00f3metros de espera y desgaste y 150 metros de explosi\u00f3n. Con la paciencia de una ara\u00f1a vieja que desdice sus 18 a\u00f1os fogosos y la determinaci\u00f3n de un mosquito que se lanza en picado sobre su objetivo destroza al final de la colina a las cuatro rivales con las que se jug\u00f3 la victoria.<\/p>\n<p class=\"\">Mavi Garc\u00eda lleg\u00f3 al ciclismo a los 31 a\u00f1os, despu\u00e9s de aburrirse ganando pruebas de duatl\u00f3n. El suyo es un ciclismo de dolor y resistencia, agon\u00eda plena. Fue la pionera que lider\u00f3 la llegada el Movistar al pelot\u00f3n en 2018, y despu\u00e9s, cuando el equipo espa\u00f1ol decidi\u00f3 convertirse en la gran potencia del ciclismo mundial fichando a la neerlandesa Annemiek van Vleuten, siempre libre, peregrin\u00f3 por los mejores equipos del mundo, el Al\u00e9, el UAE, y, finalmente, el Liv australiano, con el que ya triunf\u00f3 este verano ganado una magn\u00edfica etapa el pasado Tour. Paula Blasi, catalana de Esplugues de Llobregat, fue atleta antes que ciclista. Mediofondista como su admirada Esther Guerrero, siempre en su coraz\u00f3n, con una tendencia excesiva a lesionarse. La frustraci\u00f3n la condujo a la bicicleta ya cumplidos los 18. Es la mejor ciclista espa\u00f1ola del momento (cuatro victorias esta temporada con los colores del UAE. \u201cM\u00e1s que por las victorias que he conseguido, el ciclismo me llena por lo que me aporta. El atletismo me frustraba porque en el atletismo no pod\u00eda llegar a mi l\u00edmite de rendimiento, que es lo que me motiva, porque antes llegaba a mi l\u00edmite f\u00edsico en forma de lesiones\u201d, dice. \u201cLa bici me ha abierto otra puerta. Puedo exprimirme bien entrenando y luego as\u00ed ver resultados en carrera\u201d. Es r\u00e1pida, racional, fr\u00eda. Y m\u00e1s que clasic\u00f3mana, ciclista de fondo, de Tour y de monta\u00f1a. Fue cuarta en el Porvenir del 2024 y sexta este a\u00f1o.<\/p>\n","protected":false},"excerpt":{"rendered":"\u201cYa est\u00e1 todo hecho\u201d, dice Mavi Garc\u00eda, que tiene 41 a\u00f1os y ha estado 10 buscando la que&hellip;\n","protected":false},"author":2,"featured_media":143517,"comment_status":"","ping_status":"","sticky":false,"template":"","format":"standard","meta":{"footnotes":""},"categories":[93],"tags":[313,44372,2838,1540,168,25,24,23,167],"class_list":{"0":"post-143516","1":"post","2":"type-post","3":"status-publish","4":"format-standard","5":"has-post-thumbnail","7":"category-deportes","8":"tag-ciclismo","9":"tag-ciclismo-femenino","10":"tag-ciclistas","11":"tag-competiciones","12":"tag-deportes","13":"tag-es","14":"tag-espana","15":"tag-spain","16":"tag-sports"},"share_on_mastodon":{"url":"","error":""},"_links":{"self":[{"href":"https:\/\/www.europesays.com\/es\/wp-json\/wp\/v2\/posts\/143516","targetHints":{"allow":["GET"]}}],"collection":[{"href":"https:\/\/www.europesays.com\/es\/wp-json\/wp\/v2\/posts"}],"about":[{"href":"https:\/\/www.europesays.com\/es\/wp-json\/wp\/v2\/types\/post"}],"author":[{"embeddable":true,"href":"https:\/\/www.europesays.com\/es\/wp-json\/wp\/v2\/users\/2"}],"replies":[{"embeddable":true,"href":"https:\/\/www.europesays.com\/es\/wp-json\/wp\/v2\/comments?post=143516"}],"version-history":[{"count":0,"href":"https:\/\/www.europesays.com\/es\/wp-json\/wp\/v2\/posts\/143516\/revisions"}],"wp:featuredmedia":[{"embeddable":true,"href":"https:\/\/www.europesays.com\/es\/wp-json\/wp\/v2\/media\/143517"}],"wp:attachment":[{"href":"https:\/\/www.europesays.com\/es\/wp-json\/wp\/v2\/media?parent=143516"}],"wp:term":[{"taxonomy":"category","embeddable":true,"href":"https:\/\/www.europesays.com\/es\/wp-json\/wp\/v2\/categories?post=143516"},{"taxonomy":"post_tag","embeddable":true,"href":"https:\/\/www.europesays.com\/es\/wp-json\/wp\/v2\/tags?post=143516"}],"curies":[{"name":"wp","href":"https:\/\/api.w.org\/{rel}","templated":true}]}}