{"id":143526,"date":"2025-09-28T04:09:10","date_gmt":"2025-09-28T04:09:10","guid":{"rendered":"https:\/\/www.europesays.com\/es\/143526\/"},"modified":"2025-09-28T04:09:10","modified_gmt":"2025-09-28T04:09:10","slug":"ayuso-mil-grescas-y-una-grieta-espana","status":"publish","type":"post","link":"https:\/\/www.europesays.com\/es\/143526\/","title":{"rendered":"Ayuso, mil grescas y una grieta | Espa\u00f1a"},"content":{"rendered":"<p class=\"\">Jueves, 25 de septiembre. La presidenta madrile\u00f1a participa en un<a href=\"https:\/\/elpais.com\/espana\/madrid\/2025-09-25\/ayuso-defiende-a-israel-y-se-desmarca-de-las-palabras-del-rey-sobre-gaza-espana-lo-pagara-durante-muchos-anos.html\" target=\"_self\" rel=\"nofollow noopener\" title=\"https:\/\/elpais.com\/espana\/madrid\/2025-09-25\/ayuso-defiende-a-israel-y-se-desmarca-de-las-palabras-del-rey-sobre-gaza-espana-lo-pagara-durante-muchos-anos.html\"> desayuno informativo <\/a>organizado por Nueva Econom\u00eda F\u00f3rum en Madrid. \u201cIsabel D\u00edaz Ayuso\u201d, dice el presentador del acto, \u201cha subrayado que quiere centrar la gesti\u00f3n de su Gobierno en los servicios p\u00fablicos a los que acuden todas las familias en Madrid: la sanidad, los colegios, el transporte&#8230; [&#8230;] Son iniciativas de gesti\u00f3n que la presidenta quiere exponer m\u00e1s all\u00e1 del rifirrafe pol\u00edtico sobre la corrupci\u00f3n que afecta al Gobierno, el conflicto en Oriente medio, los problemas energ\u00e9ticos o los privilegios que denuncia en la financiaci\u00f3n de las comunidades aut\u00f3nomas, en particular, Catalu\u00f1a\u201d, a\u00f1ade. Pero, despu\u00e9s de dar los buenos d\u00edas y saludar a los presentes, Ayuso hablar\u00e1 desde el atril de una \u201cdemocracia secuestrada\u201d por Pedro S\u00e1nchez, quien, asegura, ha puesto en marcha un \u201cproyecto totalitario\u201d para \u201cacabar con la Corona, la Transici\u00f3n y la Constituci\u00f3n\u201d y crear una \u201cnaci\u00f3n paralegal\u201d; de la esposa y el hermano del presidente del Gobierno; del fiscal general, al que llama \u201cel ministro 23\u2033; de los fallos en las <a href=\"https:\/\/elpais.com\/expres\/2025-09-26\/igualdad-admite-por-primera-vez-fallos-en-las-pulseras-antimaltrato-y-pide-perdon-que-esta-pasando.html\" target=\"_self\" rel=\"nofollow noopener\" title=\"https:\/\/elpais.com\/expres\/2025-09-26\/igualdad-admite-por-primera-vez-fallos-en-las-pulseras-antimaltrato-y-pide-perdon-que-esta-pasando.html\">pulseras antimaltrato <\/a>-\u201ctengo entendido que las que s\u00ed funcionaban eran de origen israel\u00ed\u201d-; de los retrasos en los trenes de Renfe \u201cy las prisas para poner a las estaciones nombres de mujeres\u201d; del intento fallido de S\u00e1nchez de aprovechar \u201clos incendios del verano para promover una urgencia sobre el debate clim\u00e1tico\u201d; de Yemen, Siria, Nigeria, Cuba, el S\u00e1hara, Venezuela; del movimiento \u201csuicida\u201d de despreciar \u201clas aportaciones israel\u00edes\u201d; de la \u201ccanallada\u201d de ofender a los jud\u00edos\u201d y hasta de RTVE, a la que llam\u00f3 \u201cprensa del r\u00e9gimen\u201d. Es decir, apenas menciones a la sanidad, la educaci\u00f3n y el transporte en una Comunidad que maneja un presupuesto de casi 29.000 millones de euros al a\u00f1o. Solo S\u00e1nchez y cu\u00e1nto odia S\u00e1nchez a Madrid. <\/p>\n<p class=\"\">Esa es, seg\u00fan compa\u00f1eros de partido y polit\u00f3logos consultados para este perfil, una de las claves del \u00e9xito de Ayuso: que apenas se hable de su gesti\u00f3n, de los problemas de la comunidad que preside<a href=\"https:\/\/elpais.com\/espana\/elecciones-madrid\/2023-05-28\/ayuso-arrolla-en-madrid-y-dispara-al-pp-hasta-una-mayoria-absoluta-como-las-de-aguirre.html\" target=\"_self\" rel=\"nofollow noopener\" title=\"https:\/\/elpais.com\/espana\/elecciones-madrid\/2023-05-28\/ayuso-arrolla-en-madrid-y-dispara-al-pp-hasta-una-mayoria-absoluta-como-las-de-aguirre.html\"> con mayor\u00eda aboluta,<\/a> la tercera m\u00e1s poblada de Espa\u00f1a. Los exabruptos e hip\u00e9rboles &#8211; \u201c<a href=\"https:\/\/elpais.com\/espana\/elecciones-autonomicas\/2023-05-18\/quiza-los-jovenes-no-lo-saben-pero-eta-esta-viva.html\" target=\"_self\" rel=\"nofollow noopener\" title=\"https:\/\/elpais.com\/espana\/elecciones-autonomicas\/2023-05-18\/quiza-los-jovenes-no-lo-saben-pero-eta-esta-viva.html\">ETA est\u00e1 viva, en el poder, vive de nuestro dinero<\/a>\u201d; \u201cNos han <a href=\"https:\/\/elpais.com\/espana\/2023-11-10\/bulos-e-hiperboles-sobre-la-amnistia-del-esto-es-la-dictadura-a-inocentes-a-la-carcel.html?utm_medium=social&amp;utm_campaign=echobox&amp;utm_source=Twitter&amp;ssm=TW_CM#Echobox=1699623314\" target=\"_blank\" rel=\"nofollow noopener\" title=\"https:\/\/elpais.com\/espana\/2023-11-10\/bulos-e-hiperboles-sobre-la-amnistia-del-esto-es-la-dictadura-a-inocentes-a-la-carcel.html?utm_medium=social&amp;utm_campaign=echobox&amp;utm_source=Twitter&amp;ssm=TW_CM#Echobox=1699623314\">colado una dictadura <\/a>por la puerta de atr\u00e1s\u201d; \u201cMadrid<a href=\"https:\/\/elpais.com\/espana\/2025-09-16\/honor-o-ridiculo-internacional-psoe-y-pp-agrandan-sus-diferencias-a-proposito-de-las-protestas-contra-israel.html\" target=\"_self\" rel=\"nofollow noopener\" title=\"https:\/\/elpais.com\/espana\/2025-09-16\/honor-o-ridiculo-internacional-psoe-y-pp-agrandan-sus-diferencias-a-proposito-de-las-protestas-contra-israel.html\"> dio la imagen de un Sarajevo en guerra<\/a> [durante las protestas propalestinas en la etapa final de la vuelta ciclista]\u201d; \u201cCada vez m\u00e1s gente est\u00e1 sacando a sus hijos de Espa\u00f1a&#8230;\u201d- lo copan y tapan todo. <\/p>\n<p><img decoding=\"auto\" class=\"_re lazyload a_m-h\" height=\"311\"  width=\"414\"  src=\"https:\/\/www.europesays.com\/es\/wp-content\/uploads\/2025\/09\/XAHNSIDT75A2LPPBWVPSLDJZPU.jfif\" loading=\"lazy\"\/>Isabel D\u00edaz Ayuso saluda al equipo Israel, en la \u00faltima etapa de La Vuelta de este a\u00f1o. Comunidad de Madrid<\/p>\n<p class=\"\">\u201cElla\u201d, afirma un veterano dirigente popular, \u201cha tomado la decisi\u00f3n de dejar la gesti\u00f3n a sus consejeros y dedicarse exclusivamente al antagonismo con S\u00e1nchez. Y le funciona: es una virtud suya y un defecto de sus rivales, que le hacen el juego\u201d. Para el polit\u00f3logo Pablo Sim\u00f3n, Ayuso \u201csigue la ret\u00f3rica de la nueva derecha radical populista, lo que se conoce como owning the libs, es decir, cabrear y provocar a los progres [por ejemplo, <a href=\"https:\/\/elpais.com\/espana\/2024-06-21\/ayuso-da-cobertura-institucional-al-discurso-ultra-de-milei-y-los-ataques-a-sanchez.html\" target=\"_self\" rel=\"nofollow noopener\" title=\"https:\/\/elpais.com\/espana\/2024-06-21\/ayuso-da-cobertura-institucional-al-discurso-ultra-de-milei-y-los-ataques-a-sanchez.html\">premiando a Javier Milei con una medalla despu\u00e9s de que este atacara a S\u00e1nchez<\/a>], generar reacciones emocionales y elevar la temperatura cuando hace falta desviar la atenci\u00f3n. Sigue el mismo manual que <a href=\"https:\/\/elpais.com\/noticias\/donald-trump\/\" target=\"_self\" rel=\"nofollow noopener\" title=\"https:\/\/elpais.com\/noticias\/donald-trump\/\">Donald Trump<\/a>: el desprecio total al rival y cuando vienen mal dadas, el victimismo, la conspiraci\u00f3n. Todo es importado. Es evidente que hay un canal de comunicaci\u00f3n abierto entre los principales think tanks y laboratorios conservadores de EEUU en cuanto a narrativas y estrategias. La pol\u00edtica madrile\u00f1a est\u00e1 secuestrada por la nacional y eso es muy conveniente para Ayuso, pero el Gobierno de Espa\u00f1a es copart\u00edcipe de su leyenda porque siempre pica\u00bb.<\/p>\n<p class=\"\">Desde la llegada de Ayuso a la presidencia, la Asamblea de Madrid se ha convertido en un espejo del Congreso de los Diputados. Se habla de la amnist\u00eda al proc\u00e9s, de Ham\u00e1s, del sanchismo&#8230; Los jueves empiezan con una rueda de prensa del portavoz del PP, justo antes de la sesi\u00f3n, donde ya se critica a S\u00e1nchez y se marca la l\u00ednea. Esto sucede, sobre todo, desde 2022, cuando Ayuso tom\u00f3 el control absoluto del PP regional y reuni\u00f3 en sus manos todo el poder org\u00e1nico e institucional. Para entender c\u00f3mo se toma Ayuso los plenos regionales basta, este mensaje que ella misma <a href=\"https:\/\/elpais.com\/espana\/madrid\/2023-03-16\/ayuso-a-los-diputados-del-pp-hoy-la-izquierda-esta-acabada-matadlos.html\" target=\"_self\" rel=\"nofollow noopener\" title=\"https:\/\/elpais.com\/espana\/madrid\/2023-03-16\/ayuso-a-los-diputados-del-pp-hoy-la-izquierda-esta-acabada-matadlos.html\">mand\u00f3 en 2023<\/a> al grupo de WhatsApp de los diputados: <\/p>\n<p class=\"\">\u2212La izquierda est\u00e1 acabada (&#8230;). Matadlos.<\/p>\n<p class=\"\">Un alto cargo socialista de Madrid recuerda ahora que en 2019 el PSOE estaba muy vivo y que, de hecho, gan\u00f3 las elecciones con \u00c1ngel Gabilondo. Ahora, siete a\u00f1os despu\u00e9s, con un estilo pol\u00edtico marcado y reconocido como el Ayusismo, reconoce que es complejo combatir a la presidenta. \u201cNo se puede ir a un debate serio e ideol\u00f3gico porque ella va siempre a descalificar. Si suelta ocho barrabasadas, no te da tiempo a rebatirlas\u201d. Las alusiones a Ayuso tambi\u00e9n se multiplican en el Congreso de los Diputados y en las ruedas de prensa posteriores al Consejo de Ministros. <\/p>\n<p class=\"\">La estrategia de Ayuso ha arrastrado al l\u00edder del PP, Alberto N\u00fa\u00f1ez Feij\u00f3o, que tampoco habla de gesti\u00f3n, apenas presenta proyectos o ideas alternativas a las pol\u00edticas del Ejecutivo. \u201cLa agenda judicial\u201d, a\u00f1ade Sim\u00f3n, \u201cha secuestrado la pol\u00edtica. Ya no hay debates sobre ideas\u201d. Lo que cuadros populares llaman \u201cayusodependencia\u201d ha generado un debate en el partido. Hay quien piensa que \u201ces la \u00fanica que puede parar a Vox\u201d \u2015en la Comunidad de Madrid no tienen tanta fuerza como en otros territorios\u2014 y quien piensa lo contrario, que lo que funciona en la idiosincrasia madrile\u00f1a no tendr\u00eda el mismo \u00e9xito en Andaluc\u00eda, Galicia o Catalu\u00f1a, y que \u201cFeij\u00f3o se equivoca si intenta imitarla\u201d. <\/p>\n<p class=\"\">Las cosas cambiado esta semana, cuando la jueza ha decidido<a href=\"https:\/\/elpais.com\/espana\/madrid\/2025-09-22\/la-jueza-envia-al-novio-de-ayuso-al-banquillo-por-el-caso-del-fraude-fiscal.html\" target=\"_self\" rel=\"nofollow noopener\" title=\"https:\/\/elpais.com\/espana\/madrid\/2025-09-22\/la-jueza-envia-al-novio-de-ayuso-al-banquillo-por-el-caso-del-fraude-fiscal.html\"> enviar al banquillo a su pareja, Alberto Gonz\u00e1lez Amador, por el caso del fraude fiscal de m\u00e1s de 350.000 euros.<\/a> Ayuso, quien desde el primer momento puso recursos del gobierno auton\u00f3mico al servicio de la defensa de su novio, empezando por su jefe de gabinete, Miguel \u00c1ngel Rodr\u00edguez, ha planteado la investigaci\u00f3n contra el empresario con el que convive como una persecuci\u00f3n pol\u00edtica por ser ella quien es y no por lo que supuestamente ha hecho Gonz\u00e1lez Amador. Esta semana, sin embargo, ha variado ligeramente su discurso, al introducir un nuevo matiz: los delitos que haya podido cometer su novio son previos a su relaci\u00f3n. Es la primera muestra de debilidad en mucho tiempo. <\/p>\n<p class=\"\">La baronesa despliega su propio manual de resistencia tras haber ganado varios pulsos, como el que acab\u00f3 con el<a href=\"https:\/\/elpais.com\/espana\/2022-04-01\/aznar-en-el-funeral-politico-de-casado-pablo-donde-quiera-que-este-gracias.html\" target=\"_self\" rel=\"nofollow noopener\" title=\"https:\/\/elpais.com\/espana\/2022-04-01\/aznar-en-el-funeral-politico-de-casado-pablo-donde-quiera-que-este-gracias.html\"> primer l\u00edder del PP elegido en unas primarias, Pablo Casado, <\/a>o el de la pandemia, cuando su rebeld\u00eda frente a las recomendaciones de los expertos fue premiada con una lluvia de votos en las urnas. Estos son los hitos en su trayectoria pol\u00edtica y las claves de un estilo de comunicaci\u00f3n que ha alterado el debate p\u00fablico m\u00e1s all\u00e1 de los l\u00edmites de la Asamblea de Madrid. <\/p>\n<p>2019: Candidata por sorpresa<img decoding=\"auto\" class=\"_re lazyload a_m-h\" height=\"278\"  width=\"414\"  src=\"https:\/\/www.europesays.com\/es\/wp-content\/uploads\/2025\/09\/USHOAPQLNVJZ7O53BDMLQIQ4B4.jpg\" loading=\"lazy\"\/>Casado (en el centro), durante la presentaci\u00f3n de los candidatos del PP de Madrid, a la alcald\u00eda de la ciudad, Jos\u00e9 Luis Mart\u00ednez-Almeida, y la candidata a la presidencia de la Comunidad, Isabel D\u00edaz Ayuso, en enero de 2019.JAIME VILLANUEVA<\/p>\n<p class=\"\">\u201cCuando Pablo la eligi\u00f3 como candidata a la presidencia de la Comunidad de Madrid\u201d, admite ahora un exdirigente popular, \u201cmuchos nos llevamos las manos a la cabeza\u201d. Ayuso era vicesecretaria de comunicaci\u00f3n del PP madrile\u00f1o. Casado y ella se conoc\u00edan desde que ten\u00edan 23 y 26 a\u00f1os, respectivamente. Eran amigos. \u201cA muchos nos pareci\u00f3 que no ten\u00eda experiencia suficiente y que Casado arriesgaba demasiado. Si me llegan a decir entonces todo lo que ha pasado despu\u00e9s, no me lo creo\u201d, afirma un veterano cargo del partido. Salvo una breve etapa como viceconsejera de Justicia con Cristina Cifuentes, su experiencia pol\u00edtica se limitaba al \u00e1rea de comunicaci\u00f3n y redes sociales del PP. Pero Casado hab\u00eda decidido que era la mejor embajadora de lo que llamaba \u201cderecha sin complejos\u201d. En la decisi\u00f3n final fue determinante una bronca que Ayuso mantuvo en La Sexta con la periodista Mamen Mendiz\u00e1bal a prop\u00f3sito del feminismo que la coloc\u00f3 entre los temas m\u00e1s comentados en redes sociales. El todav\u00eda l\u00edder del PP apost\u00f3 por ella \u201cpor su juventud y su capacidad para viralizar sus declaraciones\u201d, a\u00f1ade la misma fuente. <\/p>\n<p class=\"\">Ayuso obtuvo, en aquellas primeras elecciones como candidata, el peor resultado de la historia del PP madrile\u00f1o: <a href=\"https:\/\/resultados.elpais.com\/elecciones\/2019\/autonomicas\/12\/\" target=\"_self\" rel=\"nofollow noopener\" title=\"https:\/\/resultados.elpais.com\/elecciones\/2019\/autonomicas\/12\/\">el 22% de los votos<\/a> \u2014hoy gobierna con el 47%\u2014 . La de 2019 fue la primera victoria electoral del PSOE en la Comunidad desde 1987, pero la apuesta personal de Casado<a href=\"https:\/\/elpais.com\/ccaa\/2019\/08\/14\/madrid\/1565769016_305988.html\" target=\"_self\" rel=\"nofollow noopener\" title=\"https:\/\/elpais.com\/ccaa\/2019\/08\/14\/madrid\/1565769016_305988.html\"> fue investida finalmente presidenta con los apoyos de Ciudadanos <\/a>\u2014<a href=\"https:\/\/elpais.com\/ccaa\/2019\/08\/14\/madrid\/1565769016_305988.html\" target=\"_self\" rel=\"nofollow noopener\" title=\"https:\/\/elpais.com\/ccaa\/2019\/08\/14\/madrid\/1565769016_305988.html\">que entraba en el Gobierno de coalici\u00f3n<\/a>\u2014<a href=\"https:\/\/elpais.com\/ccaa\/2019\/08\/14\/madrid\/1565769016_305988.html\" target=\"_self\" rel=\"nofollow noopener\" title=\"https:\/\/elpais.com\/ccaa\/2019\/08\/14\/madrid\/1565769016_305988.html\"> y de Vox. <\/a><\/p>\n<p>Gobierno con Ciudadanos: llega Miguel \u00c1ngel Rodr\u00edguez <\/p>\n<p class=\"\">Miguel \u00c1ngel Rodr\u00edguez Baj\u00f3n cumpl\u00eda 56 a\u00f1os el 21 de enero de 2020, el mismo d\u00eda que Isabel D\u00edaz Ayuso pronunci\u00f3 su nombre completo en el Consejo de Gobierno. Se cumpl\u00edan cinco meses del acuerdo de coalici\u00f3n entre populares y Ciudadanos. El Consejo de Gobierno transcurri\u00f3 con un ritmo rutinario. Antes de terminar, la presidenta tom\u00f3 la palabra:<\/p>\n<p class=\"\">\u2015 Ah, por cierto, voy a cambiar a mi jefe de gabinete. <a href=\"https:\/\/elpais.com\/espana\/madrid\/2020-10-25\/el-estratega-de-ayuso-curtido-en-la-polemica-diestro-en-el-golpe-bajo.html\" rel=\"nofollow noopener\" target=\"_blank\">Se incorporar\u00e1 Miguel \u00c1ngel Rodr\u00edguez Baj\u00f3n<\/a>.<\/p>\n<p class=\"\">Y abandon\u00f3 la sala. Algunos consejeros del PP conoc\u00edan de antemano el nombramiento. Pero no los de Ciudadanos, que se quedaron confundidos por el segundo apellido, Baj\u00f3n. Seg\u00fan testigos presenciales, el consejero de Transportes, \u00c1ngel Garrido, agarr\u00f3 su m\u00f3vil y busc\u00f3 en Google. \u201c\u00a1Co\u00f1o, que es este!\u201d, exclam\u00f3. <\/p>\n<p><img decoding=\"auto\" class=\"_re lazyload a_m-h\" height=\"276\"  width=\"414\"  src=\"https:\/\/www.europesays.com\/es\/wp-content\/uploads\/2025\/09\/M36IZN5QVJIXLNQGI5OPVNEAJ4.jpg\" loading=\"lazy\"\/>Isabel D\u00edaz Ayuso (PP) e Ignacio Aguado (Cs) firman el acuerdo entre el Partido Popular y Ciudadanos, en la Asamblea de Madrid en 2019. Samuel S\u00e1nchez<\/p>\n<p class=\"\">\u201cFue una legislatura tormentosa\u201d, recuerda ahora Ignacio Aguado, vicepresidente primero y portavoz del Gobierno por Ciudadanos. \u201cLa pandemia y el nombramiento de Rodr\u00edguez rompieron muchas cosas\u201d. Aguado dice que antes de que llegaran al Gobierno, Ayuso ten\u00eda un perfil dialogante, cercano, \u201cmenos ideologizado\u201d. \u201cEn un primer momento\u201d, observa, \u201ctuvo meteduras de pata, pero luego, apoyada por una parte de la opini\u00f3n p\u00fablica, se convirtieron en una se\u00f1a de identidad y en un escudo victimista. Le dio la vuelta. De manera que cualquiera que la atacaba empezaba a ser considerado machista o traidor. Atributos que le han ido bien. En base a esos dos objetivos ha construido su personaje. Ha evitado que se juzgue su gesti\u00f3n y todo se centra en la victimizaci\u00f3n suya y en el enemigo: S\u00e1nchez\u201d. No. No cree que la vida pol\u00edtica de Ayuso termine en 2027. \u201cSi no le ha movido la silla a Feij\u00f3o, no tengo duda de que lo har\u00e1\u201d.<\/p>\n<p><img decoding=\"auto\" class=\"_re lazyload a_m-h\" height=\"276\"  width=\"414\"  src=\"https:\/\/www.europesays.com\/es\/wp-content\/uploads\/2025\/09\/WDSXNBNDVJKRLGCKGQE4FBNCKU.jpg\" loading=\"lazy\"\/>La presidenta de la Comunidad de Madrid, Isabel D\u00edaz Ayuso, y el presidente del Gobierno, Pedro S\u00e1nchez, se saludan en el Palacio de Correos en septiembre de 2020, en plena pandemia. Emilio Naranjo<\/p>\n<p class=\"\">\u201cMiguel \u00c1ngel [Rodr\u00edguez]\u201d, afirma un veterano dirigente popular, \u201ctiene mucho que ver en la creaci\u00f3n del personaje, pero conviene recordar que es ella la que va a buscarlo para eso, para crear al personaje [recurri\u00f3 a \u00e9l ya en la campa\u00f1a electoral de 2019].Es un personaje que a ella le encaja muy bien y que probablemente, un hombre, no podr\u00eda hacer porque requiere, con la dureza, una apariencia, solo apariencia, de fragilidad: David luchando contra el Goliat-S\u00e1nchez. Cuanto m\u00e1s la critican, m\u00e1s se crece. Lo que ocure ahora es que el personaje se ha comido a la persona\u201d. <\/p>\n<p>2020. La pandemia y la \u2018cumbre bilateral\u2019 de las 24 banderas<\/p>\n<p class=\"\">La presidenta madrile\u00f1a y el presidente del Gobierno se reunieron en casa de la primera, el Palacio de Correos, sede del Ejecutivo regional, en septiembre de 2020, nueve meses despu\u00e9s del nombramiento de Rodr\u00edguez, y ya en plena pandemia de covid, para <a href=\"https:\/\/elpais.com\/espana\/2020-09-21\/sanchez-y-ayuso-crean-un-grupo-para-coordinar-la-gestion-de-la-crisis-en-madrid.html\" target=\"_self\" rel=\"nofollow noopener\" title=\"https:\/\/elpais.com\/espana\/2020-09-21\/sanchez-y-ayuso-crean-un-grupo-para-coordinar-la-gestion-de-la-crisis-en-madrid.html\">tratar de firmar una tregua<\/a> tras meses de enfrentamientos por las restricciones para detener la expansi\u00f3n del virus. \u201cPara m\u00ed\u201d, afirma un veterano dirigente popular, \u201cese fue un momento clave, porque aquel d\u00eda, de alguna manera, S\u00e1nchez le dio un estatus distinto. Parec\u00eda una cumbre bilateral\u201d. <\/p>\n<p><img decoding=\"auto\" class=\"_re lazyload a_m-h\" height=\"276\"  width=\"414\"  src=\"https:\/\/www.europesays.com\/es\/wp-content\/uploads\/2025\/09\/QOYOU47WVJESJMWAGXFHXXXFUI.jpg\" loading=\"lazy\"\/>La presidenta de la Comunidad de Madrid, Isabel D\u00edaz Ayuso, y el jefe de gabinete de Ayuso, Miguel \u00c1ngel Rodr\u00edguez, durante una reuni\u00f3n con la alcaldesa de Valencia, Mar\u00eda Jos\u00e9 Catal\u00e1, en octubre de 2024.Fernando S\u00e1nchez \/ Europa Press (Europa Press)<\/p>\n<p class=\"\">Pablo Sim\u00f3n coincide: \u201cEse d\u00eda, S\u00e1nchez la nombr\u00f3 jefa de la oposici\u00f3n, y as\u00ed la tratado desde entonces\u201d. El protagonismo de la baronesa madrile\u00f1a ha opacado el liderazgo de sus respectivos jefes, primero Casado y luego Feij\u00f3o. \u201cLa izquierda\u201d, a\u00f1ade el polit\u00f3logo, sublima a alguien con posiciones m\u00e1s extremas porque le sirve para movilizar a los suyos y meterle el dedo en el ojo al rival, ahora Feij\u00f3o. Es un juego parecido al que la derecha practica con Emiliano Garc\u00eda-Page [presidente socialista de Castilla-La Mancha y muy cr\u00edtico con S\u00e1nchez]. Pero no se da cuenta de que puede povocar que una parte del electorado del PP que no votar\u00eda a Ayuso termine haci\u00e9ndolo porque votar a Ayuso es votar contra S\u00e1nchez, igual que de tanto sublimar a Page contra S\u00e1nchez, pueden votarle a \u00e9l en lugar de al PP\u201d. <\/p>\n<p class=\"\">La postura de insumisi\u00f3n de Ayuso durante la pandemia tambi\u00e9n evidenci\u00f3 la primera gran fractura con el resto de barones del partido. \u201cHa optado por una decisi\u00f3n por la que yo no me sentir\u00eda responsable\u201d, critic\u00f3, en febrero de 2021 el propio Feij\u00f3o, entonces al frente de la Xunta de Galicia, <a href=\"https:\/\/elpais.com\/espana\/madrid\/2021-02-01\/los-barones-del-pp-no-respaldan-la-apuesta-de-diaz-ayuso-por-mantener-la-hosteleria-abierta.html\" target=\"_self\" rel=\"nofollow noopener\" title=\"https:\/\/elpais.com\/espana\/madrid\/2021-02-01\/los-barones-del-pp-no-respaldan-la-apuesta-de-diaz-ayuso-por-mantener-la-hosteleria-abierta.html\">cuando la madrile\u00f1a decidi\u00f3 mantener abiertos los comercios y la hosteler\u00eda<\/a>. <\/p>\n<p>La ca\u00edda de Pablo Casado<\/p>\n<p class=\"\">En marzo de 2021 \u2015cuando la presidenta madrile\u00f1a adelanta las elecciones y rompe con Ciudadanos\u2015 un presidente auton\u00f3mico advert\u00eda en conversaci\u00f3n con este diario: \u201cSi Ayuso saca mayor\u00eda absoluta, Casado tendr\u00e1 un problema\u201d. Y lo tuvo. \u201cMadrid\u201d, explica un cargo popular, \u201csiempre ha sido un verso suelto en el partido. Con Aguirre, con Cifuentes&#8230; La Corte est\u00e1 aqu\u00ed. Pero con Ayuso ese choque de mensajes con el PP nacional ha ido a m\u00e1s. Tambi\u00e9n Almeida [Jos\u00e9 Luis, alcalde de la capital] ha dado un paso atr\u00e1s frente a ella. En la \u00e9poca de Gallard\u00f3n [Alberto Ruiz-Gallard\u00f3, regidor entre 2003 y 2011] fue al rev\u00e9s: \u00e9l dio un paso adelante frente a Agurirre\u201d. <\/p>\n<p class=\"\">Las elecciones de mayo de 2021 confirmaron<a href=\"https:\/\/elpais.com\/espana\/2021-04-11\/la-feroz-batalla-nacional-por-el-poder-de-madrid.html\" target=\"_self\" rel=\"nofollow noopener\" title=\"https:\/\/elpais.com\/espana\/2021-04-11\/la-feroz-batalla-nacional-por-el-poder-de-madrid.html\"> la nacionalizaci\u00f3n de la pol\u00edtica madrile\u00f1a<\/a>. Ayuso ret\u00f3 directamente a S\u00e1nchez \u2015\u201cNos vemos en las urnas\u201d\u2015; y el <a href=\"https:\/\/elpais.com\/espana\/2021-04-09\/sanchez-y-ayuso-se-culpan-de-la-gravedad-de-la-pandemia-en-madrid.html\" target=\"_self\" rel=\"nofollow noopener\" title=\"https:\/\/elpais.com\/espana\/2021-04-09\/sanchez-y-ayuso-se-culpan-de-la-gravedad-de-la-pandemia-en-madrid.html\">presidente le replic\u00f3 desde un viaje institucional por \u00c1frica;<\/a> Pablo Iglesias <a href=\"https:\/\/elpais.com\/espana\/2021-03-15\/iglesias-deja-el-gobierno-para-ser-candidato-en-madrid-y-ofrece-a-errejon-un-frente-comun.html\" target=\"_self\" rel=\"nofollow noopener\" title=\"https:\/\/elpais.com\/espana\/2021-03-15\/iglesias-deja-el-gobierno-para-ser-candidato-en-madrid-y-ofrece-a-errejon-un-frente-comun.html\">abandon\u00f3 la vicepresidencia del Ejecutivo central<\/a> para enfrentarse a la baronesa popular y plante\u00f3 la batalla como una dial\u00e9ctrica entre fascismo o democracia. El lema electoral de Ayuso fue \u201ccomunismo o libertad\u201d. \u201cEn cuanto se supo que Iglesias era candidato\u201d, recuerda Sim\u00f3n, \u201cella subi\u00f3 tres puntos en las encuestas porque en Madrid la movilizaci\u00f3n contra la izquierda estatal te empuja. El 4 de mayo, la baronesa popular<a href=\"https:\/\/elpais.com\/espana\/elecciones-madrid\/2021-05-04\/ayuso-arrasa-en-madrid.html\" target=\"_self\" rel=\"nofollow noopener\" title=\"https:\/\/elpais.com\/espana\/elecciones-madrid\/2021-05-04\/ayuso-arrasa-en-madrid.html\"> arras\u00f3 en las urnas<\/a>: obtuvo 65 esca\u00f1os, es decir, 35 m\u00e1s de los que ten\u00eda, y siete por encima de lo que sumaban los tres partidos de izquierda juntos. <\/p>\n<p><img decoding=\"auto\" class=\"_re lazyload a_m-h\" height=\"276\"  width=\"414\"  src=\"https:\/\/www.europesays.com\/es\/wp-content\/uploads\/2025\/09\/TLKAN3HUCNGYHDZDJOLREGR67Y.JPG\" loading=\"lazy\"\/>Manifestaci\u00f3n a favor de ISabel D\u00edaz Ayuso y contra pablo casado en la sede del PP (PArtido popular) en G\u00e9nova  en Madrid.andrea comas<\/p>\n<p class=\"\">El 18 de febrero de 2022,<a href=\"https:\/\/elpais.com\/espana\/2022-02-18\/casado-exige-a-ayuso-que-aclare-que-comision-recibio-su-hermano-del-contrato-de-las-mascarillas-ella-no-me-quiso-dar-la-informacion.html\" target=\"_blank\" rel=\"noreferrer nofollow noopener\" title=\"https:\/\/elpais.com\/espana\/2022-02-18\/casado-exige-a-ayuso-que-aclare-que-comision-recibio-su-hermano-del-contrato-de-las-mascarillas-ella-no-me-quiso-dar-la-informacion.html\"> Casado afirm\u00f3 en una entrevista en la Cope<\/a>: \u201cM\u00e1s all\u00e1 de que sea ilegal, que es algo que tendr\u00e1 que decir un juez si hay una investigaci\u00f3n, la cuesti\u00f3n es si es entendible que el 1 de abril, cuando mor\u00edan en Espa\u00f1a 700 personas, se puede contratar con tu hermana y recibir 300.000 euros de beneficio por vender mascarillas. Yo no permitir\u00eda que un hermano m\u00edo cobrara 300.000 euros por un contrato adjudicado por mi Consejo de Gobierno\u201d. Se refer\u00eda a Tom\u00e1s D\u00edaz Ayuso y sus lucrativos negocios con la Comunidad de Madrid durante lo peor de la pandemia. En esa misma entrevista el l\u00edder del PP afirm\u00f3: \u201cNadie ha defendido m\u00e1s en Espa\u00f1a a Isabel D\u00edaz Ayuso que yo\u201d. Ten\u00eda raz\u00f3n. Desde que en enero de 2019 la eligiese como candidata a la presidencia de la Comunidad de Madrid, Casado hab\u00eda tenido que responder por ella dentro y fuera del partido, y muy a menudo, la primera pregunta que le hac\u00edan los periodistas era si compart\u00eda las \u00faltimas declaraciones de Ayuso. Pero en Sol ya hab\u00edan denunciando un supuesto intento de espionaje. De nuevo, Rodr\u00edguez le daba la vuelta a la tortilla: en el partido ya no se hablaba <a href=\"https:\/\/elpais.com\/espana\/madrid\/2022-02-23\/el-alto-cargo-en-el-origen-del-contrato-al-amigo-de-los-ayuso-yo-no-tenia-ni-idea.html#?rel=lom\" rel=\"nofollow noopener\" target=\"_blank\">del beneficio que el hermano de Ayuso<\/a> obtuvo al contratar con su Gobierno, sino de una operaci\u00f3n maquinada desde G\u00e9nova contra su propia baronesa. <a href=\"https:\/\/elpais.com\/espana\/2022-02-25\/el-primer-lider-elegido-repudiado-por-el-partido.html\" target=\"_self\" rel=\"nofollow noopener\" title=\"https:\/\/elpais.com\/espana\/2022-02-25\/el-primer-lider-elegido-repudiado-por-el-partido.html\">Casado cay\u00f3 menos de una semana despu\u00e9s, el 23 de febrero. <\/a><\/p>\n<p>Contraprogramaci\u00f3n y claque medi\u00e1tica<\/p>\n<p class=\"\">\u201cLo que pas\u00f3 con Pablo [Casado]\u201d, afirma un exdirigente popular, \u201cla ayud\u00f3 mucho porque lo que qued\u00f3 es que Pablo le ten\u00eda miedo. Miguel \u00c1ngel [Rodr\u00edguez] y el apoyo de los medios tambi\u00e9n han sido decisivos. Ayuso es un fen\u00f3meno fundamentalmente medi\u00e1tico, de comunicaci\u00f3n. Se estudiar\u00e1 en las facultades, como el de Trump\u201d. Casado y Feij\u00f3o siempre estuvieron en inferioridad de condiciones porque no est\u00e1n en el poder de La Moncloa, y a diferencia de la presidenta madrile\u00f1a, carec\u00edan de la facultad de repartir cargos, sueldos e ingresos publicitarios. Eso oblig\u00f3 a los dos \u00faltimos l\u00edderes del partido a resignarse a constantes contraprogramaciones de argumentario desde la puerta del Sol. <\/p>\n<p class=\"\">Si Feij\u00f3o acud\u00eda, por respeto insitucional, a La Moncloa a reunirse con el presidente del Gobierno, Ayuso advert\u00eda: \u201cHay que ser fuerte para no dejarse llevar por ese rodillo totalitario en el que te imponen un discurso. Yo destrozo Espa\u00f1a, t\u00fa te vienes conmigo al abismo y, si no, eres un sectario. Yo tengo por sistema no perder el tiempo, ni negociar algo que a m\u00ed me pueda dar una imagen como buena gestora, pero luego vender los intereses de los madrile\u00f1os. No pienso pactar con aquellos que est\u00e1n arruinando Espa\u00f1a\u201d. Si la invitaci\u00f3n a La Moncloa era a los presidentes auton\u00f3micos,<a href=\"https:\/\/elpais.com\/espana\/madrid\/2025-09-11\/ayuso-obvia-a-feijoo-y-se-erige-ya-como-la-oposicion-a-sanchez-en-el-debate-sobre-el-estado-de-la-region-no-podemos-esperar.html\" target=\"_self\" rel=\"nofollow noopener\" title=\"https:\/\/elpais.com\/espana\/madrid\/2025-09-11\/ayuso-obvia-a-feijoo-y-se-erige-ya-como-la-oposicion-a-sanchez-en-el-debate-sobre-el-estado-de-la-region-no-podemos-esperar.html\"> ella se desmarcaba del resto de barones del PP <\/a>y daba plant\u00f3n a S\u00e1nchez. Si parec\u00eda acercarse el acuerdo para renovar, como exige la Constituci\u00f3n, al Consejo General del Poder Judicial, ella hac\u00eda saber, a trav\u00e9s de la portada de un peri\u00f3dico, que se opon\u00eda.<\/p>\n<p class=\"\">Si el Gobierno aprobaba, siguiendo una <a href=\"https:\/\/elpais.com\/espana\/2022-08-02\/ayuso-amenaza-con-no-cumplir-el-decreto-de-ahorro-y-calvino-pide-a-feijoo-que-la-reconvenga.html\" rel=\"nofollow noopener\" target=\"_blank\">petici\u00f3n de la Comisi\u00f3n Europea,<\/a> presidida por Ursula von der Leyen (del PP europeo) un decreto de ahorro energ\u00e9tico, ella se apresuraba a declararse insumisa. Si Feij\u00f3o intenta ahora virar el discurso sobre la masacre que est\u00e1 comentiendo Israel en Gaza y algunos de sus barones empiezan a pronunciar la palabra \u201cgenocidio\u201d,<a href=\"https:\/\/elpais.com\/espana\/2025-09-26\/el-discurso-del-rey-ahonda-la-grieta-del-pp-sobre-gaza-y-aisla-a-ayuso-en-su-defensa-de-israel.html\" target=\"_blank\" rel=\"nofollow noopener\" title=\"https:\/\/elpais.com\/espana\/2025-09-26\/el-discurso-del-rey-ahonda-la-grieta-del-pp-sobre-gaza-y-aisla-a-ayuso-en-su-defensa-de-israel.html\"> ella habla de \u201cantisemitismo\u201d. <\/a> Si a G\u00e9nova le interesa, ante el calendario judicial sobre el entorno de S\u00e1nchez, insistir en el mensaje de que ellos s\u00ed respetan a los jueces, Ayuso deja caer en rueda de prensa que hay algunos al servicio de La Moncloa: \u201cCuando conocimos la decisi\u00f3n de esta jueza transitoria [la de procesar a su pareja por fraude fiscal] pens\u00e9: \u2018\u00bfQu\u00e9 viene a continuaci\u00f3n en el entorno de S\u00e1nchez? Solo pens\u00e9 en qu\u00e9 pasar\u00e1 en el terreno personal y pol\u00edtico del presidente. Y hoy ya tenemos el procesamiento de su hermano\u201d. Este mismo jueves, en el desayuno informativo, Ayuso se ofrec\u00eda a proteger a los jueces del Gobierno. Previamente, su jefe de gabinete, Miguel \u00c1ngel Rodr\u00edguez, hab\u00eda tuiteado: \u201cCuidado con S\u00e1nchez: hasta donde s\u00e9, la jueza no respeta a la Audiencia Provincial, decide enviar a juicio a Gonz\u00e1lez Amador justo antes de tomar posesi\u00f3n el juez que toca, y resulta que es la hermanita de un tipo al que Marlaska ha ascendido. Todo S\u00e1nchez es corrupto\u201d. <\/p>\n<blockquote class=\"twitter-tweet\">\n<p lang=\"es\" dir=\"ltr\">Cuidado con S\u00e1nchez: hasta donde s\u00e9, la jueza no respeta a la Audiencia Provincial, decide enviar a juicio a Gonz\u00e1lez Amador justo antes de tomar posesi\u00f3n el juez que toca, y resulta que es la hermanita de un tipo al que Marlaska ha ascendido. Todo S\u00e1nchez es corrupto<\/p>\n<p>\u2014 M\u00c1R (@marodriguezb) <a href=\"https:\/\/twitter.com\/marodriguezb\/status\/1970184125006123008?ref_src=twsrc%5Etfw\" rel=\"nofollow noopener\" target=\"_blank\">September 22, 2025<\/a><\/p><\/blockquote>\n<p class=\"\">Fue tambi\u00e9n Miguel \u00c1ngel Rodr\u00edguez el que logr\u00f3 colar en algunos medios los bulos de que la Fiscal\u00eda hab\u00eda ofrecido un acuerdo al novio de Ayuso unas horas despu\u00e9s de conocerse la presentaci\u00f3n de la denuncia contra \u00e9l, y que lo hab\u00eda retirado despu\u00e9s por \u201c\u00f3rdenes de arriba\u201d; que <a href=\"https:\/\/elpais.com\/espana\/madrid\/2024-03-20\/el-jefe-de-gabinete-de-ayuso-admite-que-filtro-los-nombres-una-foto-y-un-bulo-sobre-los-reporteros-de-el-pais.html\" target=\"_self\" rel=\"nofollow noopener\" title=\"https:\/\/elpais.com\/espana\/madrid\/2024-03-20\/el-jefe-de-gabinete-de-ayuso-admite-que-filtro-los-nombres-una-foto-y-un-bulo-sobre-los-reporteros-de-el-pais.html\">periodistas de este peri\u00f3dico acosaban a menores<\/a> en las inmediaciones de la casa de la presidenta madrile\u00f1a o que informadores de Eldiario.es hab\u00edan asaltado \u201cencapuchados\u201d la vivienda. Un dirigente del PP define como \u201cjugada maestra\u201d del jefe de gabinete de Ayuso haber convertido el caso por fraude de su pareja en una causa contra el fiscal general del Estado. <\/p>\n<p class=\"\">Rodr\u00edguez tambi\u00e9n ha amenazado a medios por publicar informaciones desfavorables hacia su presidenta. Fuentes del antiguo equipo de direcci\u00f3n de los informativos de Telemadrid<a href=\"https:\/\/elpais.com\/espana\/2024-03-24\/te-voy-a-arruinar-la-vida-tu-jefe-terminara-en-la-carcel-todas-las-amenazas-de-mar.html\" target=\"_self\" rel=\"nofollow noopener\" title=\"https:\/\/elpais.com\/espana\/2024-03-24\/te-voy-a-arruinar-la-vida-tu-jefe-terminara-en-la-carcel-todas-las-amenazas-de-mar.html\"> denunciaron en este diario coacciones <\/a>del jefe de gabinete de Ayuso. La primera ley de la dirigente popular tras su victoria electoral en mayo de 2021 <a href=\"https:\/\/elpais.com\/espana\/madrid\/2021-07-08\/diaz-ayuso-logra-que-el-control-de-telemadrid-quede-en-manos-de-pp-y-vox.html\" rel=\"nofollow noopener\" target=\"_blank\">fue sobre Telemadrid, para controlarla<\/a>. Cambi\u00f3 la norma que regulaba al medio \u2014celebrada por ella misma en 2015\u2014 para destituir a su director general, Jos\u00e9 Pablo L\u00f3pez, y poner, en su lugar, a Jos\u00e9 Antonio S\u00e1nchez, presidente de RTVE en la \u00e9poca de los famosos viernes negros \u2014cuando los empleados se vest\u00edan de luto para denunciar la manipulaci\u00f3n informativa\u2014, cuyo nombre aparece en los papeles de B\u00e1rcenas y que en 2017, en comisi\u00f3n parlamentaria, se hab\u00eda jactado de votar a los populares. \u201cEs de agradecer que el PP me busque un puestecito\u201d, dijo. <\/p>\n<p><script async src=\"https:\/\/platform.twitter.com\/widgets.js\" charset=\"utf-8\"><\/script><\/p>\n","protected":false},"excerpt":{"rendered":"Jueves, 25 de septiembre. La presidenta madrile\u00f1a participa en un desayuno informativo organizado por Nueva Econom\u00eda F\u00f3rum en&hellip;\n","protected":false},"author":2,"featured_media":143527,"comment_status":"","ping_status":"","sticky":false,"template":"","format":"standard","meta":{"footnotes":""},"categories":[8],"tags":[6069,17,18,1980,594,44375,1467,767,25,24,13,14,4767,11,3515,19,20,8811,9,10,15,16,44374,2959,952,956,1699,23,12,493,21,22],"class_list":{"0":"post-143526","1":"post","2":"type-post","3":"status-publish","4":"format-standard","5":"has-post-thumbnail","7":"category-espana","8":"tag-alberto-nunez-feijoo","9":"tag-breaking-news","10":"tag-breakingnews","11":"tag-cataluna","12":"tag-ciudadanos","13":"tag-ciudadanos-madrid","14":"tag-comunidad-de-madrid","15":"tag-corrupcion","16":"tag-es","17":"tag-espana","18":"tag-featured-news","19":"tag-featurednews","20":"tag-fiscalia","21":"tag-headlines","22":"tag-isabel-diaz-ayuso","23":"tag-latest-news","24":"tag-latestnews","25":"tag-miguel-angel-rodriguez","26":"tag-news","27":"tag-noticias","28":"tag-noticias-destacadas","29":"tag-noticiasdestacadas","30":"tag-pablo-casado","31":"tag-pedro-sanchez","32":"tag-politica","33":"tag-pp","34":"tag-psoe","35":"tag-spain","36":"tag-titulares","37":"tag-tribunales","38":"tag-ultimas-noticias","39":"tag-ultimasnoticias"},"share_on_mastodon":{"url":"","error":""},"_links":{"self":[{"href":"https:\/\/www.europesays.com\/es\/wp-json\/wp\/v2\/posts\/143526","targetHints":{"allow":["GET"]}}],"collection":[{"href":"https:\/\/www.europesays.com\/es\/wp-json\/wp\/v2\/posts"}],"about":[{"href":"https:\/\/www.europesays.com\/es\/wp-json\/wp\/v2\/types\/post"}],"author":[{"embeddable":true,"href":"https:\/\/www.europesays.com\/es\/wp-json\/wp\/v2\/users\/2"}],"replies":[{"embeddable":true,"href":"https:\/\/www.europesays.com\/es\/wp-json\/wp\/v2\/comments?post=143526"}],"version-history":[{"count":0,"href":"https:\/\/www.europesays.com\/es\/wp-json\/wp\/v2\/posts\/143526\/revisions"}],"wp:featuredmedia":[{"embeddable":true,"href":"https:\/\/www.europesays.com\/es\/wp-json\/wp\/v2\/media\/143527"}],"wp:attachment":[{"href":"https:\/\/www.europesays.com\/es\/wp-json\/wp\/v2\/media?parent=143526"}],"wp:term":[{"taxonomy":"category","embeddable":true,"href":"https:\/\/www.europesays.com\/es\/wp-json\/wp\/v2\/categories?post=143526"},{"taxonomy":"post_tag","embeddable":true,"href":"https:\/\/www.europesays.com\/es\/wp-json\/wp\/v2\/tags?post=143526"}],"curies":[{"name":"wp","href":"https:\/\/api.w.org\/{rel}","templated":true}]}}