{"id":143540,"date":"2025-09-28T04:20:11","date_gmt":"2025-09-28T04:20:11","guid":{"rendered":"https:\/\/www.europesays.com\/es\/143540\/"},"modified":"2025-09-28T04:20:11","modified_gmt":"2025-09-28T04:20:11","slug":"alejandra-onieva-se-lleva-a-su-novio-el-actor-jesse-williams-al-festival-de-san-sebastian","status":"publish","type":"post","link":"https:\/\/www.europesays.com\/es\/143540\/","title":{"rendered":"Alejandra Onieva se lleva a su novio, el actor Jesse Williams, al Festival de San Sebasti\u00e1n"},"content":{"rendered":"<p id=\"eQDHnnIPAV\" data-wc=\"89\">A principios de este mes, <a class=\"hm-link ho-link\" href=\"https:\/\/www.hola.com\/actualidad\/20250903853351\/alejandra-hermana-inigo-onieva-jesse-williams-actor-anatomia-grey-nueva-pareja-sorpresa\/\" data-mrf-recirculation=\"article-body-link\" rel=\"nofollow noopener\" target=\"_blank\">\u00a1HOLA! desvelaba en exclusiva<\/a> la que era una de las pareja sorpresa del verano, la que forman Alejandra Onieva (33 a\u00f1os) y Jesse Williams (44). Primero, los vimos paseando muy acaramelados por la Milla de Oro de Madrid; d\u00edas despu\u00e9s, aparec\u00edan de la mano durante <a class=\"hm-link ho-link\" href=\"https:\/\/www.hola.com\/actualidad\/20250918856582\/alejandra-onieva-jesse-williams-pareja-sorpresa-verano-brillan-premiere-hotel-costiera-roma\/\" data-mrf-recirculation=\"article-body-link\" rel=\"nofollow noopener\" target=\"_blank\">la premi\u00e8re en Roma<\/a> de su serie\u00a0Hotel Costiera, la producci\u00f3n que rodaron juntos y donde surgi\u00f3 la chispa; ahora, la actriz espa\u00f1ola y el actor estadounidense han paseado su amor por el Festival de cine de San Sebasti\u00e1n.<\/p>\n<p id=\"ekimDf4CAJE\" data-wc=\"80\">El prestigioso certamen que acoge estos d\u00edas la capital donostiarra presentaba <strong>Anatom\u00eda de un instante<\/strong>\u00a0(Movistar+), ficci\u00f3n televisiva de cuatro cap\u00edtulos que nos traslada al golpe de Estado del 23-F. Un ambicioso drama de corte hist\u00f3rico dirigido por Alberto Rodr\u00edguez (La isla m\u00ednima, Grupo 7) que tiene en su reparto a la <strong>cu\u00f1ada de Tamara Falc\u00f3<\/strong>, junto con otros cotizados int\u00e9rpretes como \u00c1lvaro Morte (La casa de papel), Eduard Fern\u00e1ndez (Mientras dure la guerra) o Manolo Solo (El buen patr\u00f3n).\u00a0<\/p>\n","protected":false},"excerpt":{"rendered":"A principios de este mes, \u00a1HOLA! desvelaba en exclusiva la que era una de las pareja sorpresa del&hellip;\n","protected":false},"author":2,"featured_media":143541,"comment_status":"","ping_status":"","sticky":false,"template":"","format":"standard","meta":{"footnotes":""},"categories":[174],"tags":[517,33004,255,146,147,25,24,256,30062,23],"class_list":{"0":"post-143540","1":"post","2":"type-post","3":"status-publish","4":"format-standard","5":"has-post-thumbnail","7":"category-famosos","8":"tag-actualidad","9":"tag-alejandra-onieva","10":"tag-celebrities","11":"tag-entertainment","12":"tag-entretenimiento","13":"tag-es","14":"tag-espana","15":"tag-famosos","16":"tag-festival-de-san-sebastian","17":"tag-spain"},"share_on_mastodon":{"url":"","error":""},"_links":{"self":[{"href":"https:\/\/www.europesays.com\/es\/wp-json\/wp\/v2\/posts\/143540","targetHints":{"allow":["GET"]}}],"collection":[{"href":"https:\/\/www.europesays.com\/es\/wp-json\/wp\/v2\/posts"}],"about":[{"href":"https:\/\/www.europesays.com\/es\/wp-json\/wp\/v2\/types\/post"}],"author":[{"embeddable":true,"href":"https:\/\/www.europesays.com\/es\/wp-json\/wp\/v2\/users\/2"}],"replies":[{"embeddable":true,"href":"https:\/\/www.europesays.com\/es\/wp-json\/wp\/v2\/comments?post=143540"}],"version-history":[{"count":0,"href":"https:\/\/www.europesays.com\/es\/wp-json\/wp\/v2\/posts\/143540\/revisions"}],"wp:featuredmedia":[{"embeddable":true,"href":"https:\/\/www.europesays.com\/es\/wp-json\/wp\/v2\/media\/143541"}],"wp:attachment":[{"href":"https:\/\/www.europesays.com\/es\/wp-json\/wp\/v2\/media?parent=143540"}],"wp:term":[{"taxonomy":"category","embeddable":true,"href":"https:\/\/www.europesays.com\/es\/wp-json\/wp\/v2\/categories?post=143540"},{"taxonomy":"post_tag","embeddable":true,"href":"https:\/\/www.europesays.com\/es\/wp-json\/wp\/v2\/tags?post=143540"}],"curies":[{"name":"wp","href":"https:\/\/api.w.org\/{rel}","templated":true}]}}