{"id":143560,"date":"2025-09-28T04:34:07","date_gmt":"2025-09-28T04:34:07","guid":{"rendered":"https:\/\/www.europesays.com\/es\/143560\/"},"modified":"2025-09-28T04:34:07","modified_gmt":"2025-09-28T04:34:07","slug":"el-porrino-fue-a-remolque-y-termino-cayendo-con-el-malaga-17-23-la-voz-de-galicia","status":"publish","type":"post","link":"https:\/\/www.europesays.com\/es\/143560\/","title":{"rendered":"El Porri\u00f1o fue a remolque y termin\u00f3 cayendo con el M\u00e1laga (17-23) &#8211; La Voz de Galicia"},"content":{"rendered":"<ol>\n<li><a href=\"https:\/\/news.google.com\/rss\/articles\/CBMiugFBVV95cUxOcEJJQmlmYkRSTkxqUHN1RnZGLXBGR1MxQVhiYUNkell5Q0RWamhRdnA4VDZwemJnX1AzLWRCSnd1QjBVVk9kZDk1RjF0bmdCaTJQUzdSMUlWTjF4TnVPVjY3VXh4RHB1R0hPVWNNRTlpLXp3Y251Q1NJZHhkLWZQa1ExNDJNREh5YlZwTVBDZnh1Y1FGYkZ2cmNkcnFab19nT05pcE1lYjk5cHNXZkl6NlFDdG9UWjJkcmfSAdYBQVVfeXFMTk9qdnRlNFRzVmdkM1BtWE5qNmhGQTF4Q0pLeURMa25YUExubFNrc2w2Rkw1OFlaVUk1VWpoQ1psRHMxeVRnR3N1cG8tdmY4c3gwcEVaU25CenZ5bDZjLVJEV1RTeVA3ajEzWDEwR21LajF6YTRSVG10VVZxcnMyN0NZZjhGczVrQTQxVWdXSi1XekphaENGNEYyNVRsN3RINnhwdi12dHVHSlI0UVpXYmtoY205MEItX1QyM3h0andwNE5zR3I4bkl2X1ZwM0pnc25jUGtldw?oc=5\" target=\"_blank\" rel=\"nofollow noopener\">El Porri\u00f1o fue a remolque y termin\u00f3 cayendo con el M\u00e1laga (17-23)<\/a>&nbsp;&nbsp;La Voz de Galicia<\/li>\n<li><a href=\"https:\/\/news.google.com\/rss\/articles\/CBMiiwFBVV95cUxPd1oyMXNGaUdtQnRoZWRUZERTSzVfal92a0pWNlhSaFVpdlBiMU81TXMwOWtkX1JzVHJjOU05dlZDMzJOV2tpVE5BRUVjTlgwbm44V0FOQVp0Y2Fyb0dPczZRUng2eHl1c0hORTJ3QkJPR2hHOVFOVEhrUVhZMDlGUnM5QnpOV28xbnVZ0gGQAUFVX3lxTE9JN2FXRTQwRFNlYWs4dUxGYVAtbG50dWh1QkxTdWJURE9PdEtZRDNpaU9menlLME1DeVBJb3pNWlZYZ3p1S1BWNjdsNzFSb09QS2pfUEJrTVRpbXlka01fQU5pUFBTR3RvNmk3SHVEazVRYlM2UF9seS0yZEJWODFKMlppd3owZXdlR3ZnM0Eydw?oc=5\" target=\"_blank\" rel=\"nofollow noopener\">El Orbe Zendal se queda seco<\/a>&nbsp;&nbsp;Faro de Vigo<\/li>\n<li><a href=\"https:\/\/news.google.com\/rss\/articles\/CBMijwFBVV95cUxPNmtqWWpjSi1RMEp0T2xTdXJmenIxM1NacGthQkIzVURDdzhqY0w1TkdDbXdiQlZWLU1odlJPTk92Y0JBWWxNU1AzQnNNNVNNY2JSOFNPZU1RWjVRMFNwQ3RHcE1IVzVtRnk4aHdkb3hxVk8yZDBiWTlyenJGaXFVSVdvS0ltbUJyTWNrS1ZNb9IBlAFBVV95cUxOQVhYM1QzV0JKaUZIRGxDRGdFQ2xnV3JrbnRGQ0NJSk51UEduMXJrQmh0c1hqUDYxbVdnSThhY1ktbm5wUU9NNUNEcktIS3ZVMkJ1M1JtNXZ2aDlsZTFWcEl2cEFyVDQ2TnlUMmZXLVNhT2tvZTFWa2lGcnN6d1ZRUlBqamNpS2xfSmNfTVlyWVNoN0Ez?oc=5\" target=\"_blank\" rel=\"nofollow noopener\">El Costa del Sol M\u00e1laga se estrena a domicilio ante el Balonmano Porri\u00f1o (17-23)<\/a>&nbsp;&nbsp;M\u00e1laga Hoy<\/li>\n<li><a href=\"https:\/\/news.google.com\/rss\/articles\/CBMioAFBVV95cUxPdTMwM0V6RmdYdThRV2Q4XzJJN2RHSkJ1M3NGX2p6R0h1amExcEJnRFQtT0pGTm9qazc4bmtuYjhHV3RCRzlEMkIyaE1scHhLdF9SWmpOSmhHeC1jRFNndTlMYnhXd1pFOEMzbDFDM1Z1c0Y3c1dBSzJvMlBBc092MkpWejlVVHF4VXFwcHJTdlotdVVQMVpfcXk3ZmsyU21a0gGgAUFVX3lxTE91MzAzRXpGZ1h1OFFXZDhfMkk3ZEdKQnUzc0ZfanpHSHVqYTFwQmdEVC1PSkZOb2prNzhua25iOEdXdEJHOUQyQjJoTWxweEt0X1Jaak5KaEd4LWNEU2d1OUxieFd3WkU4QzNsMUMzVnVzRjdzV0FLMm8yUEFzT3YySlZ6OVVUcXhVcXBwclN2Wi11VVAxWl9xeTdmazJTbVo?oc=5\" target=\"_blank\" rel=\"nofollow noopener\">El Costa del Sol M\u00e1laga reanuda el camino en Galicia<\/a>&nbsp;&nbsp;Radio Marca M\u00e1laga<\/li>\n<li><a href=\"https:\/\/news.google.com\/rss\/articles\/CBMimgFBVV95cUxOY09GbUIxOHBaTjNnRVl5a3FaX2szX0dEeDlNdW1ndGU3aHlSci1jbmR6Tl94bDFndGhYYmRnMVJiaWN4dkZKdDFTZW1PRjlMRWRYaV9XV2wxRTQtUHkwZXMxZDNocFdSUy1DRl9pTWE1MHBSRmJFMWZIeUlHeEloRFFZWk00VHhLbFRqd2twUEw0ajdadEhVZU5R0gGfAUFVX3lxTE0wRHNCYmJRSU5SR2pZSXRqZFFGMUhlWktvQUZ6WHBWRUlmY2FsRG9HZU1WT2VEX2VVMWdnb0trV1RnYkQtVjJBcW84bGVvUnVLOS1scExPWV9tVHUzS04weXlEbU9FZE1PMzU5TjlyVmRfbExhV2J1VXYzWkJlckRZSmdKYXkxU3BHcGJVa1o1bEZ5RzkzM1VzWlFiTkxNZw?oc=5\" target=\"_blank\" rel=\"nofollow noopener\">El Conservas Orbe Zendal retoma la Liga con un complicado partido<\/a>&nbsp;&nbsp;Faro de Vigo<\/li>\n<\/ol>\n","protected":false},"excerpt":{"rendered":"El Porri\u00f1o fue a remolque y termin\u00f3 cayendo con el M\u00e1laga (17-23)&nbsp;&nbsp;La Voz de Galicia El Orbe Zendal&hellip;\n","protected":false},"author":2,"featured_media":143561,"comment_status":"","ping_status":"","sticky":false,"template":"","format":"standard","meta":{"footnotes":""},"categories":[278],"tags":[18301,376,168,25,24,375,23,167],"class_list":{"0":"post-143560","1":"post","2":"type-post","3":"status-publish","4":"format-standard","5":"has-post-thumbnail","7":"category-balonmano","8":"tag-balonman-porrino","9":"tag-balonmano","10":"tag-deportes","11":"tag-es","12":"tag-espana","13":"tag-handball","14":"tag-spain","15":"tag-sports"},"share_on_mastodon":{"url":"","error":""},"_links":{"self":[{"href":"https:\/\/www.europesays.com\/es\/wp-json\/wp\/v2\/posts\/143560","targetHints":{"allow":["GET"]}}],"collection":[{"href":"https:\/\/www.europesays.com\/es\/wp-json\/wp\/v2\/posts"}],"about":[{"href":"https:\/\/www.europesays.com\/es\/wp-json\/wp\/v2\/types\/post"}],"author":[{"embeddable":true,"href":"https:\/\/www.europesays.com\/es\/wp-json\/wp\/v2\/users\/2"}],"replies":[{"embeddable":true,"href":"https:\/\/www.europesays.com\/es\/wp-json\/wp\/v2\/comments?post=143560"}],"version-history":[{"count":0,"href":"https:\/\/www.europesays.com\/es\/wp-json\/wp\/v2\/posts\/143560\/revisions"}],"wp:featuredmedia":[{"embeddable":true,"href":"https:\/\/www.europesays.com\/es\/wp-json\/wp\/v2\/media\/143561"}],"wp:attachment":[{"href":"https:\/\/www.europesays.com\/es\/wp-json\/wp\/v2\/media?parent=143560"}],"wp:term":[{"taxonomy":"category","embeddable":true,"href":"https:\/\/www.europesays.com\/es\/wp-json\/wp\/v2\/categories?post=143560"},{"taxonomy":"post_tag","embeddable":true,"href":"https:\/\/www.europesays.com\/es\/wp-json\/wp\/v2\/tags?post=143560"}],"curies":[{"name":"wp","href":"https:\/\/api.w.org\/{rel}","templated":true}]}}