{"id":143562,"date":"2025-09-28T04:39:10","date_gmt":"2025-09-28T04:39:10","guid":{"rendered":"https:\/\/www.europesays.com\/es\/143562\/"},"modified":"2025-09-28T04:39:10","modified_gmt":"2025-09-28T04:39:10","slug":"una-estrella-llamada-paula-ostiz","status":"publish","type":"post","link":"https:\/\/www.europesays.com\/es\/143562\/","title":{"rendered":"Una estrella llamada Paula Ostiz"},"content":{"rendered":"<p>Del barrio de San Jorge de Pamplona a Kigali, y de Kigali al mundo. Paula Ostiz (18 a\u00f1os) logr\u00f3 este s\u00e1bado en la capital de  &#8230; Ruanda un oro hist\u00f3rico adjudic\u00e1ndose en un final de infarto el maillot arco\u00edris del Mundial j\u00fanior. La navarra, que figuraba entre las grandes favoritas para el oro, no fall\u00f3 y demostr\u00f3 la gran promesa del ciclismo que es. El a\u00f1o pasado en Z\u00farich logr\u00f3 la plata en su primer a\u00f1o de juvenil y ahora en el segundo ha confirmado todo lo bien que se estaba hablando de ella con la victoria de ayer y la plata del martes en la contrarreloj.<\/p>\n<p class=\"v-p\">La carrera se resolvi\u00f3 en un emocionante sprint al que llegaron cinco corredoras despu\u00e9s de superar el muro adoquinado final. La ciclista que ha subido este curso al Movistar demostr\u00f3 su potencial imponi\u00e9ndose sobre las cuatro rivales que sobrevivieron a las pendientes del duro muro final. Realiz\u00f3 un sprint en el que no dej\u00f3 dudas de que era la m\u00e1s fuerte y r\u00e1pida.<\/p>\n<p><a href=\"http:\/\/www.diariovasco.com\/deportes\/ciclismo\/pogacar-evenepoel-gran-batalla-mundial-kigali-20250927203219-nt.html#vtm_modulosEngag=mod-rel:deportes:noticia:1:cmp:1-not\" class=\"v-a-link\" aria-label=\"Imagen\" rel=\"nofollow noopener\" target=\"_blank\"><\/p>\n<p><img decoding=\"async\" loading=\"lazy\" src=\"https:\/\/www.europesays.com\/es\/wp-content\/uploads\/2025\/09\/1501143445-kYfF--366x256@Diario Vasco.jpg\" class=\"v-a-img\" width=\"258\" height=\"180\" alt=\"\" data-voc-vtm-id=\"in-text-traffic\"\/><\/p>\n<p><\/a><\/p>\n<p class=\"v-p\">Ostiz se mostr\u00f3 poco durante la carrera y asumi\u00f3 su favoritismo apost\u00e1ndolo todo a la vuelta final, de unos 15 kil\u00f3metros. Sin embargo, la selecci\u00f3n espa\u00f1ola realiz\u00f3 un trabajo excepcional para llegar con las opciones intactas a ese momento clave, controlando la carrera y neutralizando los movimientos que suced\u00edan en cabeza. Entre esas compa\u00f1eras brill\u00f3 la usurbildarra Irati Aranguren. La ciclista de 17 a\u00f1os del equipo Andoaingo Txirrindulari Eskola, que ya ha debutado en profesionales este verano con el Laboral Kutxa, estuvo presente hasta el \u00faltimo paso por meta controlando el pelot\u00f3n y dando velocidad y dureza a la carrera. En la \u00faltima vuelta no pudo seguir el ritmo y termin\u00f3 la 36 a 3:48 de su compa\u00f1era Ostiz, pero el trabajo realizado brilla m\u00e1s que su resultado personal final.<\/p>\n<p class=\"v-p\">En la llegada a meta de Ostiz, totalmente emocionada, fue felicitada por Ane Santesteban y Usoa Ostolaza \u2013que abandonaron luego la prueba \u00e9lite\u2013 y despu\u00e9s se fundi\u00f3 en un emotivo abrazo con Irati Aranguren, rivales durante la temporada y compa\u00f1eras que han demostrado trabajar juntas de maravilla.<\/p>\n<p>Gran bronce de Mavi Garc\u00eda<\/p>\n<p class=\"v-p\">El triunfo de Paula Ostiz certifica la espectacular participaci\u00f3n del ciclismo femenino espa\u00f1ol en estos Mundiales. Adem\u00e1s del doblete de la navarra, Paula Blasi fue bronce sub-23, medalla que se colg\u00f3 Mavi Garc\u00eda en una prueba \u00e9lite loca que coron\u00f3 a la canadiense Magdeleine Vallieres, que hasta este s\u00e1bado solo ten\u00eda una victoria profesional. Mavi Garc\u00eda, de 41 a\u00f1os, ha firmado la mejor temporada de su vida con bronce en el Mundial y victoria de etapa en el Tour de Francia.<\/p>\n","protected":false},"excerpt":{"rendered":"Del barrio de San Jorge de Pamplona a Kigali, y de Kigali al mundo. Paula Ostiz (18 a\u00f1os)&hellip;\n","protected":false},"author":2,"featured_media":143563,"comment_status":"","ping_status":"","sticky":false,"template":"","format":"standard","meta":{"footnotes":""},"categories":[273],"tags":[313,312,168,25,24,43324,8464,23,167],"class_list":{"0":"post-143562","1":"post","2":"type-post","3":"status-publish","4":"format-standard","5":"has-post-thumbnail","7":"category-ciclismo","8":"tag-ciclismo","9":"tag-cycling","10":"tag-deportes","11":"tag-es","12":"tag-espana","13":"tag-ostiz","14":"tag-paula","15":"tag-spain","16":"tag-sports"},"share_on_mastodon":{"url":"","error":""},"_links":{"self":[{"href":"https:\/\/www.europesays.com\/es\/wp-json\/wp\/v2\/posts\/143562","targetHints":{"allow":["GET"]}}],"collection":[{"href":"https:\/\/www.europesays.com\/es\/wp-json\/wp\/v2\/posts"}],"about":[{"href":"https:\/\/www.europesays.com\/es\/wp-json\/wp\/v2\/types\/post"}],"author":[{"embeddable":true,"href":"https:\/\/www.europesays.com\/es\/wp-json\/wp\/v2\/users\/2"}],"replies":[{"embeddable":true,"href":"https:\/\/www.europesays.com\/es\/wp-json\/wp\/v2\/comments?post=143562"}],"version-history":[{"count":0,"href":"https:\/\/www.europesays.com\/es\/wp-json\/wp\/v2\/posts\/143562\/revisions"}],"wp:featuredmedia":[{"embeddable":true,"href":"https:\/\/www.europesays.com\/es\/wp-json\/wp\/v2\/media\/143563"}],"wp:attachment":[{"href":"https:\/\/www.europesays.com\/es\/wp-json\/wp\/v2\/media?parent=143562"}],"wp:term":[{"taxonomy":"category","embeddable":true,"href":"https:\/\/www.europesays.com\/es\/wp-json\/wp\/v2\/categories?post=143562"},{"taxonomy":"post_tag","embeddable":true,"href":"https:\/\/www.europesays.com\/es\/wp-json\/wp\/v2\/tags?post=143562"}],"curies":[{"name":"wp","href":"https:\/\/api.w.org\/{rel}","templated":true}]}}