{"id":14357,"date":"2025-07-30T16:38:15","date_gmt":"2025-07-30T16:38:15","guid":{"rendered":"https:\/\/www.europesays.com\/es\/14357\/"},"modified":"2025-07-30T16:38:15","modified_gmt":"2025-07-30T16:38:15","slug":"alberto-herrera-y-blanca-llandres-se-casan-y-conocemos-todos-los-detalles-del-si-quiero","status":"publish","type":"post","link":"https:\/\/www.europesays.com\/es\/14357\/","title":{"rendered":"Alberto Herrera y Blanca Llandres se casan y conocemos todos los detalles del \u00abs\u00ed, quiero\u00bb"},"content":{"rendered":"<p id=\"e9NRxtl4WKC\" data-wc=\"91\">No es un verano cualquiera para<strong>\u00a0Alberto Herrera y Blanca Llandres Parejo<\/strong>, que est\u00e1n volcados en los preparativos de su boda. A pesar de su discreta relaci\u00f3n, que se hizo oficial en febrero, la pareja protagonizar\u00e1 uno de los enlaces m\u00e1s esperados de la temporada. Por ello, la expectaci\u00f3n es m\u00e1xima. El hijo del reconocido periodista Carlos Herrera y su novia, que se comprometieron durante un rom\u00e1ntico viaje a La Toscana tras un a\u00f1o de amor,<strong>\u00a0se dar\u00e1n el &#8216;s\u00ed, quiero&#8217; el pr\u00f3ximo\u00a0<\/strong><strong>18 de octubre, seg\u00fan ha podido saber \u00a1HOLA!<\/strong><\/p>\n<p> <img src=\"https:\/\/www.europesays.com\/es\/wp-content\/uploads\/2025\/07\/f83c2eefe33c-herreraig.jpg\"   width=\"1080\" height=\"1080\" loading=\"lazy\" decoding=\"async\" alt=\"Media Image\" fetchpriority=\"auto\" class=\"image ho-image\"\/>\u00a9 blancallandresp<\/p>\n<p> <img src=\"https:\/\/www.europesays.com\/es\/wp-content\/uploads\/2025\/07\/b92569fc8907-boda-pati-y-nico.jpg\"   width=\"768\" height=\"1024\" loading=\"lazy\" decoding=\"async\" alt=\"Miguel Nicol\u00e1s y Patricia Ferreres se dan el \u2018s\u00ed, quiero\u2019 en Marbella\" fetchpriority=\"auto\" class=\"image ho-image\"\/>\u00a9 blancallandresp<\/p>\n<p id=\"e0la1qa7F7c\" data-wc=\"123\">A falta de dos meses para el enlace, el locutor de la cadena COPE y la psic\u00f3loga especializada en Recursos Humanos, que es prima de Lourdes Montes, <strong>han elegido como escenario del &#8216;s\u00ed, quiero&#8217; la iglesia de Santo Domingo, ubicada en la localidad gaditana de Sanl\u00facar de Barrameda<\/strong>. \u00a0Con un impresionante retablo barroco del siglo XVIII, tiene un rasgo \u00fanico, puesto que no existen m\u00e1s templos en el municipio construidos en piedra de canter\u00eda. Fue dise\u00f1ado por Hern\u00e1n Ruiz II y levantado entre 1558 y 1570 por petici\u00f3n de los condes de Niebla, \u00a0don Juan P\u00e9rez de Guzm\u00e1n y Leonor Manrique de Sotomayor y Z\u00fa\u00f1iga, \u00a0regente de los estados de la Casa de Medina Sidonia. Ambos est\u00e1n enterrados, de hecho, en su interior.<\/p>\n<p id=\"eeuZsB7g3a5\" data-wc=\"60\">Tal y como hemos podido conoce<strong>r, el lugar exacto de la celebraci\u00f3n a\u00fan no est\u00e1 decidido, ya que depende del n\u00famero final de invitados, aunque tienen varias opciones sobre la mesa.<\/strong> De hecho, no descartan trasladar los festejos a la casa que Carlos Herrera tiene en Sanl\u00facar, pues su \u00fanico deseo es poder celebrar su amor con sus m\u00e1s allegados.\u00a0<\/p>\n<p> <img src=\"https:\/\/www.europesays.com\/es\/wp-content\/uploads\/2025\/07\/a4451eff12fa-herrera3.jpg\"   width=\"823\" height=\"1024\" loading=\"lazy\" decoding=\"async\" alt=\"Media Image\" fetchpriority=\"auto\" class=\"image ho-image\"\/>\u00a9 blancallandresp<\/p>\n<p> <img src=\"https:\/\/www.europesays.com\/es\/wp-content\/uploads\/2025\/07\/079ee98606a3-familia-herrera-ig.jpg\"   width=\"819\" height=\"1024\" loading=\"lazy\" decoding=\"async\" alt=\"Blanca Llandres, una m\u00e1s en la familia de Carlos Herrera\" fetchpriority=\"auto\" class=\"image ho-image\"\/>\u00a9 blancallandrespBlanca Llandres, una m\u00e1s en la familia de Carlos Herrera<\/p>\n<p id=\"eRk-RyBvMpn\" data-wc=\"127\"><strong>La intenci\u00f3n de Alberto Herrera y Blanca Llandres Parejo es celebrar una boda muy joven, lejos de los multitudinarios compromisos de sus padres<\/strong>, aunque quedan muchos detalles por ultimar y definir. Para todo ello, la pareja<a class=\"hm-link\" href=\"https:\/\/www.hola.com\/actualidad\/20250701841459\/alberto-herrera-blanca-llandres-primeros-detalles-boda\/\" data-mrf-recirculation=\"article-body-link\" rel=\"nofollow noopener\" target=\"_blank\">\u00a0ha contratado los servicios de una de las empresas con m\u00e1s experiencia en la organizaci\u00f3n de bodas,<\/a> <strong>La madrina weddings,<\/strong> cuyo lema es: \u00abLa \u00fanica preocupaci\u00f3n que debe tener una pareja el d\u00eda de su boda es DISFRUTAR\u00bb. Fue creada por Alejandra Lacida en 2019 y ha dejado su sello en enlaces de gran repercusi\u00f3n, como el de Patricia Cadaval y el de Claudia Jim\u00e9nez, del que <a class=\"hm-link\" href=\"https:\/\/www.hola.com\/actualidad\/20250625839890\/imagenes-exclusivas-boda-claudia-hija-raquel-revuelta-zahara\/\" data-mrf-recirculation=\"article-body-link\" rel=\"nofollow noopener\" target=\"_blank\">\u00a1HOLA! ha mostrado todos los detalles y las im\u00e1genes exclusivas.<\/a> La propia wedding planner deslizaba recientemente que la boda ser\u00eda \u00abm\u00e1s pronto que tarde\u00bb.<\/p>\n<p> <img src=\"https:\/\/www.europesays.com\/es\/wp-content\/uploads\/2025\/07\/8883a98a8c63-alberto-herrera-gtres.jpg\"   width=\"851\" height=\"1024\" loading=\"lazy\" decoding=\"async\" alt=\"Alberto Herrera y Blanca Llandres\" fetchpriority=\"auto\" class=\"image ho-image\"\/>\u00a9 GTRES<\/p>\n<p id=\"e4OHxEIDra9\" data-wc=\"182\">Con este matrimonio se unen dos familias entre las que siempre ha existido una gran amistad. \u00c9l es el hijo mayor de los periodistas Carlos Herrera y Maril\u00f3 Montero, quienes tienen tambi\u00e9n a la modelo y dise\u00f1adora de joyas Roc\u00edo Crusset. L<strong>os padres de ella son el bi\u00f3logo y divulgador cient\u00edfico Carlos Llandres, quien trabaj\u00f3 con F\u00e9lix Rodriguez de la Fuente en El hombre y la Tierra, y Blanca Parejo, directora de la Fundaci\u00f3n Alal\u00e1\u00a0<\/strong>y la mitad del desaparecido d\u00fao musical Las Seventies. Tambi\u00e9n son padres de \u00c1frica y Carlos. \u00a0Blanca es adem\u00e1s \u00a0sobrina de Jos\u00e9 Manuel Soto, con el que los Herrera ya estuvieron emparentados a\u00f1os atr\u00e1s. Recordemos que<a class=\"hm-link\" href=\"https:\/\/www.hola.com\/actualidad\/20210508302813\/jaime-soto-club-futbol-hijo-carlos-herrera\/\" data-mrf-recirculation=\"article-body-link\" rel=\"nofollow noopener\" target=\"_blank\">\u00a0Roc\u00edo Crusset fue pareja de Jaime,<\/a> uno de los hijos del cantante. A su vez, Jaime es \u00edntimo y socio de Alberto en el club Atl\u00e9tico Central, equipo de f\u00fatbol en el que tambi\u00e9n est\u00e1n Sibi Montes y su marido, Mateo Ib\u00e1\u00f1ez. Un sinf\u00edn de conexiones de las que hablaba la propia Maril\u00f3 Montero con gran sentido del humor. \u00abNo sal\u00eds de la familia\u00bb, le dijo a su hijo muy divertida.<\/p>\n","protected":false},"excerpt":{"rendered":"No es un verano cualquiera para\u00a0Alberto Herrera y Blanca Llandres Parejo, que est\u00e1n volcados en los preparativos de&hellip;\n","protected":false},"author":2,"featured_media":14358,"comment_status":"","ping_status":"","sticky":false,"template":"","format":"standard","meta":{"footnotes":""},"categories":[174],"tags":[517,9654,255,146,147,25,24,256,7974,9653,23],"class_list":{"0":"post-14357","1":"post","2":"type-post","3":"status-publish","4":"format-standard","5":"has-post-thumbnail","7":"category-famosos","8":"tag-actualidad","9":"tag-carlos-herrera","10":"tag-celebrities","11":"tag-entertainment","12":"tag-entretenimiento","13":"tag-es","14":"tag-espana","15":"tag-famosos","16":"tag-marilo-montero","17":"tag-rocio-crusset","18":"tag-spain"},"share_on_mastodon":{"url":"","error":""},"_links":{"self":[{"href":"https:\/\/www.europesays.com\/es\/wp-json\/wp\/v2\/posts\/14357","targetHints":{"allow":["GET"]}}],"collection":[{"href":"https:\/\/www.europesays.com\/es\/wp-json\/wp\/v2\/posts"}],"about":[{"href":"https:\/\/www.europesays.com\/es\/wp-json\/wp\/v2\/types\/post"}],"author":[{"embeddable":true,"href":"https:\/\/www.europesays.com\/es\/wp-json\/wp\/v2\/users\/2"}],"replies":[{"embeddable":true,"href":"https:\/\/www.europesays.com\/es\/wp-json\/wp\/v2\/comments?post=14357"}],"version-history":[{"count":0,"href":"https:\/\/www.europesays.com\/es\/wp-json\/wp\/v2\/posts\/14357\/revisions"}],"wp:featuredmedia":[{"embeddable":true,"href":"https:\/\/www.europesays.com\/es\/wp-json\/wp\/v2\/media\/14358"}],"wp:attachment":[{"href":"https:\/\/www.europesays.com\/es\/wp-json\/wp\/v2\/media?parent=14357"}],"wp:term":[{"taxonomy":"category","embeddable":true,"href":"https:\/\/www.europesays.com\/es\/wp-json\/wp\/v2\/categories?post=14357"},{"taxonomy":"post_tag","embeddable":true,"href":"https:\/\/www.europesays.com\/es\/wp-json\/wp\/v2\/tags?post=14357"}],"curies":[{"name":"wp","href":"https:\/\/api.w.org\/{rel}","templated":true}]}}