{"id":143579,"date":"2025-09-28T04:57:12","date_gmt":"2025-09-28T04:57:12","guid":{"rendered":"https:\/\/www.europesays.com\/es\/143579\/"},"modified":"2025-09-28T04:57:12","modified_gmt":"2025-09-28T04:57:12","slug":"bm-ciudad-de-granada-arranca-la-temporada-con-empate-29-29","status":"publish","type":"post","link":"https:\/\/www.europesays.com\/es\/143579\/","title":{"rendered":"BM Ciudad de Granada arranca la temporada con empate, 29-29"},"content":{"rendered":"<p>        CR\u00d3NICA | El conjunto nazar\u00ed empez\u00f3 la liga con igualada ante Sano Antequera BM Torcal<\/p>\n<p>\n                     Redacci\u00f3n                     \u00a0|\u00a0  28 de septiembre de 2025<\/p>\n<p>                <a href=\"https:\/\/www.europesays.com\/es\/wp-content\/uploads\/2025\/09\/imagen62137_0_original.jpg\" id=\"single_image\" title=\"Equipo masculino del BM Ciudad de Granada (BM CIUDAD DE GRANADA)\"><br \/>\n                    <img decoding=\"async\" src=\"https:\/\/www.europesays.com\/es\/wp-content\/uploads\/2025\/09\/imagen62137_0_original.jpg\" title=\"Equipo masculino del BM Ciudad de Granada (BM CIUDAD DE GRANADA)\" alt=\"Equipo masculino del BM Ciudad de Granada (BM CIUDAD DE GRANADA)\"\/><br \/>\n                <\/a><\/p>\n<p>Equipo masculino del BM Ciudad de Granada (BM CIUDAD DE GRANADA)<\/p>\n<p>El\u00a0<strong>BM Ciudad de Granada<\/strong>\u00a0debut\u00f3 en la temporada\u00a0<strong>2025\/26<\/strong>\u00a0con un empate en casa frente al\u00a0<strong>Sano Antequera BM Torcal<\/strong>, en un partido donde los locales llevaron la iniciativa pero sufrieron hasta el final.&#13;<br \/>\n&#13;\n<\/p>\n<p>El conjunto dirigido por\u00a0<strong>\u00d3scar Valero<\/strong>\u00a0mostr\u00f3 un buen arranque, dominando con soltura y alcanzando una ventaja de\u00a0<strong>12-8<\/strong>\u00a0en el minuto 20. Sin embargo, los errores en ataque permitieron a los visitantes recortar distancias, dejando el marcador\u00a0<strong>17-16<\/strong>\u00a0al descanso.&#13;<br \/>\n&#13;\n<\/p>\n<p>En la segunda mitad, los granadinos mantuvieron el pulso a pesar de la corta rotaci\u00f3n y falta de rodaje. A falta de diez minutos, los visitantes se adelantaron, pero no lograron aprovechar su \u00faltima posesi\u00f3n, quedando el resultado final en tablas.<\/p>\n<p>\u00a0<\/p>\n<p>\u00a0<strong>Ismael Romero<\/strong>\u00a0fue el m\u00e1ximo goleador con\u00a0<strong>9 tantos<\/strong>, seguido de\u00a0<strong>Carlos Arenas<\/strong>\u00a0con 5 y\u00a0<strong>Jos\u00e9 Carlos Arjona<\/strong>\u00a0con 4.<\/p>\n<p>La afici\u00f3n disfrut\u00f3 de un gran ambiente en el Complejo Deportivo de la Chana, con una excelente entrada casi al completo.<\/p>\n<p>La pr\u00f3xima semana ser\u00e1 de descanso para el BM Ciudad de Granada, una pausa necesaria para recuperar efectivos y continuar fortaleciendo la joven plantilla bajo la direcci\u00f3n del cuerpo t\u00e9cnico.<\/p>\n<p>\u00a0<\/p>\n<p>\u00a0<\/p>\n<p>                <a href=\"https:\/\/www.granadaenjuego.com\/Polideportivo\/apretada-victoria-del-balonmano-ciudad-de-granada-femenino-en-el-derbi--33-31\" rel=\"nofollow noopener\" target=\"_blank\"><img decoding=\"async\" src=\"https:\/\/www.europesays.com\/es\/wp-content\/uploads\/2025\/09\/imagen62139_0_ppal.jpg\" title=\"BM Ciudad de Granada Femenino (BM CIUDAD DE GRANADA)\" alt=\"BM Ciudad de Granada Femenino (BM CIUDAD DE GRANADA)\"\/><\/a>                <\/p>\n<p>28\/09\/2025 | Redacci\u00f3n <\/p>\n<p>CRONICA | Las chicas dirigidas por Pablo Perea derrotaron a Universidad de Granada, en un encuentro donde siempre fueron por delante <\/p>\n<p>                <a href=\"https:\/\/www.granadaenjuego.com\/Polideportivo\/comienza-la-liga-para-los-equipos-senior-del-balonmano-ciudad-de-granada\" rel=\"nofollow noopener\" target=\"_blank\"><img decoding=\"async\" src=\"https:\/\/www.europesays.com\/es\/wp-content\/uploads\/2025\/09\/imagen62122_0_ppal.jpg\" title=\"Empieza la temporada para el BM Ciudad de Granada (RICARDO LIRIA)\" alt=\"Empieza la temporada para el BM Ciudad de Granada (RICARDO LIRIA)\"\/><\/a>                <\/p>\n<p>27\/09\/2025 | Redacci\u00f3n <\/p>\n<p>El conjunto masculino militar\u00e1 en Segunda Nacional y el femenino en Primera Nacional <\/p>\n","protected":false},"excerpt":{"rendered":"CR\u00d3NICA | El conjunto nazar\u00ed empez\u00f3 la liga con igualada ante Sano Antequera BM Torcal Redacci\u00f3n \u00a0|\u00a0 28&hellip;\n","protected":false},"author":2,"featured_media":143580,"comment_status":"","ping_status":"","sticky":false,"template":"","format":"standard","meta":{"footnotes":""},"categories":[278],"tags":[376,44385,168,25,24,375,23,167],"class_list":{"0":"post-143579","1":"post","2":"type-post","3":"status-publish","4":"format-standard","5":"has-post-thumbnail","7":"category-balonmano","8":"tag-balonmano","9":"tag-bm-ciudad-de-granada","10":"tag-deportes","11":"tag-es","12":"tag-espana","13":"tag-handball","14":"tag-spain","15":"tag-sports"},"share_on_mastodon":{"url":"","error":""},"_links":{"self":[{"href":"https:\/\/www.europesays.com\/es\/wp-json\/wp\/v2\/posts\/143579","targetHints":{"allow":["GET"]}}],"collection":[{"href":"https:\/\/www.europesays.com\/es\/wp-json\/wp\/v2\/posts"}],"about":[{"href":"https:\/\/www.europesays.com\/es\/wp-json\/wp\/v2\/types\/post"}],"author":[{"embeddable":true,"href":"https:\/\/www.europesays.com\/es\/wp-json\/wp\/v2\/users\/2"}],"replies":[{"embeddable":true,"href":"https:\/\/www.europesays.com\/es\/wp-json\/wp\/v2\/comments?post=143579"}],"version-history":[{"count":0,"href":"https:\/\/www.europesays.com\/es\/wp-json\/wp\/v2\/posts\/143579\/revisions"}],"wp:featuredmedia":[{"embeddable":true,"href":"https:\/\/www.europesays.com\/es\/wp-json\/wp\/v2\/media\/143580"}],"wp:attachment":[{"href":"https:\/\/www.europesays.com\/es\/wp-json\/wp\/v2\/media?parent=143579"}],"wp:term":[{"taxonomy":"category","embeddable":true,"href":"https:\/\/www.europesays.com\/es\/wp-json\/wp\/v2\/categories?post=143579"},{"taxonomy":"post_tag","embeddable":true,"href":"https:\/\/www.europesays.com\/es\/wp-json\/wp\/v2\/tags?post=143579"}],"curies":[{"name":"wp","href":"https:\/\/api.w.org\/{rel}","templated":true}]}}