{"id":143583,"date":"2025-09-28T05:06:09","date_gmt":"2025-09-28T05:06:09","guid":{"rendered":"https:\/\/www.europesays.com\/es\/143583\/"},"modified":"2025-09-28T05:06:09","modified_gmt":"2025-09-28T05:06:09","slug":"el-principe-harry-descalifica-rumores-y-revela-detalles-de-su-encuentro-con-carlos-iii-y-sobre-el-regalo-que-le-llevo","status":"publish","type":"post","link":"https:\/\/www.europesays.com\/es\/143583\/","title":{"rendered":"El pr\u00edncipe Harry descalifica rumores y revela detalles de su encuentro con Carlos III y sobre el regal\u00f3 que le llev\u00f3"},"content":{"rendered":"<p>\n          El regalo del pr\u00edncipe Harry al rey Carlos III en su reciente encuentro<\/p>\n<p>De la misma forma, el vocero confirm\u00f3 lo que The Sun dio a conocer respecto a detalles personales del encuentro. \u201cPresumiblemente, esas mismas fuentes tambi\u00e9n han optado por revelar que se intercambiaron regalos\u201d.<\/p>\n<p>En este sentido, el portavoz del duque de Sussex confirm\u00f3 al medio estadounidense que el <b>pr\u00edncipe Harry<\/b> le regal\u00f3 a su padre una fotograf\u00eda enmarcada y aclar\u00f3 que no se trata de un retrato en el que aparezcan ni Harry ni <b>Meghan Markle<\/b>, lo que deja entrever que se trata de una foto de los <b>pr\u00edncipes Archie y Lilibet<\/b>, nietos de <b>Carlos III<\/b>.<\/p>\n<p>             <img loading=\"lazy\" decoding=\"async\" src=\"https:\/\/www.europesays.com\/es\/wp-content\/uploads\/2025\/09\/1759035969_855_\" class=\"lazyload\" alt=\"meghan-markle-principe-harry.jpg\"  width=\"1200\" height=\"630\"\/> <\/p>\n<p>              Harry y Meghan habr\u00edan obsequiado una foto de sus hijos, Archie y Lilibet, al rey Carlos III<br \/>\n              (Getty Images)<\/p>\n<p>\u201cSi bien hubi\u00e9ramos preferido que esos detalles permanecieran privados, para mayor claridad, podemos confirmar que se entreg\u00f3 una fotograf\u00eda enmarcada; sin embargo, la imagen no conten\u00eda al duque y la duquesa\u201d, agreg\u00f3 el portavoz en el documento.<\/p>\n<p>El reciente encuentro entre el rey Carlos III y su hijo menor, el pr\u00edncipe Harry, si bien dio muestras de buena voluntad entre padre e hijo para acercarse y mejorar su comunicaci\u00f3n, luego de a\u00f1os de distanciamiento, tambi\u00e9n dio pie al surgimiento de especulaciones sobre el futuro de los duques de Sussex y sus hijos, tanto sobre el rol que Harry y los suyos podr\u00edan asumir en el futuro con respecto a la Familia Real, como un posible regreso a Reino Unido, hasta la posibilidad de que hicieran su vida entre Estados Unidos y el pa\u00eds natal de Harry.<\/p>\n","protected":false},"excerpt":{"rendered":"El regalo del pr\u00edncipe Harry al rey Carlos III en su reciente encuentro De la misma forma, el&hellip;\n","protected":false},"author":2,"featured_media":143584,"comment_status":"","ping_status":"","sticky":false,"template":"","format":"standard","meta":{"footnotes":""},"categories":[174],"tags":[255,146,147,25,24,256,35412,44386,44387,44388,44389,1027,44390,23],"class_list":{"0":"post-143583","1":"post","2":"type-post","3":"status-publish","4":"format-standard","5":"has-post-thumbnail","7":"category-famosos","8":"tag-celebrities","9":"tag-entertainment","10":"tag-entretenimiento","11":"tag-es","12":"tag-espana","13":"tag-famosos","14":"tag-principe-harry","15":"tag-principe-harry-descalifica-rumores","16":"tag-principe-harry-se-defiende","17":"tag-principe-harry-y-carlos-iii","18":"tag-principe-harry-y-carlos-iii-encuentro","19":"tag-realeza","20":"tag-regalo-del-principe-harry-al-rey-carlos-iii","21":"tag-spain"},"share_on_mastodon":{"url":"","error":""},"_links":{"self":[{"href":"https:\/\/www.europesays.com\/es\/wp-json\/wp\/v2\/posts\/143583","targetHints":{"allow":["GET"]}}],"collection":[{"href":"https:\/\/www.europesays.com\/es\/wp-json\/wp\/v2\/posts"}],"about":[{"href":"https:\/\/www.europesays.com\/es\/wp-json\/wp\/v2\/types\/post"}],"author":[{"embeddable":true,"href":"https:\/\/www.europesays.com\/es\/wp-json\/wp\/v2\/users\/2"}],"replies":[{"embeddable":true,"href":"https:\/\/www.europesays.com\/es\/wp-json\/wp\/v2\/comments?post=143583"}],"version-history":[{"count":0,"href":"https:\/\/www.europesays.com\/es\/wp-json\/wp\/v2\/posts\/143583\/revisions"}],"wp:featuredmedia":[{"embeddable":true,"href":"https:\/\/www.europesays.com\/es\/wp-json\/wp\/v2\/media\/143584"}],"wp:attachment":[{"href":"https:\/\/www.europesays.com\/es\/wp-json\/wp\/v2\/media?parent=143583"}],"wp:term":[{"taxonomy":"category","embeddable":true,"href":"https:\/\/www.europesays.com\/es\/wp-json\/wp\/v2\/categories?post=143583"},{"taxonomy":"post_tag","embeddable":true,"href":"https:\/\/www.europesays.com\/es\/wp-json\/wp\/v2\/tags?post=143583"}],"curies":[{"name":"wp","href":"https:\/\/api.w.org\/{rel}","templated":true}]}}