{"id":143599,"date":"2025-09-28T05:17:09","date_gmt":"2025-09-28T05:17:09","guid":{"rendered":"https:\/\/www.europesays.com\/es\/143599\/"},"modified":"2025-09-28T05:17:09","modified_gmt":"2025-09-28T05:17:09","slug":"drones-cazas-sabotajes-asi-se-libra-la-ofensiva-de-putin-contra-europa-el-pais-expres","status":"publish","type":"post","link":"https:\/\/www.europesays.com\/es\/143599\/","title":{"rendered":"Drones, cazas, sabotajes: as\u00ed se libra la ofensiva de Putin contra Europa | El PA\u00cdS Expr\u00e9s"},"content":{"rendered":"<p><img fetchpriority=\"high\" decoding=\"auto\" class=\"_re  a_m-h\" height=\"414\"  width=\"414\"  src=\"https:\/\/www.europesays.com\/es\/wp-content\/uploads\/2025\/09\/K27L3EPQKBBOVBXVB7NFOGO2XE.jpg\" loading=\"eager\"\/>MOSCOW, RUSSIA &#8211; JUNE 22  (RUSSIA OUT) Russian President Vladimir Putin attends a wreath laying ceremony to the Unknown Soldier&#8217;s Tomb in the Alexander Garden along the Kremlin wall, June 22, 2025, in Moscow, Russia. The day commemorates Operation Barbarossa, in which the Axis powers invaded the Soviet Union during World War II. (Photo by Contributor\/Getty Images)Foto: Getty Images<\/p>\n<p>GUERRA DE RUSIA EN UCRANIA<\/p>\n<p class=\"\">El Kremlin ha dado un paso m\u00e1s en su pulso contra Occidente. Con la guerra en Ucrania a punto de cumplir cuatro a\u00f1os y sin avances en el frente, Mosc\u00fa ha multiplicado las operaciones de injerencia, sabotajes, ciberataques e incursiones en el espacio a\u00e9reo europeo.<\/p>\n<p class=\"\"><b>Un concepto. <\/b>La guerra h\u00edbrida es la estrategia de mezclar lo militar con lo encubierto. <\/p>\n<ul>\n<li>Rusia combina ataques convencionales con operaciones menos visibles: sabotajes a infraestructuras cr\u00edticas, ciberataques, campa\u00f1as de propaganda, asesinatos selectivos o injerencias pol\u00edticas.<\/li>\n<li>En las \u00faltimas semanas, se han sucedido los incidentes: drones derribados en Polonia, incursiones en Rumania y Estonia, un avi\u00f3n esp\u00eda en el B\u00e1ltico o interferencias en aeropuertos daneses, entre otros. <\/li>\n<\/ul>\n<p class=\"\"><b>\u00bfQu\u00e9 busca Rusia?<\/b> Mosc\u00fa trata de medir las defensas de la OTAN, comprobar sus tiempos de reacci\u00f3n, propagar inseguridad, desgastar a los aliados en recursos y sembrar divisi\u00f3n interna.<\/p>\n<p class=\"\"><b>\u00bfPor qu\u00e9 ahora? <\/b>La escalada llega en un momento en que la guerra en Ucrania est\u00e1 estancada y la econom\u00eda rusa sufre, lo que lleva a Putin a recurrir a t\u00e1cticas h\u00edbridas m\u00e1s baratas y eficaces para mantener la presi\u00f3n sobre Europa.<\/p>\n<p class=\"\"><b>Las consecuencias.<\/b> Esta situaci\u00f3n empuja a la UE y a la OTAN a estrechar su coordinaci\u00f3n en materia de defensa, mientras algunos socios, como Lituania, reclaman medidas m\u00e1s contundentes. <\/p>\n<p class=\"\"><b>El <\/b><b>pero<\/b><b>.<\/b> La posibilidad de un error de c\u00e1lculo mantiene encendida la alerta: una respuesta demasiado dura podr\u00eda desencadenar la escalada que todos tratan de evitar.<\/p>\n<p class=\"\">\u00a9Foto: Getty Images<\/p>\n<p class=\"\"><a href=\"https:\/\/elpais.com\/internacional\/2025-09-28\/rusia-redobla-las-injerencias-y-sabotajes-para-dividir-a-europa.html\" target=\"_self\" rel=\"nofollow noopener\" title=\"https:\/\/elpais.com\/internacional\/2025-09-28\/rusia-redobla-las-injerencias-y-sabotajes-para-dividir-a-europa.html\">Si quieres saber m\u00e1s, puedes leer aqu\u00ed.<\/a><\/p>\n","protected":false},"excerpt":{"rendered":"MOSCOW, RUSSIA &#8211; JUNE 22 (RUSSIA OUT) Russian President Vladimir Putin attends a wreath laying ceremony to the&hellip;\n","protected":false},"author":2,"featured_media":143600,"comment_status":"","ping_status":"","sticky":false,"template":"","format":"standard","meta":{"footnotes":""},"categories":[42],"tags":[17,18,70,13,14,69,7082,11,61,62,63,64,19,20,9,10,15,16,1613,1614,12,7081,21,22,1617,65,66,67],"class_list":{"0":"post-143599","1":"post","2":"type-post","3":"status-publish","4":"format-standard","5":"has-post-thumbnail","7":"category-internacional","8":"tag-breaking-news","9":"tag-breakingnews","10":"tag-conflictos","11":"tag-featured-news","12":"tag-featurednews","13":"tag-guerra","14":"tag-guerra-de-rusia-en-ucrania","15":"tag-headlines","16":"tag-internacional","17":"tag-international","18":"tag-international-news","19":"tag-internationalnews","20":"tag-latest-news","21":"tag-latestnews","22":"tag-news","23":"tag-noticias","24":"tag-noticias-destacadas","25":"tag-noticiasdestacadas","26":"tag-otan","27":"tag-rusia","28":"tag-titulares","29":"tag-ucrania","30":"tag-ultimas-noticias","31":"tag-ultimasnoticias","32":"tag-union-europea","33":"tag-world","34":"tag-world-news","35":"tag-worldnews"},"share_on_mastodon":{"url":"","error":""},"_links":{"self":[{"href":"https:\/\/www.europesays.com\/es\/wp-json\/wp\/v2\/posts\/143599","targetHints":{"allow":["GET"]}}],"collection":[{"href":"https:\/\/www.europesays.com\/es\/wp-json\/wp\/v2\/posts"}],"about":[{"href":"https:\/\/www.europesays.com\/es\/wp-json\/wp\/v2\/types\/post"}],"author":[{"embeddable":true,"href":"https:\/\/www.europesays.com\/es\/wp-json\/wp\/v2\/users\/2"}],"replies":[{"embeddable":true,"href":"https:\/\/www.europesays.com\/es\/wp-json\/wp\/v2\/comments?post=143599"}],"version-history":[{"count":0,"href":"https:\/\/www.europesays.com\/es\/wp-json\/wp\/v2\/posts\/143599\/revisions"}],"wp:featuredmedia":[{"embeddable":true,"href":"https:\/\/www.europesays.com\/es\/wp-json\/wp\/v2\/media\/143600"}],"wp:attachment":[{"href":"https:\/\/www.europesays.com\/es\/wp-json\/wp\/v2\/media?parent=143599"}],"wp:term":[{"taxonomy":"category","embeddable":true,"href":"https:\/\/www.europesays.com\/es\/wp-json\/wp\/v2\/categories?post=143599"},{"taxonomy":"post_tag","embeddable":true,"href":"https:\/\/www.europesays.com\/es\/wp-json\/wp\/v2\/tags?post=143599"}],"curies":[{"name":"wp","href":"https:\/\/api.w.org\/{rel}","templated":true}]}}