{"id":143609,"date":"2025-09-28T05:29:15","date_gmt":"2025-09-28T05:29:15","guid":{"rendered":"https:\/\/www.europesays.com\/es\/143609\/"},"modified":"2025-09-28T05:29:15","modified_gmt":"2025-09-28T05:29:15","slug":"significa-elegida-por-dios-y-no-se-escucha-en-barcelona","status":"publish","type":"post","link":"https:\/\/www.europesays.com\/es\/143609\/","title":{"rendered":"significa \u201celegida por Dios\u201d y no se escucha en Barcelona"},"content":{"rendered":"<p>    Noticias relacionadas<\/p>\n<p class=\"paragraph\" data-end=\"744\" data-start=\"303\" id=\"paragraph_1\"><a href=\"https:\/\/metropoliabierta.elespanol.com\/vivir-en-barcelona\/20250820\/exclusivo-barrio-barcelona-vive-pau-gasol-impresionante-mansion-vistas-privilegiadas\/1003742682616_0.html?utm_cmp_rs=linksinline\" target=\"_blank\" rel=\"nofollow noopener\"><strong data-end=\"74\" data-start=\"61\">Pau Gasol<\/strong>, uno de los grandes referentes del baloncesto espa\u00f1ol<\/a> y figura internacional de la <strong>NBA,<\/strong> contin\u00faa dejando huella dentro y fuera de las pistas.<\/p>\n<p class=\"paragraph\" data-end=\"744\" data-start=\"303\" id=\"paragraph_2\">Con una carrera repleta de \u00e9xitos, que incluye <strong>campeonatos nacionales, europeos y medallas ol\u00edmpicas<\/strong>, Gasol se ha ganado un lugar en la historia del deporte espa\u00f1ol.<\/p>\n<p><img loading=\"lazy\" decoding=\"async\" alt=\"Pau Gasol, durante su despedida en el Gran Teatre del Liceu \/ EFE\" height=\"180\" src=\"https:\/\/www.europesays.com\/es\/wp-content\/uploads\/2025\/09\/622947706_9825378_320x180.jpg\" width=\"320\" data-lazy-status=\"processed\" data-lazy-info=\"remove loading item 1\"\/><\/p>\n<p class=\"paragraph\" data-end=\"744\" data-start=\"303\" id=\"paragraph_3\">M\u00e1s all\u00e1 de sus logros deportivos, el jugador de <a href=\"https:\/\/metropoliabierta.elespanol.com\/temas\/sant_boi_de_llobregat\/?utm_cmp_rs=linksinline\" target=\"_blank\" rel=\"nofollow noopener\">Sant Boi de Llobregat<\/a> es conocido por su <strong>compromiso<\/strong> con la familia, la solidaridad y los gestos de amistad que trascienden el baloncesto, como demuestra su v\u00ednculo con Kobe Bryant.<\/p>\n<p><img decoding=\"async\" alt=\"Pau Gasol durante un reconocimiento de Ayuntamiento de Barcelona\" data-imgm=\"true\" height=\"180\" loading=\"lazy\"  src=\"https:\/\/www.europesays.com\/es\/wp-content\/uploads\/2025\/09\/1003742661046_15209711_1024x576.jpg\"  width=\"320\"\/><\/p>\n<p>                                                            Pau Gasol durante un reconocimiento de Ayuntamiento de Barcelona<\/p>\n<p>                    EP<\/p>\n<p>El nombre de su hija<\/p>\n<p class=\"paragraph\" data-end=\"744\" data-start=\"303\" id=\"paragraph_4\">El exjugador\u00a0comparti\u00f3 en 2020 una de las noticias m\u00e1s felices de su vida: la llegada de su primera hija, <strong data-end=\"480\" data-start=\"455\">Elisabet Gianna Gasol<\/strong>.<\/p>\n<p class=\"paragraph\" data-end=\"744\" data-start=\"303\" id=\"paragraph_5\">Con un emotivo mensaje en sus redes sociales, el p\u00edvot\u00a0dio a conocer tanto el nacimiento como el nombre de su hija, un homenaje directo a la hija fallecida de su amigo <strong data-end=\"690\" data-start=\"675\">Kobe Bryant<\/strong>, Gianna Bryant, y que <strong>significa \u201celegida por Dios\u201d.<\/strong><\/p>\n<p class=\"paragraph\" data-end=\"744\" data-start=\"303\" id=\"paragraph_6\">\u201c<strong>Nuestra peque\u00f1a ya est\u00e1 con nosotros! Todo ha ido muy bien y no podemos estar m\u00e1s felices.<\/strong> Elisabet Gianna Gasol, un nombre con mucho significado para nuestra preciosa hija\u201d, escribi\u00f3 Pau en su cuenta de Instagram junto a una fotograf\u00eda familiar.<\/p>\n<p><img decoding=\"async\" alt=\"Montaje de Pau Gasol y el restaurante Disfrutar\" height=\"180\" loading=\"lazy\" width=\"320\" data-lazy-status=\"processed\" id=\"91c462cf9c\" src=\"https:\/\/metropoliabierta.elespanol.com\/gran-barcelona\/20250926\/curioso-nombre-primera-hija-pau-gasol-significa-elegida-dios-no-usa-barcelona\/[\" https:=\"\" data-lazy-info=\"changed src\"\/><\/p>\n<p class=\"paragraph\" data-end=\"1320\" data-start=\"999\" id=\"paragraph_7\">El nombre de la ni\u00f1a combina tradici\u00f3n y homenaje. \u201cElisabet\u201d es un nombre cl\u00e1sico en Catalunya, aunque poco habitual en la ciudad de Barcelona en los \u00faltimos a\u00f1os, mientras que \u201cGianna\u201d conecta directamente con la <strong>memoria de la hija de Kobe Bryant<\/strong>, con quien Pau Gasol manten\u00eda una relaci\u00f3n muy cercana, casi fraternal tras su paso por Los Angeles Lakers.\u00a0<\/p>\n<p><img decoding=\"async\" alt=\"Pau Gasol en una imagen de archivo \/ EUROPA PRESS\" data-imgm=\"true\" height=\"180\" loading=\"lazy\"  src=\"https:\/\/www.europesays.com\/es\/wp-content\/uploads\/2025\/09\/702939756_10948661_1024x576.jpg\"  width=\"320\"\/><\/p>\n<p>                                                            Pau Gasol en una imagen de archivo \/ EUROPA PRESS<\/p>\n<p>Un homenaje a Kobe Bryant<\/p>\n<p class=\"paragraph\" data-end=\"1724\" data-start=\"1355\" id=\"paragraph_8\">La relaci\u00f3n entre <strong>Pau Gasol<\/strong> y <strong data-end=\"1400\" data-start=\"1385\">Kobe Bryant<\/strong> trascend\u00eda las pistas de baloncesto. Ambos compartieron a\u00f1os de NBA, consolidando una amistad que Pau ha descrito como \u201c<strong>hermandad<\/strong>\u201d. La tr\u00e1gica muerte de Kobe y de su hija <strong>Gianna<\/strong> en 2020 marc\u00f3 profundamente al jugador espa\u00f1ol, quien ha mantenido vivo el recuerdo con <strong>gestos y homenajes<\/strong> constantes.<\/p>\n<p class=\"paragraph\" data-end=\"2093\" data-start=\"1726\" id=\"paragraph_9\">Nombrar a su hija Gianna es una manera de rendir tributo a la memoria de la familia Bryant y <strong>mantener vivo ese v\u00ednculo tan especial.<\/strong>\u00a0<\/p>\n<p>Un nombre poco habitual en Barcelona<\/p>\n<p class=\"paragraph\" data-end=\"2589\" data-start=\"2139\" id=\"paragraph_10\">El nombre \u201cGianna\u201d es muy poco com\u00fan en Barcelona, y <strong>su combinaci\u00f3n con Elisabet lo hace a\u00fan m\u00e1s singular. <\/strong><\/p>\n<p class=\"paragraph\" data-end=\"2589\" data-start=\"2139\" id=\"paragraph_11\">En Espa\u00f1a, Gianna es un nombre de origen italiano que <strong>significa \u201celegida por Dios\u201d<\/strong> y que se asocia con la espiritualidad y la protecci\u00f3n familiar.<\/p>\n<p class=\"paragraph\" data-end=\"2589\" data-start=\"2139\" id=\"paragraph_12\">La elecci\u00f3n del nombre refleja, por tanto, no solo un homenaje personal sino tambi\u00e9n un <strong>mensaje de esperanza y fortuna<\/strong> para la nueva generaci\u00f3n de la familia Gasol.<\/p>\n<p><img decoding=\"async\" alt=\"Kobe Bryant, leyenda de la NBA, falleci\u00f3 a los 41 a\u00f1os en un accidente de helic\u00f3ptero \/ EP\" data-imgm=\"true\" height=\"180\" loading=\"lazy\"  src=\"https:\/\/www.europesays.com\/es\/wp-content\/uploads\/2025\/09\/sucesos_4260735_3085751_1024x576.jpg\"  width=\"320\"\/><\/p>\n<p>                                                            Kobe Bryant, leyenda de la NBA, falleci\u00f3 a los 41 a\u00f1os en un accidente de helic\u00f3ptero \/ EP<\/p>\n<p>La familia Gasol celebra la llegada de la ni\u00f1a<\/p>\n<p class=\"paragraph\" data-end=\"3031\" data-start=\"2645\" id=\"paragraph_13\">El nacimiento de Elisabet Gianna fue recibido con alegr\u00eda por los seguidores del exjugador, que mostraron un gran inter\u00e9s por conocer la noticia a trav\u00e9s de redes sociales.<\/p>\n<p class=\"paragraph\" data-end=\"3031\" data-start=\"2645\" id=\"paragraph_14\">La publicaci\u00f3n, acompa\u00f1ada de emoticonos de coraz\u00f3n y gestos de familia, recibi\u00f3<strong> miles de comentarios de felicitaciones<\/strong> de amigos, compa\u00f1eros de profesi\u00f3n y fans del baloncesto.<\/p>\n<p class=\"paragraph\" data-end=\"3271\" data-start=\"3033\" id=\"paragraph_15\">Adem\u00e1s, el propio Pau Gasol ha dejado claro que la llegada de su hija refuerza su compromiso con la familia Bryant y su legado en el mundo del baloncesto para <strong>mantener vivo el recuerdo de su gran amigo Kobe.<\/strong><\/p>\n<p><img decoding=\"async\" alt=\"Pau Gasol en un partido durante su etapa en los Lakers \/ EFE\" data-imgm=\"true\" height=\"180\" loading=\"lazy\"  src=\"https:\/\/www.europesays.com\/es\/wp-content\/uploads\/2025\/09\/786431577_10831117_1024x576.jpg\"  width=\"320\"\/><\/p>\n<p>                                                            Pau Gasol en un partido durante su etapa en los Lakers \/ EFE<\/p>\n<p>Un momento emotivo para el deporte espa\u00f1ol<\/p>\n<p class=\"paragraph\" data-end=\"3720\" data-start=\"3323\" id=\"paragraph_17\">El nacimiento de Elisabet Gianna no solo es una noticia familiar, sino tambi\u00e9n un momento emotivo para el baloncesto espa\u00f1ol y la comunidad internacional. Pau Gasol es considerado <strong>uno de los jugadores m\u00e1s importantes de la historia del deporte en Espa\u00f1a<\/strong>, y la vinculaci\u00f3n de su hija con Kobe Bryant refuerza la conexi\u00f3n entre dos generaciones de figuras clave de la NBA y del baloncesto mundial.<\/p>\n<p class=\"paragraph\" data-end=\"3947\" data-start=\"3722\" id=\"paragraph_18\">El nombre de la ni\u00f1a, su significado y su origen poco com\u00fan en Barcelona han despertado tambi\u00e9n la curiosidad de aficionados, que destacan la carga simb\u00f3lica del gesto.\u00a0<\/p>\n<p class=\"paragraph\" data-end=\"4226\" data-start=\"3949\" id=\"paragraph_19\">Con la llegada de <strong data-end=\"3992\" data-start=\"3967\">Elisabet Gianna Gasol<\/strong>, Pau Gasol inici\u00f3 una nueva etapa personal y familiar, marcada por la felicidad, la responsabilidad de ser padre y la conexi\u00f3n con uno de los recuerdos m\u00e1s importantes de su carrera deportiva y personal: su amistad con Kobe Bryant.<\/p>\n<p class=\"paragraph\" data-end=\"4226\" data-start=\"3949\" id=\"paragraph_20\">De echo, el h\u00a1jugador volvi\u00f3 a Barcelona para disputar el final de la temporada antes de poner fin a su carrera deportiva en el club dopnde se form\u00f3 junto a su amigo personal, Juan Carlos Navarro.\u00a0<\/p>\n","protected":false},"excerpt":{"rendered":"Noticias relacionadas Pau Gasol, uno de los grandes referentes del baloncesto espa\u00f1ol y figura internacional de la NBA,&hellip;\n","protected":false},"author":2,"featured_media":143610,"comment_status":"","ping_status":"","sticky":false,"template":"","format":"standard","meta":{"footnotes":""},"categories":[174],"tags":[255,3045,146,147,25,24,256,44397,33673,23],"class_list":{"0":"post-143609","1":"post","2":"type-post","3":"status-publish","4":"format-standard","5":"has-post-thumbnail","7":"category-famosos","8":"tag-celebrities","9":"tag-curiosidades","10":"tag-entertainment","11":"tag-entretenimiento","12":"tag-es","13":"tag-espana","14":"tag-famosos","15":"tag-famosos-barcelona","16":"tag-gran-barcelona","17":"tag-spain"},"share_on_mastodon":{"url":"","error":""},"_links":{"self":[{"href":"https:\/\/www.europesays.com\/es\/wp-json\/wp\/v2\/posts\/143609","targetHints":{"allow":["GET"]}}],"collection":[{"href":"https:\/\/www.europesays.com\/es\/wp-json\/wp\/v2\/posts"}],"about":[{"href":"https:\/\/www.europesays.com\/es\/wp-json\/wp\/v2\/types\/post"}],"author":[{"embeddable":true,"href":"https:\/\/www.europesays.com\/es\/wp-json\/wp\/v2\/users\/2"}],"replies":[{"embeddable":true,"href":"https:\/\/www.europesays.com\/es\/wp-json\/wp\/v2\/comments?post=143609"}],"version-history":[{"count":0,"href":"https:\/\/www.europesays.com\/es\/wp-json\/wp\/v2\/posts\/143609\/revisions"}],"wp:featuredmedia":[{"embeddable":true,"href":"https:\/\/www.europesays.com\/es\/wp-json\/wp\/v2\/media\/143610"}],"wp:attachment":[{"href":"https:\/\/www.europesays.com\/es\/wp-json\/wp\/v2\/media?parent=143609"}],"wp:term":[{"taxonomy":"category","embeddable":true,"href":"https:\/\/www.europesays.com\/es\/wp-json\/wp\/v2\/categories?post=143609"},{"taxonomy":"post_tag","embeddable":true,"href":"https:\/\/www.europesays.com\/es\/wp-json\/wp\/v2\/tags?post=143609"}],"curies":[{"name":"wp","href":"https:\/\/api.w.org\/{rel}","templated":true}]}}