{"id":143611,"date":"2025-09-28T05:30:14","date_gmt":"2025-09-28T05:30:14","guid":{"rendered":"https:\/\/www.europesays.com\/es\/143611\/"},"modified":"2025-09-28T05:30:14","modified_gmt":"2025-09-28T05:30:14","slug":"gozon-vibra-con-su-feria-de-fotografia-y-naturaleza","status":"publish","type":"post","link":"https:\/\/www.europesays.com\/es\/143611\/","title":{"rendered":"Goz\u00f3n vibra con su feria de fotograf\u00eda y naturaleza"},"content":{"rendered":"<p class=\"ft-text\">La capital de Goz\u00f3n acogi\u00f3 este viernes la inauguraci\u00f3n de la feria de fotograf\u00eda y naturaleza Luanco Natur. Se trata de la segunda edici\u00f3n del evento, que vuelve con m\u00e1s fuerza que nunca y con colaboraciones \u00abimportantes\u00bb, tal y como indicaron desde la organizaci\u00f3n.<\/p>\n<p class=\"ft-text\">En esta primera jornada, la inauguraci\u00f3n de la feria cont\u00f3 con la participaci\u00f3n, entre otros, del alcalde de Goz\u00f3n, Jorge Su\u00e1rez, y del director general de Custodia del Territorio, David Villar.<\/p>\n<p><img decoding=\"async\" src=\"https:\/\/www.europesays.com\/es\/wp-content\/uploads\/2025\/09\/2e82ef9a-dd6f-45f1-a0af-7c6372a2bb01_alta-libre-aspect-ratio_default_0.jpg\" width=\"1200\" height=\"800\" alt=\"El alcalde de Goz\u00f3n, Jorge Su\u00e1rez -en el centro-, durante la inauguraci\u00f3n de la feria.\" class=\"ft-helper-img-rd\" loading=\"lazy\" hasdataaida=\"true\"\/><\/p>\n<p class=\"ft-helper-fontColor-quaternary ft-helper-fontSize-body-S ft-helper-spacer-t-xxs\">El alcalde de Goz\u00f3n, Jorge Su\u00e1rez -en el centro-, durante la inauguraci\u00f3n de la feria.  \/ L. N.<\/p>\n<p class=\"ft-text\">La cita, que se alargar\u00e1 hasta el domingo 28, cuenta este a\u00f1o con grandes referentes de la divulgaci\u00f3n ambiental y de la fotograf\u00eda de naturaleza. Este viernes se celebr\u00f3 la ponencia de Jos\u00e9 D\u00edaz.<\/p>\n<p class=\"ft-text\">Hoy, s\u00e1bado, es el turno de Carlos Gonz\u00e1lez, Diego Manrique y Laura N\u00fa\u00f1ez Ba\u00f1uls, adem\u00e1s del gran plato fuerte de la feria: la proyecci\u00f3n del filme \u00abDo\u00f1ana, donde el agua es sagrada\u00bb, a la que seguir\u00e1 un cinef\u00f3rum con Carmen Rodr\u00edguez, directora del documental; Joaqu\u00edn G. Acho, director de filmaci\u00f3n; y Odile Rodr\u00edguez de la Fuente, narradora de la pieza.<\/p>\n<p><img decoding=\"async\" src=\"https:\/\/www.europesays.com\/es\/wp-content\/uploads\/2025\/09\/9638cd36-bcec-4ca9-83bb-8ca8e4543194_alta-libre-aspect-ratio_default_0.jpg\" width=\"1200\" height=\"800\" alt=\"Jos\u00e9 D\u00edaz, durante su ponencia en la jornada inaugural de la feria Luanco Natur.\" class=\"ft-helper-img-rd\" loading=\"lazy\" hasdataaida=\"true\"\/><\/p>\n<p class=\"ft-helper-fontColor-quaternary ft-helper-fontSize-body-S ft-helper-spacer-t-xxs\">Jos\u00e9 D\u00edaz, durante su ponencia en la jornada inaugural de la feria Luanco Natur.  \/ L. N.<\/p>\n<p class=\"ft-text\">Ma\u00f1ana domingo, se celebrar\u00e1 un taller de avistamiento de aves junto a Mart\u00edn Garc\u00eda y el colectivo Mavea en la ensenada de Llodero, en Zelu\u00e1n a partir de las 9.00 horas. A las 11.45, ser\u00e1 el turno de la ponencia \u00abDos mundos, una mirada\u00bb, a cargo de Merche Llobera. A las 13.30 horas, la 2.\u00aa feria de Luanco Natur celebrar\u00e1 la clausura en la plaza de la Villa.<\/p>\n","protected":false},"excerpt":{"rendered":"La capital de Goz\u00f3n acogi\u00f3 este viernes la inauguraci\u00f3n de la feria de fotograf\u00eda y naturaleza Luanco Natur.&hellip;\n","protected":false},"author":2,"featured_media":143612,"comment_status":"","ping_status":"","sticky":false,"template":"","format":"standard","meta":{"footnotes":""},"categories":[173],"tags":[229,233,231,230,13849,232,234,1053,146,147,25,24,599,244,44398,8530,1409,23,23346],"class_list":{"0":"post-143611","1":"post","2":"type-post","3":"status-publish","4":"format-standard","5":"has-post-thumbnail","7":"category-arte-y-diseno","8":"tag-arte","9":"tag-arte-y-diseno","10":"tag-arts","11":"tag-arts-and-design","12":"tag-aviles","13":"tag-design","14":"tag-diseno","15":"tag-domingo","16":"tag-entertainment","17":"tag-entretenimiento","18":"tag-es","19":"tag-espana","20":"tag-feria","21":"tag-fotografia","22":"tag-gozon","23":"tag-luanco","24":"tag-naturaleza","25":"tag-spain","26":"tag-vibra"},"share_on_mastodon":{"url":"","error":""},"_links":{"self":[{"href":"https:\/\/www.europesays.com\/es\/wp-json\/wp\/v2\/posts\/143611","targetHints":{"allow":["GET"]}}],"collection":[{"href":"https:\/\/www.europesays.com\/es\/wp-json\/wp\/v2\/posts"}],"about":[{"href":"https:\/\/www.europesays.com\/es\/wp-json\/wp\/v2\/types\/post"}],"author":[{"embeddable":true,"href":"https:\/\/www.europesays.com\/es\/wp-json\/wp\/v2\/users\/2"}],"replies":[{"embeddable":true,"href":"https:\/\/www.europesays.com\/es\/wp-json\/wp\/v2\/comments?post=143611"}],"version-history":[{"count":0,"href":"https:\/\/www.europesays.com\/es\/wp-json\/wp\/v2\/posts\/143611\/revisions"}],"wp:featuredmedia":[{"embeddable":true,"href":"https:\/\/www.europesays.com\/es\/wp-json\/wp\/v2\/media\/143612"}],"wp:attachment":[{"href":"https:\/\/www.europesays.com\/es\/wp-json\/wp\/v2\/media?parent=143611"}],"wp:term":[{"taxonomy":"category","embeddable":true,"href":"https:\/\/www.europesays.com\/es\/wp-json\/wp\/v2\/categories?post=143611"},{"taxonomy":"post_tag","embeddable":true,"href":"https:\/\/www.europesays.com\/es\/wp-json\/wp\/v2\/tags?post=143611"}],"curies":[{"name":"wp","href":"https:\/\/api.w.org\/{rel}","templated":true}]}}