{"id":143613,"date":"2025-09-28T05:31:10","date_gmt":"2025-09-28T05:31:10","guid":{"rendered":"https:\/\/www.europesays.com\/es\/143613\/"},"modified":"2025-09-28T05:31:10","modified_gmt":"2025-09-28T05:31:10","slug":"xabiertxo-un-siglo-como-cimiento-de-la-ensenanza-euskaldun","status":"publish","type":"post","link":"https:\/\/www.europesays.com\/es\/143613\/","title":{"rendered":"&#8216;Xabiertxo&#8217;, un siglo como cimiento de la ense\u00f1anza euskaldun"},"content":{"rendered":"<p><a class=\"v-mdl-ath__fig-a\" href=\"https:\/\/www.diariovasco.com\/autor\/kevin-iglesias-3333.html\" title=\"Kevin Iglesias\" rel=\"nofollow noopener\" target=\"_blank\"><br \/>\n<img decoding=\"async\" class=\"v-mdl-ath__img\" src=\"https:\/\/www.europesays.com\/es\/wp-content\/uploads\/2025\/09\/autor-3333-foto-1.jpeg\" alt=\"Kevin Iglesias\"\/><br \/>\n<\/a><\/p>\n<p class=\"v-mdl-ath__p v-mdl-ath__p--6\">\nS\u00e1bado, 27 de septiembre 2025, 20:16<\/p>\n<p>| Actualizado 20:28h.<\/p>\n<p class=\"v-p\">Aunque la normalizaci\u00f3n del euskera da pasos firmes cada a\u00f1o \u2013a pesar de algunas piedras\u2013, la situaci\u00f3n no siempre fue como la conocemos hoy. Con la imposici\u00f3n del franquismo el castellano se convirti\u00f3 en la \u00fanica lengua oficial en Euskal Herria, donde veinte a\u00f1os antes estaba enraiz\u00e1ndose un sentimiento identitario nacional, promovido a trav\u00e9s de la pol\u00edtica y la cultura, sobre todo la literatura y la m\u00fasica, desde el siglo XIX en lo que se conoci\u00f3 como &#8216;Euskal pizkundea&#8217;. El euskera no era bien visto por el gobierno de Primo de Rivera, pero eso no fren\u00f3 su uso. Hijo de aquella \u00e9poca fue el libro de texto &#8216;Xabiertxo&#8217;, enciclopedia infantil que este a\u00f1o cumple cien a\u00f1os desde su publicaci\u00f3n. Escrita por el vecino Ixaka Lopez-Mendizabal e ilustrada por Jon Zabalo &#8216;Txiki&#8217;, fue publicada en Tolosa en la imprenta del padre del primero, Eusebio Lopez, en 1925.<\/p>\n<p class=\"v-p\">No es casualidad que Lopez-Mendizabal escribiera un libro educativo. Ya en a\u00f1os anteriores hab\u00eda mostrado una gran sensibilidad por la ense\u00f1anza, siendo uno de los promotores de la primera ikastola del municipio, en la plaza Gorriti \u2013despu\u00e9s trasladada a Laskorain, que le da nombre\u2013, adem\u00e1s de participar en la creaci\u00f3n de Eusko Ikaskuntza y ser miembro fundador de Euskaltzaindia, Eskualzaleen Biltzarra, Euskal Esnalea y Euskalerriaren Alde. Por supuesto, como muchos otros influyentes de su \u00e9poca era parte de EAJ.<\/p>\n<ul class=\"v-u\">\n<li class=\"v-u__l\">\n<p class=\"v-p\">\nJueves, d\u00eda 2\n<\/p>\n<\/li>\n<li class=\"v-u__l\">\n<p class=\"v-p\">\nDe 9<br \/>\n15 a 9.30 horas. Comienzo de la celebraci\u00f3n en la casa de cultura, con bienvenida e introducci\u00f3n.\n<\/p>\n<\/li>\n<li class=\"v-u__l\">\n<p class=\"v-p\">\nDe 9<br \/>\n30 a 11.30. Conferencia titulada &#8216;Xabiertxoren testuinguru historikoa(k)&#8217;, en el que expertos historiadores detallar\u00e1n el contexto hist\u00f3rico del libro de texto. Estar\u00e1 con el dibujo simult\u00e1neo de Kepa Etxeberria Lopez-Mendizabal.\n<\/p>\n<\/li>\n<li class=\"v-u__l\">\n<p class=\"v-p\">\nDe 12<br \/>\n00 a 13.30 horas. Mesa redonda bajo el t\u00edtulo &#8216;Mundua euskaratik lantzeko erronka gaur egun&#8217;, para tratar los nuevos objetivos a superar en la ense\u00f1anza en euskera.\n<\/p>\n<\/li>\n<li class=\"v-u__l\">\n<p class=\"v-p\">\nDe 13<br \/>\n30 a 14.00. Bertsos con Uxue Alberdi Estibaritz y Oihana Iguaran Barandiaran.\n<\/p>\n<\/li>\n<li class=\"v-u__l\">\n<p class=\"v-p\">\nA las 18<br \/>\n00 horas. Acto de aniversario del libro, en el Tinglado. Posteriormente, visita guiada gratuita por la Parte Vieja para descubrir el Renacimiento vasco.\n<\/p>\n<\/li>\n<li class=\"v-u__l\">\n<p class=\"v-p\">\nS\u00e1bado, d\u00eda 4\n<\/p>\n<\/li>\n<li class=\"v-u__l\">\n<p class=\"v-p\">\nDe 11<br \/>\n00 a 12.30. Desde la Plaza Nueva, recorrido guiado para conocer el Renacimiento vasco. Inscripciones en la web de Galtzaundi y en su sede.\n<\/p>\n<\/li>\n<\/ul>\n<p class=\"v-p\">El material did\u00e1ctico ten\u00eda un objetivo claro: ense\u00f1ar a los m\u00e1s peque\u00f1os a leer poniendo el foco en el mundo que les rodeaba, como es la familia, la naturaleza, los animales, el deporte, los recientes inventos \u2013se menciona la radio\u2013, la geograf\u00eda, la historia vasca, el cuerpo humano, las razas&#8230; Tambi\u00e9n transmit\u00eda valores igualitarios y cristianos, las tradiciones vascas y refranes, todo ello en m\u00e1s de 140 p\u00e1ginas a trav\u00e9s de historias, cuentos y poes\u00edas, amenos para que conocieran los peque\u00f1os. Se trata de un libro moderno para sus a\u00f1os, con una portada ilustrada, al igual que las im\u00e1genes de su interior, por el ingl\u00e9s Jon Zabalo &#8216;Txiki&#8217;, empleando el efecto droste \u2013un gui\u00f1o a la posibilidad de relectura\u2013, y trayendo a Euskal Herria la metodolog\u00eda de ense\u00f1anza que ya se aplicaba en Europa. <\/p>\n<p class=\"v-p\">Previamente, en 1923, Lopez-Mendizabal se hizo con el premio que Euskalerriaren Alde daba, de 500 pesetas, a los materiales en euskera presentados y seleccionados a su concurso anual. La peque\u00f1a enciclopedia colm\u00f3 las \u00abexpectativas\u00bb de los convocantes, gracias a que cuenta con un \u00abeuskera limpio y f\u00e1cil, muy propio para ni\u00f1os; gradaciones de materias y textos; fondo ameno y variado que hace el libro agradable e interesante, y en una palabra, esas condiciones especiales de divulgabilidad y de facilidad de comprensi\u00f3n que con requerir aparejada una gran sencillez de formas son, sin embargo, tan dif\u00edciles de realizar como de dejarlas definidas y determinadas en un informe\u00bb, describ\u00eda el jurado. <\/p>\n<p>Sost\u00e9n del euskera<\/p>\n<p class=\"v-p\">De esta manera, &#8216;Xabiertxo&#8217; fue fundamental para la educaci\u00f3n en las surgidas ikastolas en los a\u00f1os venideros, bajo la represi\u00f3n de la dictadura de Primo de Rivera, la negativa a la regularizaci\u00f3n del euskera en la Segunda Rep\u00fablica, y la total persecuci\u00f3n al idioma en la dictadura de Francisco Franco. Fue el gran aliado de las andere\u00f1os en las ikastolas clandestinas a partir de la Guerra Civil, adem\u00e1s de ser uno de los objetos preciados en el exilio, siendo el sost\u00e9n del euskera durante los siguientes a\u00f1os, public\u00e1ndose incluso una tercera edici\u00f3n en Argentina, gracias a su autor, en 1941. <\/p>\n<p class=\"v-p\">Ni siquiera la quema de los libros de la editorial de Ixaka Lopez Mendizabal en Plaza Zaharra, en agosto de 1936, lo detuvo como material para los siguientes escolares, que sigui\u00f3 edit\u00e1ndose en secreto hasta la d\u00e9cada de los sesenta. Con el regreso de la familia Lopez-Mendizabal Olano, en 1966, del exilio tras treinta a\u00f1os lejos de Euskadi, volvi\u00f3 a editarse al a\u00f1o siguiente, de la mano de Ixaka y Xabier, su hijo. En 1977 falleci\u00f3 el escritor del fenomenal libro, y dos a\u00f1os despu\u00e9s fue incluido en la Lista de Honor de libros infantiles de la Organizaci\u00f3n Internacional para el Libro Juvenil.<\/p>\n<p>Conmemoraci\u00f3n<\/p>\n<p class=\"v-p\">100 a\u00f1os han pasado de su primera edici\u00f3n, y el Ayuntamiento, Galtzaundi y la fundaci\u00f3n Jakin han organizado diferentes actos durante la pr\u00f3xima semana. El jueves habr\u00e1 una conferencia para conocer el contexto hist\u00f3rico de &#8216;Xabiertxo&#8217;, de la mano de Haritz Azurmendi, autor del estudio &#8216;Euskararen Historia Soziala Tolosaldean&#8217;, la historiadora Cira Crespo y el periodista e investigador Koldo Ordozgoiti. Estar\u00e1 amenizado con el dibujo simult\u00e1neo de Kepa Etxeberria Lopez-Mendizabal. Posteriormente habr\u00e1 una mesa redonda en el que se debatir\u00e1n los retos a los que se enfrenta la ense\u00f1anza en euskera, moderado por Ane Zuazubiskar, con Galder Gonzalez, del proyecto Ikusgela, Iratxe Retolaza, investigadora y experta en Curr\u00edculum Vasco, y Josune Zabala, directora del Instituto para el Aprendizaje del Euskera y de las Lenguas, como ponentes. Los actos de la ma\u00f1ana concluir\u00e1n con bertsos de Oihana Iguaran y Uxue Alberdi. Por la tarde, a las 18.00 en el Tinglado, se realizar\u00e1 el acto de conmemoraci\u00f3n del siglo de existencia del libro de texto.<\/p>\n<p class=\"v-p\">Tanto el jueves tras el acto como el s\u00e1bado se podr\u00e1 conocer el Renacimiento vasco en las calles de la Parte Vieja, con Haritz Azurmendi, autor del mencionado estudio, ejerciendo como gu\u00eda.<\/p>\n<p>Comenta<\/p>\n<p>Reporta un error<\/p>\n<p class=\"v-crt__t\"> L\u00edmite de sesiones alcanzadas<\/p>\n<p class=\"v-crt__p\">El acceso al contenido Premium est\u00e1 abierto por cortes\u00eda del establecimiento donde te encuentras, pero ahora mismo hay demasiados usuarios conectados a las vez.<\/p>\n<p class=\"v-crt__p\">Por favor, int\u00e9ntalo pasados unos minutos.<\/p>\n<p>\nVolver a intentar\n<\/p>\n<p class=\"v-crt__t\">Sesi\u00f3n cerrada<\/p>\n<p class=\"v-crt__p\">Al iniciar sesi\u00f3n desde un dispositivo distinto, por seguridad, se cerr\u00f3 la \u00faltima sesi\u00f3n en este.<\/p>\n<p class=\"v-crt__p\">Para continuar disfrutando de su suscripci\u00f3n digital, inicie sesi\u00f3n en este dispositivo.<\/p>\n<p>\nEste contenido es exclusivo para suscriptores\n<\/p>\n<p class=\"text\">\u00bfTienes una suscripci\u00f3n? <a href=\"https:\/\/secure.diariovasco.com\/identidad\/inicio#vca=suscribete&amp;vso=diariovasco&amp;vmc=on&amp;vli=cdn-ce-link-login\" class=\"login\" data-voc-vtm-id=\"comienzoSuscripcionON\" data-voc-vtm-info=\"cdn-ce-link-login\" rel=\"nofollow noopener\" target=\"_blank\">Inicia sesi\u00f3n<\/a><\/p>\n","protected":false},"excerpt":{"rendered":"S\u00e1bado, 27 de septiembre 2025, 20:16 | Actualizado 20:28h. Aunque la normalizaci\u00f3n del euskera da pasos firmes cada&hellip;\n","protected":false},"author":2,"featured_media":143614,"comment_status":"","ping_status":"","sticky":false,"template":"","format":"standard","meta":{"footnotes":""},"categories":[172],"tags":[224,44400,29386,146,147,25,24,44401,225,9218,23,44399],"class_list":{"0":"post-143613","1":"post","2":"type-post","3":"status-publish","4":"format-standard","5":"has-post-thumbnail","7":"category-libros","8":"tag-books","9":"tag-cimiento","10":"tag-ensenanza","11":"tag-entertainment","12":"tag-entretenimiento","13":"tag-es","14":"tag-espana","15":"tag-euskaldun","16":"tag-libros","17":"tag-siglo","18":"tag-spain","19":"tag-xabiertxo"},"share_on_mastodon":{"url":"","error":""},"_links":{"self":[{"href":"https:\/\/www.europesays.com\/es\/wp-json\/wp\/v2\/posts\/143613","targetHints":{"allow":["GET"]}}],"collection":[{"href":"https:\/\/www.europesays.com\/es\/wp-json\/wp\/v2\/posts"}],"about":[{"href":"https:\/\/www.europesays.com\/es\/wp-json\/wp\/v2\/types\/post"}],"author":[{"embeddable":true,"href":"https:\/\/www.europesays.com\/es\/wp-json\/wp\/v2\/users\/2"}],"replies":[{"embeddable":true,"href":"https:\/\/www.europesays.com\/es\/wp-json\/wp\/v2\/comments?post=143613"}],"version-history":[{"count":0,"href":"https:\/\/www.europesays.com\/es\/wp-json\/wp\/v2\/posts\/143613\/revisions"}],"wp:featuredmedia":[{"embeddable":true,"href":"https:\/\/www.europesays.com\/es\/wp-json\/wp\/v2\/media\/143614"}],"wp:attachment":[{"href":"https:\/\/www.europesays.com\/es\/wp-json\/wp\/v2\/media?parent=143613"}],"wp:term":[{"taxonomy":"category","embeddable":true,"href":"https:\/\/www.europesays.com\/es\/wp-json\/wp\/v2\/categories?post=143613"},{"taxonomy":"post_tag","embeddable":true,"href":"https:\/\/www.europesays.com\/es\/wp-json\/wp\/v2\/tags?post=143613"}],"curies":[{"name":"wp","href":"https:\/\/api.w.org\/{rel}","templated":true}]}}