{"id":143625,"date":"2025-09-28T05:41:06","date_gmt":"2025-09-28T05:41:06","guid":{"rendered":"https:\/\/www.europesays.com\/es\/143625\/"},"modified":"2025-09-28T05:41:06","modified_gmt":"2025-09-28T05:41:06","slug":"la-aemet-activa-la-alerta-naranja-en-varios-puntos-de-la-peninsula-debido-a-la-posibilidad-de-lluvias-intensas","status":"publish","type":"post","link":"https:\/\/www.europesays.com\/es\/143625\/","title":{"rendered":"La AEMET activa la alerta naranja en varios puntos de la pen\u00ednsula debido a la posibilidad de lluvias intensas"},"content":{"rendered":"<p data-gtm-element-container=\"modulo-texto-link\" class=\"paragraph\">La lluvia es un elemento importante para que haya vida en el planeta Tierra. El agua que cae del cielo permite que los cultivos se rieguen, muy necesario para que pueda salir la comida que luego nosotros consumimos.<\/p>\n<p data-gtm-element-container=\"modulo-texto-link\" class=\"paragraph\">Sin embargo, las precipitaciones tambi\u00e9n pueden convertirse en un arma muy peligrosa, especialmente con el cambio clim\u00e1tico. Ya nos hemos acostumbrado a las im\u00e1genes de r\u00edos desbordados y ciudades inundadas a causa de lluvias torrenciales.<\/p>\n<p data-gtm-element-container=\"modulo-texto-link\" class=\"paragraph\">La <a href=\"https:\/\/www.lavanguardia.com\/pop\/clic\/20250927\/11102497\/aemet-confirma-llegada-borrasca-peninsula-semana-dara-lugar-rachas-fuertes-viento-lluvias-pmv.html\" rel=\"nofollow noopener\" target=\"_blank\">Agencia Estatal de Meteorolog\u00eda (AEMET)<\/a> ha publicado en su cuenta de Twitter el pron\u00f3stico desde el domingo 28 de septiembre hasta el martes 30, lo cual abarca todo lo que queda de mes.\u00a0<\/p>\n<p data-gtm-element-container=\"modulo-texto-link\" class=\"paragraph\">La borrasca ex Gabrielle ha llegado a la pen\u00ednsula con lluvias en Galicia durante el s\u00e1bado 27 de septiembre. Esas precipitaciones se van a desplazar hacia el centro y el oeste de la pen\u00ednsula, obligando a activar la alerta amarilla y naranja en varios puntos.<\/p>\n<p>La Comunidad Valenciana, una de las que m\u00e1s se pueden ver afectadas por la lluvia<\/p>\n<p data-gtm-element-container=\"modulo-texto-link\" class=\"paragraph\">AEMET ha hecho especial \u00e9nfasis en la Comunidad Valenciana. La Agencia ha advertido que, en dicha zona, se podr\u00edan llegar a dar lluvias torrenciales que estar\u00edan entre los 200 y los 250 mm mientras dure la alerta.<\/p>\n","protected":false},"excerpt":{"rendered":"La lluvia es un elemento importante para que haya vida en el planeta Tierra. El agua que cae&hellip;\n","protected":false},"author":2,"featured_media":143626,"comment_status":"","ping_status":"","sticky":false,"template":"","format":"standard","meta":{"footnotes":""},"categories":[8],"tags":[17,18,25,24,13,14,11,19,20,9,10,15,16,23,12,21,22],"class_list":{"0":"post-143625","1":"post","2":"type-post","3":"status-publish","4":"format-standard","5":"has-post-thumbnail","7":"category-espana","8":"tag-breaking-news","9":"tag-breakingnews","10":"tag-es","11":"tag-espana","12":"tag-featured-news","13":"tag-featurednews","14":"tag-headlines","15":"tag-latest-news","16":"tag-latestnews","17":"tag-news","18":"tag-noticias","19":"tag-noticias-destacadas","20":"tag-noticiasdestacadas","21":"tag-spain","22":"tag-titulares","23":"tag-ultimas-noticias","24":"tag-ultimasnoticias"},"share_on_mastodon":{"url":"","error":""},"_links":{"self":[{"href":"https:\/\/www.europesays.com\/es\/wp-json\/wp\/v2\/posts\/143625","targetHints":{"allow":["GET"]}}],"collection":[{"href":"https:\/\/www.europesays.com\/es\/wp-json\/wp\/v2\/posts"}],"about":[{"href":"https:\/\/www.europesays.com\/es\/wp-json\/wp\/v2\/types\/post"}],"author":[{"embeddable":true,"href":"https:\/\/www.europesays.com\/es\/wp-json\/wp\/v2\/users\/2"}],"replies":[{"embeddable":true,"href":"https:\/\/www.europesays.com\/es\/wp-json\/wp\/v2\/comments?post=143625"}],"version-history":[{"count":0,"href":"https:\/\/www.europesays.com\/es\/wp-json\/wp\/v2\/posts\/143625\/revisions"}],"wp:featuredmedia":[{"embeddable":true,"href":"https:\/\/www.europesays.com\/es\/wp-json\/wp\/v2\/media\/143626"}],"wp:attachment":[{"href":"https:\/\/www.europesays.com\/es\/wp-json\/wp\/v2\/media?parent=143625"}],"wp:term":[{"taxonomy":"category","embeddable":true,"href":"https:\/\/www.europesays.com\/es\/wp-json\/wp\/v2\/categories?post=143625"},{"taxonomy":"post_tag","embeddable":true,"href":"https:\/\/www.europesays.com\/es\/wp-json\/wp\/v2\/tags?post=143625"}],"curies":[{"name":"wp","href":"https:\/\/api.w.org\/{rel}","templated":true}]}}