{"id":143637,"date":"2025-09-28T05:53:21","date_gmt":"2025-09-28T05:53:21","guid":{"rendered":"https:\/\/www.europesays.com\/es\/143637\/"},"modified":"2025-09-28T05:53:21","modified_gmt":"2025-09-28T05:53:21","slug":"analisis-de-rayos-x-revela-secreto-oculto-en-cuadro-de-rembrandt","status":"publish","type":"post","link":"https:\/\/www.europesays.com\/es\/143637\/","title":{"rendered":"An\u00e1lisis de rayos X revela secreto oculto en cuadro de Rembrandt"},"content":{"rendered":"<p class=\"mb-4 text-lg md:leading-8 break-words\">El perro que ladra en la pintura \u00abLa ronda de noche\u00bb (1642) no sali\u00f3 de la imaginaci\u00f3n de su pintor Rembrandt, sino de un dibujo de 1619 de Adriaen van de Venne, artista y poeta del Siglo de Oro neerland\u00e9s. El hallazgo, publicado hoy por el Rijksmuseum, revela c\u00f3mo el maestro se apoyaba en modelos existentes para construir su lienzo m\u00e1s famoso.<\/p>\n<p class=\"mb-4 text-lg md:leading-8 break-words\">La investigaci\u00f3n se enmarca en <a data-i13n=\"cpos:1;pos:1\" href=\"https:\/\/www.dw.com\/es\/restauran-los-bordes-perdidos-de-la-la-ronda-de-noche-de-rembrandt-mediante-inteligencia-artificial\/a-58052902\" rel=\"nofollow noopener\" target=\"_blank\" data-ylk=\"slk:la Operaci\u00f3n Ronda de Noche;cpos:1;pos:1;elm:context_link;itc:0;sec:content-canvas\" class=\"link \">la Operaci\u00f3n Ronda de Noche<\/a>, el mayor proyecto de estudio y conservaci\u00f3n realizado sobre esta obra del siglo XVII, y fue la curadora Anne Lenders, del Rijksmuseum de \u00c1msterdam, qui\u00e9n reconoci\u00f3 el origen del motivo casi por casualidad, durante una visita a una exposici\u00f3n sobre Van de Venne en otra pinacoteca neerlandesa.<\/p>\n<p class=\"mb-4 text-lg md:leading-8 break-words\">\u00abEstaba paseando por la sala y de pronto vi un perro en un dibujo de portada de libro. Inmediatamente pens\u00e9 en el de La ronda de noche. Era demasiado parecido\u00bb, explic\u00f3 Lenders en entrevista con EFE.<\/p>\n<p>La clave en un libro de poemas<\/p>\n<p class=\"mb-4 text-lg md:leading-8 break-words\">Seg\u00fan la experta, las \u00absimilitudes llamativas\u00bb &#8211; el giro de la cabeza hacia arriba, la l\u00ednea oscura que marca el ojo, el collar adornado con c\u00edrculos y un anillo frontal y la postura baja con el cuerpo en diagonal- \u00absolo pod\u00edan significar que Rembrandt us\u00f3 ese modelo como fuente\u00bb.<\/p>\n<p class=\"mb-4 text-lg md:leading-8 break-words\">Y ah\u00ed empez\u00f3 la duda cient\u00edfica: \u00abAl principio pens\u00e9 que deb\u00eda de ser una coincidencia, pero cuanto m\u00e1s lo miraba, m\u00e1s convencida estaba. Entonces hice la comparaci\u00f3n con el boceto subyacente del cuadro de Rembrandt (hecho con tiza) y all\u00ed las correspondencias eran todav\u00eda m\u00e1s claras\u00bb, explica.<\/p>\n<p class=\"mb-4 text-lg md:leading-8 break-words\">El dise\u00f1o original de Van de Venne fue creado para la portada del Self-stryt (Autoconflicto), un libro de emblemas del poeta y humorista neerland\u00e9s Jacob Cats en 1620 y muy popular en el siglo XVII, con decenas de ediciones. En la parte inferior de la portada, aparece un perro en actitud encogida, con la cabeza vuelta hacia arriba y un collar con c\u00edrculos y un anillo frontal: rasgos casi id\u00e9nticos a los del animal dibujado por Rembrandt.<\/p>\n<p><img alt=\"El cuadro &quot;La ronda de noche&quot; es estudiado minuciosamente, incluso con herramientas de inteligencia artificial, a fin de revelar todas sus claves.&lt;span class=&quot;copyright&quot;&gt;Peter Dejong\/AP\/picture alliance&lt;\/span&gt;\" loading=\"lazy\" width=\"960\" height=\"540\" decoding=\"async\" data-nimg=\"1\" class=\"rounded-lg\" style=\"color:transparent\" src=\"https:\/\/www.europesays.com\/es\/wp-content\/uploads\/2025\/09\/d3a9ca8f8cfab553fd6be2d970878e05.jpeg\"\/><\/p>\n<p>El cuadro \u00abLa ronda de noche\u00bb es estudiado minuciosamente, incluso con herramientas de inteligencia artificial, a fin de revelar todas sus claves.Peter Dejong\/AP\/picture alliance<\/p>\n<p class=\"mb-4 text-lg md:leading-8 break-words\">El an\u00e1lisis t\u00e9cnico con fluorescencia de rayos X macro (MA-XRF) confirm\u00f3 las sospechas de Lenders: en el boceto inicial de la Ronda de noche, el perro de Rembrandt se parec\u00eda a\u00fan m\u00e1s al modelo de Van de Venne, con la pata delantera m\u00e1s doblada y el pecho m\u00e1s bajo.<\/p>\n<p class=\"mb-4 text-lg md:leading-8 break-words\">Rembrandt, sin embargo, introdujo cambios significativos en su versi\u00f3n final. En el dibujo original, el perro est\u00e1 echado y tranquilo, mientras que en La ronda de noche el pintor lo puso sobre las cuatro patas, m\u00e1s alerta, para reaccionar al estruendo del tambor en medio de la m\u00edtica escena abarrotada de milicianos que dibuj\u00f3 Rembrandt (1606-1669).<\/p>\n<p><img alt=\"A photo shows the dog in Rembrandt's \" loading=\"lazy\" width=\"960\" height=\"644\" decoding=\"async\" data-nimg=\"1\" class=\"rounded-lg\" style=\"color:transparent\" src=\"https:\/\/www.europesays.com\/es\/wp-content\/uploads\/2025\/09\/4ab47100-98b4-11f0-be8d-147d13e16eda.jpeg\"\/><\/p>\n<p>Foto enfocada en el perro en el cuadro de Rembrandt. (Photo by RAMON VAN FLYMEN\/ANP\/AFP via Getty Images)<\/p>\n<p>El perro como elemento de la composici\u00f3n<\/p>\n<p class=\"mb-4 text-lg md:leading-8 break-words\">\u00abRembrandt buscaba dar tensi\u00f3n. Quer\u00eda que el espectador sintiera que el perro pod\u00eda salir corriendo en cualquier momento\u00bb, se\u00f1al\u00f3 la curadora, que subraya c\u00f3mo ese detalle contribuye a aumentar la emoci\u00f3n y el dramatismo de la composici\u00f3n.<\/p>\n<p class=\"mb-4 text-lg md:leading-8 break-words\">Este hallazgo encaja con su forma habitual de trabajar: el pintor pose\u00eda una extensa colecci\u00f3n de dibujos y grabados de otros artistas, que usaba como base para sus propias composiciones. En La ronda de noche ya se sab\u00eda que se inspir\u00f3 en grabados de Jacques de Gheyn para la postura de tres mosqueteros; y en sus cuadros sobre Jos\u00e9 y la esposa de Potifar hay paralelismos con escenas dise\u00f1adas por Van de Venne, lo que reforz\u00f3 la hip\u00f3tesis de que el artista conoc\u00eda su obra.<\/p>\n<p class=\"mb-4 text-lg md:leading-8 break-words\">Este caso demuestra que incluso un detalle aparentemente secundario, como un perro, puede ofrecer pistas sobre el modo de trabajar del maestro neerland\u00e9s. Lenders destac\u00f3 que \u00abporque la pintura es tan convincente, uno piensa que todo es original. No es as\u00ed. La originalidad est\u00e1 en c\u00f3mo Rembrandt lo integra en la composici\u00f3n\u00bb.<\/p>\n<p class=\"mb-4 text-lg md:leading-8 break-words\">Para el director del Rijksmuseum, Taco Dibbits, el descubrimiento es otra prueba de que la investigaci\u00f3n sigue arrojando sorpresas sobre una de las pinturas m\u00e1s estudiadas del mundo. \u00abCasi cuatro siglos despu\u00e9s, a\u00fan aprendemos cosas nuevas sobre c\u00f3mo Rembrandt cre\u00f3 esta obra maestra\u00bb, se\u00f1al\u00f3.<\/p>\n<p class=\"mb-4 text-lg md:leading-8 break-words\">La pintura de 337 kilos y cuatro siglos de vida, tambi\u00e9n conocida como La Guardia Nocturna, mide 379.5 cm de alto por 453.5 cm de ancho.<\/p>\n<p><a data-ylk=\"ct:story;elm:img;itc:0;\" class=\"stretched-box\" href=\"https:\/\/trib.al\/yG4LVEm\" rel=\"noopener noreferrer nofollow\" target=\"_blank\"><img alt=\"S\u00edguenos en nuestro canal de WhatsApp\" loading=\"lazy\" width=\"728\" height=\"90\" decoding=\"async\" data-nimg=\"1\" class=\"rounded-lg\" style=\"color:transparent\" src=\"https:\/\/www.europesays.com\/es\/wp-content\/uploads\/2025\/08\/1756428142_323_3d6447f0-3275-11f0-8ffa-1f5d930b0349.jpeg\"\/><\/a><\/p>\n<p>S\u00edguenos en nuestro canal de WhatsApp<\/p>\n","protected":false},"excerpt":{"rendered":"El perro que ladra en la pintura \u00abLa ronda de noche\u00bb (1642) no sali\u00f3 de la imaginaci\u00f3n de&hellip;\n","protected":false},"author":2,"featured_media":143638,"comment_status":"","ping_status":"","sticky":false,"template":"","format":"standard","meta":{"footnotes":""},"categories":[173],"tags":[44403,229,233,231,230,44405,232,234,146,147,25,24,44406,44404,32476,23],"class_list":{"0":"post-143637","1":"post","2":"type-post","3":"status-publish","4":"format-standard","5":"has-post-thumbnail","7":"category-arte-y-diseno","8":"tag-adriaen-van-de-venne","9":"tag-arte","10":"tag-arte-y-diseno","11":"tag-arts","12":"tag-arts-and-design","13":"tag-de-la","14":"tag-design","15":"tag-diseno","16":"tag-entertainment","17":"tag-entretenimiento","18":"tag-es","19":"tag-espana","20":"tag-la-ronda","21":"tag-rijksmuseum-de-amsterdam","22":"tag-siglo-de-oro","23":"tag-spain"},"share_on_mastodon":{"url":"","error":""},"_links":{"self":[{"href":"https:\/\/www.europesays.com\/es\/wp-json\/wp\/v2\/posts\/143637","targetHints":{"allow":["GET"]}}],"collection":[{"href":"https:\/\/www.europesays.com\/es\/wp-json\/wp\/v2\/posts"}],"about":[{"href":"https:\/\/www.europesays.com\/es\/wp-json\/wp\/v2\/types\/post"}],"author":[{"embeddable":true,"href":"https:\/\/www.europesays.com\/es\/wp-json\/wp\/v2\/users\/2"}],"replies":[{"embeddable":true,"href":"https:\/\/www.europesays.com\/es\/wp-json\/wp\/v2\/comments?post=143637"}],"version-history":[{"count":0,"href":"https:\/\/www.europesays.com\/es\/wp-json\/wp\/v2\/posts\/143637\/revisions"}],"wp:featuredmedia":[{"embeddable":true,"href":"https:\/\/www.europesays.com\/es\/wp-json\/wp\/v2\/media\/143638"}],"wp:attachment":[{"href":"https:\/\/www.europesays.com\/es\/wp-json\/wp\/v2\/media?parent=143637"}],"wp:term":[{"taxonomy":"category","embeddable":true,"href":"https:\/\/www.europesays.com\/es\/wp-json\/wp\/v2\/categories?post=143637"},{"taxonomy":"post_tag","embeddable":true,"href":"https:\/\/www.europesays.com\/es\/wp-json\/wp\/v2\/tags?post=143637"}],"curies":[{"name":"wp","href":"https:\/\/api.w.org\/{rel}","templated":true}]}}