{"id":14365,"date":"2025-07-30T16:42:07","date_gmt":"2025-07-30T16:42:07","guid":{"rendered":"https:\/\/www.europesays.com\/es\/14365\/"},"modified":"2025-07-30T16:42:07","modified_gmt":"2025-07-30T16:42:07","slug":"89-rarezas-salen-a-la-venta-las-sesiones-de-elvis-presley-en-sunset-boulevard","status":"publish","type":"post","link":"https:\/\/www.europesays.com\/es\/14365\/","title":{"rendered":"\u00ab89 rarezas\u00bb: salen a la venta las sesiones de Elvis Presley en Sunset Boulevard"},"content":{"rendered":"<p class=\"paragraph font__body-regular\"><a href=\"https:\/\/tn.com.ar\/musica\/noticias\/2025\/01\/08\/elvis-presley-a-90-anos-de-su-nacimiento-la-historia-desconocida-de-como-surgio-su-pasion-por-el-tango\/\" target=\"_self\" rel=\"nofollow noopener\" title=\"https:\/\/tn.com.ar\/musica\/noticias\/2025\/01\/08\/elvis-presley-a-90-anos-de-su-nacimiento-la-historia-desconocida-de-como-surgio-su-pasion-por-el-tango\/\">Elvis <\/a>marc\u00f3 una etapa importante de la industria musical. Es el rey del rock. Vendi\u00f3 cerca de <b>mil millones de discos <\/b>en todo el mundo y es considerado el artista con mayores ventas de todos los tiempos. En 2016, la revista Forbes lo ubic\u00f3 en el cuarto puesto de las celebridades fallecidas con mayores ingresos, con<b> 27 millones de d\u00f3lares.<\/b><\/p>\n<p class=\"paragraph font__body-regular\">Desde muy chico sinti\u00f3 una atracci\u00f3n fuerte por la m\u00fasica. Con los a\u00f1os, el cantante fue por m\u00e1s llegando a otros estilos, dejando de lado sus primeros d\u00edas de rockabilly. <\/p>\n<p class=\"paragraph font__body-regular\"><b>Le\u00e9 tambi\u00e9n<\/b>:<a href=\"https:\/\/tn.com.ar\/musica\/noticias\/2025\/01\/08\/elvis-presley-a-90-anos-de-su-nacimiento-la-historia-desconocida-de-como-surgio-su-pasion-por-el-tango\/\" target=\"_self\" rel=\"nofollow noopener\" title=\"https:\/\/tn.com.ar\/musica\/noticias\/2025\/01\/08\/elvis-presley-a-90-anos-de-su-nacimiento-la-historia-desconocida-de-como-surgio-su-pasion-por-el-tango\/\"> Elvis Presley y la historia desconocida de c\u00f3mo surgi\u00f3 su pasi\u00f3n por el tango<\/a><\/p>\n<p class=\"paragraph font__body-regular\">Una perla para los fan\u00e1ticos. Las sesiones de grabaci\u00f3n y los ensayos de Elvis en el hist\u00f3rico estudio Sunset Boulevar de RCA en Los \u00c1ngeles, entre 1970 y 1975, se publican este viernes 1 de agosto, en una colecci\u00f3n que incluye temas como \u2018<b>Always On My Mind\u2019<\/b> o \u2018<b>Burning Love\u2019.<\/b><\/p>\n<p class=\"paragraph font__body-regular\">Seg\u00fan inform\u00f3 un comunicado de prensa de su sello discogr\u00e1fico, se trata de un lanzamiento en tres formatos: \u2018<b>deluxe\u2019<\/b> con 5 CD, doble vinilo y digital. La primera de las ediciones traer\u00e1 \u201c<b>89 rarezas y nuevas mezclas<\/b>\u201d en 5 CD y en los dos primeros hay mezclas nunca escuchadas y sin \u2018overdubs\u2019, una grabaci\u00f3n de nuevas pistas de audio sobre registros preexistentes.<\/p>\n<p class=\"paragraph font__body-regular\">\u201cOfrecen una visi\u00f3n \u00edntima de c\u00f3mo la voz de Elvis interact\u00faa con el material de los mejores compositores de la \u00e9poca\u201d, destac\u00f3 el informe. Los otros tres discos <b>son grabaciones de los ensayos <\/b>para preparar la famosa<b> residencia de Presley en Las Vegas<\/b>, que comenz\u00f3 el 31 de julio de 1968 y dur\u00f3 siete a\u00f1os, hasta diciembre de 1976, con 636 conciertos en el International Hotel -ahora llamado Westgate- con todas las entradas agotadas.<\/p>\n<p><img decoding=\"async\" loading=\"lazy\" fetchpriority=\"low\" data-testid=\"loading-testid\" class=\"image content-image image_placeholder\" alt=\"Elvis actuando en el Madison Square Garden, en 1972 (Foto: AP\/George Kalinsky).\" width=\"767\" height=\"431\" src=\"https:\/\/www.europesays.com\/es\/wp-content\/uploads\/2025\/07\/elvis-actuando-en-el-madison-square-garden-en-1972-foto-apgeorge-kalinsky-Z5ADYLUIS6HDYCSE5E3QGYGRVY.jpeg\"\/><\/p>\n<p>Elvis actuando en el Madison Square Garden, en 1972 (Foto: AP\/George Kalinsky).<\/p>\n<p class=\"paragraph font__body-regular\">Son grabaciones de ensayos en el estudio de Los \u00c1ngeles, entre 1970 y 1974, con la TCB Band, que acompa\u00f1aba a Presley por aquellos a\u00f1os. Mientras, en la edici\u00f3n de doble vinilo hay una selecci\u00f3n de los principales temas.<\/p>\n<p class=\"paragraph font__body-regular\">En las tres ediciones se<b> incluyen fotograf\u00edas de archivo in\u00e9ditas y nuevas notas del historiador musical Colin Escott,<\/b> adem\u00e1s de una introducci\u00f3n de su amigo Jerry Schilling. Entre las canciones que se podr\u00e1n escuchar, tambi\u00e9n est\u00e1n \u2018T-R-O-U-B-L-E\u2019, \u2018Fool\u2019, \u2018And I Love you So\u2019, \u2018Separate Ways\u2019, \u2018It\u2019s a Matter of Time\u2019 o \u2018Just Pretend\u2019.<\/p>\n","protected":false},"excerpt":{"rendered":"Elvis marc\u00f3 una etapa importante de la industria musical. Es el rey del rock. Vendi\u00f3 cerca de mil&hellip;\n","protected":false},"author":2,"featured_media":14366,"comment_status":"","ping_status":"","sticky":false,"template":"","format":"standard","meta":{"footnotes":""},"categories":[170],"tags":[9657,146,147,25,24,184,185,23],"class_list":{"0":"post-14365","1":"post","2":"type-post","3":"status-publish","4":"format-standard","5":"has-post-thumbnail","7":"category-musica","8":"tag-elvis-presley","9":"tag-entertainment","10":"tag-entretenimiento","11":"tag-es","12":"tag-espana","13":"tag-music","14":"tag-musica","15":"tag-spain"},"share_on_mastodon":{"url":"","error":""},"_links":{"self":[{"href":"https:\/\/www.europesays.com\/es\/wp-json\/wp\/v2\/posts\/14365","targetHints":{"allow":["GET"]}}],"collection":[{"href":"https:\/\/www.europesays.com\/es\/wp-json\/wp\/v2\/posts"}],"about":[{"href":"https:\/\/www.europesays.com\/es\/wp-json\/wp\/v2\/types\/post"}],"author":[{"embeddable":true,"href":"https:\/\/www.europesays.com\/es\/wp-json\/wp\/v2\/users\/2"}],"replies":[{"embeddable":true,"href":"https:\/\/www.europesays.com\/es\/wp-json\/wp\/v2\/comments?post=14365"}],"version-history":[{"count":0,"href":"https:\/\/www.europesays.com\/es\/wp-json\/wp\/v2\/posts\/14365\/revisions"}],"wp:featuredmedia":[{"embeddable":true,"href":"https:\/\/www.europesays.com\/es\/wp-json\/wp\/v2\/media\/14366"}],"wp:attachment":[{"href":"https:\/\/www.europesays.com\/es\/wp-json\/wp\/v2\/media?parent=14365"}],"wp:term":[{"taxonomy":"category","embeddable":true,"href":"https:\/\/www.europesays.com\/es\/wp-json\/wp\/v2\/categories?post=14365"},{"taxonomy":"post_tag","embeddable":true,"href":"https:\/\/www.europesays.com\/es\/wp-json\/wp\/v2\/tags?post=14365"}],"curies":[{"name":"wp","href":"https:\/\/api.w.org\/{rel}","templated":true}]}}